{"id":10078,"date":"2018-10-03T12:31:10","date_gmt":"2018-10-03T11:31:10","guid":{"rendered":"https:\/\/ericbourdon.fr\/art\/?p=10078"},"modified":"2023-08-30T23:04:03","modified_gmt":"2023-08-30T22:04:03","slug":"galerie-provost-hacker-lille-eric-bourdon","status":"publish","type":"post","link":"https:\/\/ericbourdon.fr\/art\/2018\/10\/03\/galerie-provost-hacker-lille-eric-bourdon\/","title":{"rendered":"Galerie Provost-Hacker : la jeune sc\u00e8ne fran\u00e7aise \u00e0 Lille"},"content":{"rendered":"\n<p style=\"text-align: justify;\"><em>&nbsp;&nbsp;&nbsp;&nbsp;&nbsp;Pr\u00e9sentation de la galerie d&#8217;art &#8220;Provost-Hacker&#8221;, \u00e0 Lille, sur le blog d&#8217;<a href=\"https:\/\/ericbourdon.fr\/galerie-peintures-eric-bourdon-2.html\" target=\"_blank\" rel=\"noopener noreferrer\">Eric Bourdon<\/a>. Les informations seront mises \u00e0 jour par Eric Bourdon dans la mesure du possible, mais sans certitude. N&#8217;h\u00e9sitez donc pas \u00e0 consulter les liens fournis pour des infos actuelles (artistes expos\u00e9s, heures d&#8217;ouverture&#8230;) sur la galerie Provost-Hacker. Contactez Eric Bourdon par email ou postez un commentaire pour signaler une erreur, un changement, ou une nouveaut\u00e9&#8230; Mise \u00e0 jour : janv. 2020.<\/em><\/p>\n<p><img loading=\"lazy\" decoding=\"async\" class=\"aligncenter size-full wp-image-10079\" src=\"https:\/\/ericbourdon.fr\/art\/wp-content\/uploads\/2018\/10\/galerie-provost-hacker-lille-art-eric-bourdon.jpg\" alt=\"galerie provost-hacker lille art eric bourdon\" width=\"440\" height=\"330\" srcset=\"https:\/\/ericbourdon.fr\/art\/wp-content\/uploads\/2018\/10\/galerie-provost-hacker-lille-art-eric-bourdon.jpg 440w, https:\/\/ericbourdon.fr\/art\/wp-content\/uploads\/2018\/10\/galerie-provost-hacker-lille-art-eric-bourdon-150x113.jpg 150w, https:\/\/ericbourdon.fr\/art\/wp-content\/uploads\/2018\/10\/galerie-provost-hacker-lille-art-eric-bourdon-300x225.jpg 300w\" sizes=\"auto, (max-width: 440px) 100vw, 440px\" \/><\/p>\n<div style=\"text-align: center;\">&nbsp;<\/div>\n<p style=\"text-align: justify;\">&nbsp;&nbsp;&nbsp;&nbsp;&nbsp;Fond\u00e9e en 2010 \u00e0 Lille par Emmanuel Provost et Fran\u00e7ois Hacker, la <em>Galerie Provost-Hacker<\/em> pr\u00e9sente alternativement, sur 140 m2, des artistes nationaux et internationaux \u00e9mergents pour la plupart. Elle met surtout l&#8217;accent sur la jeune sc\u00e8ne fran\u00e7aise avec des expositions en solo des talents de la r\u00e9gion. La <em>Galerie Provost-Hacker<\/em> est le nouveau nom de la <a href=\"https:\/\/ericbourdon.fr\/art\/2017\/07\/26\/galerie-new-square-gallery\/\"><em>New Square Gallery<\/em><\/a>.<\/p>\n<p><!--more--><\/p>\n<div>&nbsp;<\/div>\n<p style=\"text-align: justify;\">&nbsp;&nbsp;&nbsp;&nbsp;&nbsp;La galerie lilloise <em>Provost-Hacker<\/em> est n\u00e9e&#8230;<\/p>\n<blockquote>\n<p>&#8230;de la rencontre et de l&#8217;amiti\u00e9 entre un collectionneur passionn\u00e9 d&#8217;art contemporain et un gestionnaire de patrimoine d\u00e9sireux depuis longtemps de diversifier ses activit\u00e9s en proposant une alternative de placement \u00e0 quelques uns de ses clients collectionneurs de surcroit. [&#8230;]<\/p>\n<p>Le but de la galerie Provost Hacker est de montrer \u00e0 un public averti des \u0153uvres nouvelles et fraiches. Mais aussi de sensibiliser un nouveau public qui n&#8217;ose pas entrer dans ce type d&#8217;endroit, et qui ne se sentirait pas concern\u00e9 par l&#8217;art actuel.<\/p>\n<\/blockquote>\n<p style=\"text-align: right;\">(Site web de la galerie <em>Provost-Hacker<\/em>)<\/p>\n<p style=\"text-align: right;\"><a href=\"https:\/\/www.galerie-provost-hacker.com\/\" target=\"_blank\" rel=\"noopener noreferrer\">www.galerie-provost-hacker.com<\/a><\/p>\n<p>&nbsp;<\/p>\n<p style=\"text-align: justify;\">&nbsp;&nbsp;&nbsp;&nbsp;&nbsp;Les artistes de la galerie : Micky Cl\u00e9ment, Adrien Belgrand, Ludo, B\u00e9chir Boussandel, Davide Monaldi, Justin Weiler, Jeanne Susplugas, Ga\u00ebl Davrinche, \u00c9leonore Deshayes, Gabriel Folli, S\u00e9bastien Hildebrand, Mathilde Claebots, Vincent Fournier&#8230; Mais aussi Speedy Graphito et JonOne. Ces deux derniers avaient particip\u00e9 \u00e0 la <a href=\"https:\/\/ericbourdon.fr\/art\/2017\/06\/04\/solid-art-expo-vente-solidaire-art-contemporain\/\">3\u00e8me \u00e9dition de Solid&#8217;Art<\/a> en 2017 \u00e0 Lille.<\/p>\n<p>&nbsp;<\/p>\n<p style=\"text-align: justify;\">&nbsp;&nbsp;&nbsp;&nbsp;&nbsp;Situ\u00e9e dans le Vieux-Lille au <a href=\"https:\/\/goo.gl\/maps\/dbEaMV8UtbT2\" target=\"_blank\" rel=\"noopener noreferrer\">40 rue Voltaire<\/a> et \u00e9galement, \u00e0 deux pas, au <a href=\"https:\/\/goo.gl\/maps\/4dvcUoGqLwDxbPoQA\" target=\"_blank\" rel=\"noopener noreferrer\">80 rue Royale<\/a>, la galerie d&#8217;art Provost-Hacker vous invite \u00e0 d\u00e9couvrir ses expositions d&#8217;\u0153uvres contemporaines. La galerie est ouverte du mardi au samedi de 10h \u00e0 12h et de 14h \u00e0 19h.<\/p>\n<p>&nbsp;<\/p>\n<p style=\"text-align: justify;\">&nbsp;&nbsp;&nbsp;&nbsp;&nbsp;Retrouvez la galerie Provost-Hacker sur <a href=\"https:\/\/www.facebook.com\/ProvostHacker\/\" target=\"_blank\" rel=\"noopener noreferrer\">Facebook<\/a>.<\/p>\n<p>&nbsp;<\/p>\n<p>&nbsp;<\/p>\n","protected":false},"excerpt":{"rendered":"<p>&nbsp;&nbsp;&nbsp;&nbsp;&nbsp;Pr\u00e9sentation de la galerie d&#8217;art &#8220;Provost-Hacker&#8221;, \u00e0 Lille, sur le blog d&#8217;Eric Bourdon. Les informations seront mises \u00e0 jour par Eric Bourdon dans la mesure du possible, mais sans certitude. N&#8217;h\u00e9sitez donc pas \u00e0 consulter les liens fournis pour des infos actuelles (artistes expos\u00e9s, heures d&#8217;ouverture&#8230;) sur la galerie Provost-Hacker. Contactez Eric Bourdon par email [&hellip;]<\/p>\n","protected":false},"author":67,"featured_media":0,"comment_status":"open","ping_status":"closed","sticky":false,"template":"","format":"standard","meta":{"footnotes":""},"categories":[273],"tags":[],"class_list":["post-10078","post","type-post","status-publish","format-standard","hentry","category-galeries-art-lille"],"yoast_head":"<!-- This site is optimized with the Yoast SEO plugin v27.4 - https:\/\/yoast.com\/product\/yoast-seo-wordpress\/ -->\n<title>Galerie Provost-Hacker : la jeune sc\u00e8ne fran\u00e7aise \u00e0 Lille | Eric Bourdon<\/title>\n<meta name=\"description\" content=\"La galerie Provost-Hacker, sur le blog d\u2019Eric Bourdon. \u00c0 Lille, la galerie expose, sur 140 m2, des artistes fran\u00e7ais contemporains \u00e9mergents.\" \/>\n<meta name=\"robots\" content=\"index, follow, max-snippet:-1, max-image-preview:large, max-video-preview:-1\" \/>\n<link rel=\"canonical\" href=\"https:\/\/ericbourdon.fr\/art\/2018\/10\/03\/galerie-provost-hacker-lille-eric-bourdon\/\" \/>\n<meta property=\"og:type\" content=\"article\" \/>\n<meta property=\"og:title\" content=\"Galerie Provost-Hacker : la jeune sc\u00e8ne fran\u00e7aise \u00e0 Lille | Eric Bourdon\" \/>\n<meta property=\"og:description\" content=\"La galerie Provost-Hacker, sur le blog d\u2019Eric Bourdon. \u00c0 Lille, la galerie expose, sur 140 m2, des artistes fran\u00e7ais contemporains \u00e9mergents.\" \/>\n<meta property=\"og:url\" content=\"https:\/\/ericbourdon.fr\/art\/2018\/10\/03\/galerie-provost-hacker-lille-eric-bourdon\/\" \/>\n<meta property=\"og:site_name\" content=\"Eric Bourdon, artiste peintre contemporain \u00e0 Lille | Blog\" \/>\n<meta property=\"article:publisher\" content=\"https:\/\/www.facebook.com\/ArtbyEricBourdon\/\" \/>\n<meta property=\"article:author\" content=\"https:\/\/www.facebook.com\/ArtbyEricBourdon\/\" \/>\n<meta property=\"article:published_time\" content=\"2018-10-03T11:31:10+00:00\" \/>\n<meta property=\"article:modified_time\" content=\"2023-08-30T22:04:03+00:00\" \/>\n<meta property=\"og:image\" content=\"https:\/\/ericbourdon.fr\/art\/wp-content\/uploads\/2018\/10\/galerie-provost-hacker-lille-art-eric-bourdon.jpg\" \/>\n<meta name=\"author\" content=\"Eric Bourdon\" \/>\n<meta name=\"twitter:label1\" content=\"Written by\" \/>\n\t<meta name=\"twitter:data1\" content=\"Eric Bourdon\" \/>\n\t<meta name=\"twitter:label2\" content=\"Est. reading time\" \/>\n\t<meta name=\"twitter:data2\" content=\"2 minutes\" \/>\n<script type=\"application\/ld+json\" class=\"yoast-schema-graph\">{\"@context\":\"https:\\\/\\\/schema.org\",\"@graph\":[{\"@type\":\"Article\",\"@id\":\"https:\\\/\\\/ericbourdon.fr\\\/art\\\/2018\\\/10\\\/03\\\/galerie-provost-hacker-lille-eric-bourdon\\\/#article\",\"isPartOf\":{\"@id\":\"https:\\\/\\\/ericbourdon.fr\\\/art\\\/2018\\\/10\\\/03\\\/galerie-provost-hacker-lille-eric-bourdon\\\/\"},\"author\":{\"name\":\"Eric Bourdon\",\"@id\":\"https:\\\/\\\/ericbourdon.fr\\\/art\\\/#\\\/schema\\\/person\\\/35997829794ccb4ff3a33684da4769f6\"},\"headline\":\"Galerie Provost-Hacker : la jeune sc\u00e8ne fran\u00e7aise \u00e0 Lille\",\"datePublished\":\"2018-10-03T11:31:10+00:00\",\"dateModified\":\"2023-08-30T22:04:03+00:00\",\"mainEntityOfPage\":{\"@id\":\"https:\\\/\\\/ericbourdon.fr\\\/art\\\/2018\\\/10\\\/03\\\/galerie-provost-hacker-lille-eric-bourdon\\\/\"},\"wordCount\":391,\"commentCount\":0,\"publisher\":{\"@id\":\"https:\\\/\\\/ericbourdon.fr\\\/art\\\/#\\\/schema\\\/person\\\/35997829794ccb4ff3a33684da4769f6\"},\"image\":{\"@id\":\"https:\\\/\\\/ericbourdon.fr\\\/art\\\/2018\\\/10\\\/03\\\/galerie-provost-hacker-lille-eric-bourdon\\\/#primaryimage\"},\"thumbnailUrl\":\"https:\\\/\\\/ericbourdon.fr\\\/art\\\/wp-content\\\/uploads\\\/2018\\\/10\\\/galerie-provost-hacker-lille-art-eric-bourdon.jpg\",\"articleSection\":[\"Galeries d\u2019art \u00e0 Lille\"],\"inLanguage\":\"fr\",\"potentialAction\":[{\"@type\":\"CommentAction\",\"name\":\"Comment\",\"target\":[\"https:\\\/\\\/ericbourdon.fr\\\/art\\\/2018\\\/10\\\/03\\\/galerie-provost-hacker-lille-eric-bourdon\\\/#respond\"]}]},{\"@type\":\"WebPage\",\"@id\":\"https:\\\/\\\/ericbourdon.fr\\\/art\\\/2018\\\/10\\\/03\\\/galerie-provost-hacker-lille-eric-bourdon\\\/\",\"url\":\"https:\\\/\\\/ericbourdon.fr\\\/art\\\/2018\\\/10\\\/03\\\/galerie-provost-hacker-lille-eric-bourdon\\\/\",\"name\":\"Galerie Provost-Hacker : la jeune sc\u00e8ne fran\u00e7aise \u00e0 Lille | Eric Bourdon\",\"isPartOf\":{\"@id\":\"https:\\\/\\\/ericbourdon.fr\\\/art\\\/#website\"},\"primaryImageOfPage\":{\"@id\":\"https:\\\/\\\/ericbourdon.fr\\\/art\\\/2018\\\/10\\\/03\\\/galerie-provost-hacker-lille-eric-bourdon\\\/#primaryimage\"},\"image\":{\"@id\":\"https:\\\/\\\/ericbourdon.fr\\\/art\\\/2018\\\/10\\\/03\\\/galerie-provost-hacker-lille-eric-bourdon\\\/#primaryimage\"},\"thumbnailUrl\":\"https:\\\/\\\/ericbourdon.fr\\\/art\\\/wp-content\\\/uploads\\\/2018\\\/10\\\/galerie-provost-hacker-lille-art-eric-bourdon.jpg\",\"datePublished\":\"2018-10-03T11:31:10+00:00\",\"dateModified\":\"2023-08-30T22:04:03+00:00\",\"description\":\"La galerie Provost-Hacker, sur le blog d\u2019Eric Bourdon. \u00c0 Lille, la galerie expose, sur 140 m2, des artistes fran\u00e7ais contemporains \u00e9mergents.\",\"breadcrumb\":{\"@id\":\"https:\\\/\\\/ericbourdon.fr\\\/art\\\/2018\\\/10\\\/03\\\/galerie-provost-hacker-lille-eric-bourdon\\\/#breadcrumb\"},\"inLanguage\":\"fr\",\"potentialAction\":[{\"@type\":\"ReadAction\",\"target\":[\"https:\\\/\\\/ericbourdon.fr\\\/art\\\/2018\\\/10\\\/03\\\/galerie-provost-hacker-lille-eric-bourdon\\\/\"]}]},{\"@type\":\"ImageObject\",\"inLanguage\":\"fr\",\"@id\":\"https:\\\/\\\/ericbourdon.fr\\\/art\\\/2018\\\/10\\\/03\\\/galerie-provost-hacker-lille-eric-bourdon\\\/#primaryimage\",\"url\":\"https:\\\/\\\/ericbourdon.fr\\\/art\\\/wp-content\\\/uploads\\\/2018\\\/10\\\/galerie-provost-hacker-lille-art-eric-bourdon.jpg\",\"contentUrl\":\"https:\\\/\\\/ericbourdon.fr\\\/art\\\/wp-content\\\/uploads\\\/2018\\\/10\\\/galerie-provost-hacker-lille-art-eric-bourdon.jpg\",\"width\":440,\"height\":330,\"caption\":\"galerie provost hacker lille art eric bourdon\"},{\"@type\":\"BreadcrumbList\",\"@id\":\"https:\\\/\\\/ericbourdon.fr\\\/art\\\/2018\\\/10\\\/03\\\/galerie-provost-hacker-lille-eric-bourdon\\\/#breadcrumb\",\"itemListElement\":[{\"@type\":\"ListItem\",\"position\":1,\"name\":\"Eric Bourdon\",\"item\":\"https:\\\/\\\/ericbourdon.fr\"},{\"@type\":\"ListItem\",\"position\":2,\"name\":\"Blog\",\"item\":\"https:\\\/\\\/ericbourdon.fr\\\/art\\\/\"},{\"@type\":\"ListItem\",\"position\":3,\"name\":\"Galeries d\u2019art \u00e0 Lille\",\"item\":\"https:\\\/\\\/ericbourdon.fr\\\/art\\\/categorie\\\/galeries-art-lille\\\/\"},{\"@type\":\"ListItem\",\"position\":4,\"name\":\"Galerie Provost-Hacker : la jeune sc\u00e8ne fran\u00e7aise \u00e0 Lille\"}]},{\"@type\":\"WebSite\",\"@id\":\"https:\\\/\\\/ericbourdon.fr\\\/art\\\/#website\",\"url\":\"https:\\\/\\\/ericbourdon.fr\\\/art\\\/\",\"name\":\"Eric Bourdon, artiste peintre contemporain \u00e0 Lille | Blog\",\"description\":\"Peinture, dessin, arts et artistes... Actualit\u00e9s des galeries d&#039;art et expositions...\",\"publisher\":{\"@id\":\"https:\\\/\\\/ericbourdon.fr\\\/art\\\/#\\\/schema\\\/person\\\/35997829794ccb4ff3a33684da4769f6\"},\"potentialAction\":[{\"@type\":\"SearchAction\",\"target\":{\"@type\":\"EntryPoint\",\"urlTemplate\":\"https:\\\/\\\/ericbourdon.fr\\\/art\\\/?s={search_term_string}\"},\"query-input\":{\"@type\":\"PropertyValueSpecification\",\"valueRequired\":true,\"valueName\":\"search_term_string\"}}],\"inLanguage\":\"fr\"},{\"@type\":[\"Person\",\"Organization\"],\"@id\":\"https:\\\/\\\/ericbourdon.fr\\\/art\\\/#\\\/schema\\\/person\\\/35997829794ccb4ff3a33684da4769f6\",\"name\":\"Eric Bourdon\",\"image\":{\"@type\":\"ImageObject\",\"inLanguage\":\"fr\",\"@id\":\"https:\\\/\\\/ericbourdon.fr\\\/art\\\/wp-content\\\/uploads\\\/2021\\\/05\\\/eric-bourdon-artiste-peintre-francais-contemporain-lille-france.jpg\",\"url\":\"https:\\\/\\\/ericbourdon.fr\\\/art\\\/wp-content\\\/uploads\\\/2021\\\/05\\\/eric-bourdon-artiste-peintre-francais-contemporain-lille-france.jpg\",\"contentUrl\":\"https:\\\/\\\/ericbourdon.fr\\\/art\\\/wp-content\\\/uploads\\\/2021\\\/05\\\/eric-bourdon-artiste-peintre-francais-contemporain-lille-france.jpg\",\"width\":220,\"height\":220,\"caption\":\"Eric Bourdon\"},\"logo\":{\"@id\":\"https:\\\/\\\/ericbourdon.fr\\\/art\\\/wp-content\\\/uploads\\\/2021\\\/05\\\/eric-bourdon-artiste-peintre-francais-contemporain-lille-france.jpg\"},\"sameAs\":[\"https:\\\/\\\/ericbourdon.fr\\\/\",\"https:\\\/\\\/www.facebook.com\\\/ArtbyEricBourdon\\\/\",\"https:\\\/\\\/www.instagram.com\\\/eric.bourdon.art\\\/\",\"https:\\\/\\\/fr.linkedin.com\\\/in\\\/eric-bourdon\\\/fr\",\"https:\\\/\\\/www.pinterest.fr\\\/EricBourdonArt\\\/\",\"https:\\\/\\\/en.wikipedia.org\\\/wiki\\\/\u00c9ric_Bourdon\"]}]}<\/script>\n<!-- \/ Yoast SEO plugin. -->","yoast_head_json":{"title":"Galerie Provost-Hacker : la jeune sc\u00e8ne fran\u00e7aise \u00e0 Lille | Eric Bourdon","description":"La galerie Provost-Hacker, sur le blog d\u2019Eric Bourdon. \u00c0 Lille, la galerie expose, sur 140 m2, des artistes fran\u00e7ais contemporains \u00e9mergents.","robots":{"index":"index","follow":"follow","max-snippet":"max-snippet:-1","max-image-preview":"max-image-preview:large","max-video-preview":"max-video-preview:-1"},"canonical":"https:\/\/ericbourdon.fr\/art\/2018\/10\/03\/galerie-provost-hacker-lille-eric-bourdon\/","og_type":"article","og_title":"Galerie Provost-Hacker : la jeune sc\u00e8ne fran\u00e7aise \u00e0 Lille | Eric Bourdon","og_description":"La galerie Provost-Hacker, sur le blog d\u2019Eric Bourdon. \u00c0 Lille, la galerie expose, sur 140 m2, des artistes fran\u00e7ais contemporains \u00e9mergents.","og_url":"https:\/\/ericbourdon.fr\/art\/2018\/10\/03\/galerie-provost-hacker-lille-eric-bourdon\/","og_site_name":"Eric Bourdon, artiste peintre contemporain \u00e0 Lille | Blog","article_publisher":"https:\/\/www.facebook.com\/ArtbyEricBourdon\/","article_author":"https:\/\/www.facebook.com\/ArtbyEricBourdon\/","article_published_time":"2018-10-03T11:31:10+00:00","article_modified_time":"2023-08-30T22:04:03+00:00","og_image":[{"url":"https:\/\/ericbourdon.fr\/art\/wp-content\/uploads\/2018\/10\/galerie-provost-hacker-lille-art-eric-bourdon.jpg","type":"","width":"","height":""}],"author":"Eric Bourdon","twitter_misc":{"Written by":"Eric Bourdon","Est. reading time":"2 minutes"},"schema":{"@context":"https:\/\/schema.org","@graph":[{"@type":"Article","@id":"https:\/\/ericbourdon.fr\/art\/2018\/10\/03\/galerie-provost-hacker-lille-eric-bourdon\/#article","isPartOf":{"@id":"https:\/\/ericbourdon.fr\/art\/2018\/10\/03\/galerie-provost-hacker-lille-eric-bourdon\/"},"author":{"name":"Eric Bourdon","@id":"https:\/\/ericbourdon.fr\/art\/#\/schema\/person\/35997829794ccb4ff3a33684da4769f6"},"headline":"Galerie Provost-Hacker : la jeune sc\u00e8ne fran\u00e7aise \u00e0 Lille","datePublished":"2018-10-03T11:31:10+00:00","dateModified":"2023-08-30T22:04:03+00:00","mainEntityOfPage":{"@id":"https:\/\/ericbourdon.fr\/art\/2018\/10\/03\/galerie-provost-hacker-lille-eric-bourdon\/"},"wordCount":391,"commentCount":0,"publisher":{"@id":"https:\/\/ericbourdon.fr\/art\/#\/schema\/person\/35997829794ccb4ff3a33684da4769f6"},"image":{"@id":"https:\/\/ericbourdon.fr\/art\/2018\/10\/03\/galerie-provost-hacker-lille-eric-bourdon\/#primaryimage"},"thumbnailUrl":"https:\/\/ericbourdon.fr\/art\/wp-content\/uploads\/2018\/10\/galerie-provost-hacker-lille-art-eric-bourdon.jpg","articleSection":["Galeries d\u2019art \u00e0 Lille"],"inLanguage":"fr","potentialAction":[{"@type":"CommentAction","name":"Comment","target":["https:\/\/ericbourdon.fr\/art\/2018\/10\/03\/galerie-provost-hacker-lille-eric-bourdon\/#respond"]}]},{"@type":"WebPage","@id":"https:\/\/ericbourdon.fr\/art\/2018\/10\/03\/galerie-provost-hacker-lille-eric-bourdon\/","url":"https:\/\/ericbourdon.fr\/art\/2018\/10\/03\/galerie-provost-hacker-lille-eric-bourdon\/","name":"Galerie Provost-Hacker : la jeune sc\u00e8ne fran\u00e7aise \u00e0 Lille | Eric Bourdon","isPartOf":{"@id":"https:\/\/ericbourdon.fr\/art\/#website"},"primaryImageOfPage":{"@id":"https:\/\/ericbourdon.fr\/art\/2018\/10\/03\/galerie-provost-hacker-lille-eric-bourdon\/#primaryimage"},"image":{"@id":"https:\/\/ericbourdon.fr\/art\/2018\/10\/03\/galerie-provost-hacker-lille-eric-bourdon\/#primaryimage"},"thumbnailUrl":"https:\/\/ericbourdon.fr\/art\/wp-content\/uploads\/2018\/10\/galerie-provost-hacker-lille-art-eric-bourdon.jpg","datePublished":"2018-10-03T11:31:10+00:00","dateModified":"2023-08-30T22:04:03+00:00","description":"La galerie Provost-Hacker, sur le blog d\u2019Eric Bourdon. \u00c0 Lille, la galerie expose, sur 140 m2, des artistes fran\u00e7ais contemporains \u00e9mergents.","breadcrumb":{"@id":"https:\/\/ericbourdon.fr\/art\/2018\/10\/03\/galerie-provost-hacker-lille-eric-bourdon\/#breadcrumb"},"inLanguage":"fr","potentialAction":[{"@type":"ReadAction","target":["https:\/\/ericbourdon.fr\/art\/2018\/10\/03\/galerie-provost-hacker-lille-eric-bourdon\/"]}]},{"@type":"ImageObject","inLanguage":"fr","@id":"https:\/\/ericbourdon.fr\/art\/2018\/10\/03\/galerie-provost-hacker-lille-eric-bourdon\/#primaryimage","url":"https:\/\/ericbourdon.fr\/art\/wp-content\/uploads\/2018\/10\/galerie-provost-hacker-lille-art-eric-bourdon.jpg","contentUrl":"https:\/\/ericbourdon.fr\/art\/wp-content\/uploads\/2018\/10\/galerie-provost-hacker-lille-art-eric-bourdon.jpg","width":440,"height":330,"caption":"galerie provost hacker lille art eric bourdon"},{"@type":"BreadcrumbList","@id":"https:\/\/ericbourdon.fr\/art\/2018\/10\/03\/galerie-provost-hacker-lille-eric-bourdon\/#breadcrumb","itemListElement":[{"@type":"ListItem","position":1,"name":"Eric Bourdon","item":"https:\/\/ericbourdon.fr"},{"@type":"ListItem","position":2,"name":"Blog","item":"https:\/\/ericbourdon.fr\/art\/"},{"@type":"ListItem","position":3,"name":"Galeries d\u2019art \u00e0 Lille","item":"https:\/\/ericbourdon.fr\/art\/categorie\/galeries-art-lille\/"},{"@type":"ListItem","position":4,"name":"Galerie Provost-Hacker : la jeune sc\u00e8ne fran\u00e7aise \u00e0 Lille"}]},{"@type":"WebSite","@id":"https:\/\/ericbourdon.fr\/art\/#website","url":"https:\/\/ericbourdon.fr\/art\/","name":"Eric Bourdon, artiste peintre contemporain \u00e0 Lille | Blog","description":"Peinture, dessin, arts et artistes... Actualit\u00e9s des galeries d&#039;art et expositions...","publisher":{"@id":"https:\/\/ericbourdon.fr\/art\/#\/schema\/person\/35997829794ccb4ff3a33684da4769f6"},"potentialAction":[{"@type":"SearchAction","target":{"@type":"EntryPoint","urlTemplate":"https:\/\/ericbourdon.fr\/art\/?s={search_term_string}"},"query-input":{"@type":"PropertyValueSpecification","valueRequired":true,"valueName":"search_term_string"}}],"inLanguage":"fr"},{"@type":["Person","Organization"],"@id":"https:\/\/ericbourdon.fr\/art\/#\/schema\/person\/35997829794ccb4ff3a33684da4769f6","name":"Eric Bourdon","image":{"@type":"ImageObject","inLanguage":"fr","@id":"https:\/\/ericbourdon.fr\/art\/wp-content\/uploads\/2021\/05\/eric-bourdon-artiste-peintre-francais-contemporain-lille-france.jpg","url":"https:\/\/ericbourdon.fr\/art\/wp-content\/uploads\/2021\/05\/eric-bourdon-artiste-peintre-francais-contemporain-lille-france.jpg","contentUrl":"https:\/\/ericbourdon.fr\/art\/wp-content\/uploads\/2021\/05\/eric-bourdon-artiste-peintre-francais-contemporain-lille-france.jpg","width":220,"height":220,"caption":"Eric Bourdon"},"logo":{"@id":"https:\/\/ericbourdon.fr\/art\/wp-content\/uploads\/2021\/05\/eric-bourdon-artiste-peintre-francais-contemporain-lille-france.jpg"},"sameAs":["https:\/\/ericbourdon.fr\/","https:\/\/www.facebook.com\/ArtbyEricBourdon\/","https:\/\/www.instagram.com\/eric.bourdon.art\/","https:\/\/fr.linkedin.com\/in\/eric-bourdon\/fr","https:\/\/www.pinterest.fr\/EricBourdonArt\/","https:\/\/en.wikipedia.org\/wiki\/\u00c9ric_Bourdon"]}]}},"_links":{"self":[{"href":"https:\/\/ericbourdon.fr\/art\/wp-json\/wp\/v2\/posts\/10078","targetHints":{"allow":["GET"]}}],"collection":[{"href":"https:\/\/ericbourdon.fr\/art\/wp-json\/wp\/v2\/posts"}],"about":[{"href":"https:\/\/ericbourdon.fr\/art\/wp-json\/wp\/v2\/types\/post"}],"author":[{"embeddable":true,"href":"https:\/\/ericbourdon.fr\/art\/wp-json\/wp\/v2\/users\/67"}],"replies":[{"embeddable":true,"href":"https:\/\/ericbourdon.fr\/art\/wp-json\/wp\/v2\/comments?post=10078"}],"version-history":[{"count":4,"href":"https:\/\/ericbourdon.fr\/art\/wp-json\/wp\/v2\/posts\/10078\/revisions"}],"predecessor-version":[{"id":14537,"href":"https:\/\/ericbourdon.fr\/art\/wp-json\/wp\/v2\/posts\/10078\/revisions\/14537"}],"wp:attachment":[{"href":"https:\/\/ericbourdon.fr\/art\/wp-json\/wp\/v2\/media?parent=10078"}],"wp:term":[{"taxonomy":"category","embeddable":true,"href":"https:\/\/ericbourdon.fr\/art\/wp-json\/wp\/v2\/categories?post=10078"},{"taxonomy":"post_tag","embeddable":true,"href":"https:\/\/ericbourdon.fr\/art\/wp-json\/wp\/v2\/tags?post=10078"}],"curies":[{"name":"wp","href":"https:\/\/api.w.org\/{rel}","templated":true}]}}