{"id":10718,"date":"2019-02-19T15:41:16","date_gmt":"2019-02-19T14:41:16","guid":{"rendered":"https:\/\/ericbourdon.fr\/art\/?p=10718"},"modified":"2019-11-21T14:06:41","modified_gmt":"2019-11-21T13:06:41","slug":"arras-exposition-galerie-hotel-guines-eric-bourdon","status":"publish","type":"post","link":"https:\/\/ericbourdon.fr\/art\/2019\/02\/19\/arras-exposition-galerie-hotel-guines-eric-bourdon\/","title":{"rendered":"Arras : Exposition \u00e0 la galerie de l&#8217;H\u00f4tel de Gu\u00eenes"},"content":{"rendered":"\n<p style=\"text-align:justify\">Mise \u00e0 jour : visiteurs du <strong>samedi 9 mars<\/strong>. Les artistes pouvant r\u00e9cup\u00e9rer leurs \u0153uvres &#8220;<em>\u00e0 partir de<\/em>&#8221; 14h, il est pr\u00e9f\u00e9rable de venir au vernissage \u00e0 11h pour profiter de l&#8217;exposition en entier, grignoter, assister au discours, au concours de peinture\u2026<\/p>\n\n\n\n<div class=\"wp-block-image\"><figure class=\"aligncenter\"><img loading=\"lazy\" decoding=\"async\" width=\"440\" height=\"524\" src=\"https:\/\/ericbourdon.fr\/art\/wp-content\/uploads\/2019\/02\/exposition-galerie-hotel-guines-arras-eric-bourdon.jpg\" alt=\"arras exposition galerie hotel guines eric bourdon\" class=\"wp-image-10719\" srcset=\"https:\/\/ericbourdon.fr\/art\/wp-content\/uploads\/2019\/02\/exposition-galerie-hotel-guines-arras-eric-bourdon.jpg 440w, https:\/\/ericbourdon.fr\/art\/wp-content\/uploads\/2019\/02\/exposition-galerie-hotel-guines-arras-eric-bourdon-126x150.jpg 126w, https:\/\/ericbourdon.fr\/art\/wp-content\/uploads\/2019\/02\/exposition-galerie-hotel-guines-arras-eric-bourdon-252x300.jpg 252w\" sizes=\"auto, (max-width: 440px) 100vw, 440px\" \/><\/figure><\/div>\n\n\n\n<p><\/p>\n\n\n\n<p style=\"text-align:justify\">&nbsp;&nbsp;&nbsp;&nbsp;&nbsp;L&#8217;exposition collective de peinture de la Soci\u00e9t\u00e9 des Rosati se tiendra \u00e0 Arras du 2 au 9 mars prochain. Elle aura lieu \u00e0 la galerie de l&#8217;H\u00f4tel de Gu\u00eenes, la toute nouvelle adresse de l&#8217;association po\u00e9tico-artistique des Rosati, que celle-ci partage avec l&#8217;Acad\u00e9mie d&#8217;Arras.<\/p>\n\n\n\n<p style=\"text-align:justify\">&nbsp;&nbsp;&nbsp;&nbsp;&nbsp;J&#8217;y pr\u00e9senterai <a rel=\"noreferrer noopener\" aria-label=\"&quot;Fleuriste \u00e0 Guernica&quot; (s\u2019ouvre dans un nouvel onglet)\" href=\"https:\/\/ericbourdon.fr\/art\/2016\/05\/09\/fleuriste-a-guernica\/\" target=\"_blank\">&#8220;Fleuriste \u00e0 Guernica&#8221;<\/a>, une peinture acrylique sur toile de lin, expos\u00e9e \u00e0 Paris au <a rel=\"noreferrer noopener\" aria-label=\" (s\u2019ouvre dans un nouvel onglet)\" href=\"https:\/\/ericbourdon.fr\/art\/2017\/12\/03\/exposition-2018-salon-artistes-francais\/\" target=\"_blank\">Salon des Artistes Fran\u00e7ais<\/a> en 2018.<\/p>\n\n\n\n<p style=\"text-align:justify\">&nbsp;&nbsp;&nbsp;&nbsp;&nbsp;La galerie de l&#8217;h\u00f4tel particulier du 18\u00e8me si\u00e8cle, r\u00e9sidence situ\u00e9e au <a href=\"https:\/\/goo.gl\/maps\/fyjtQJdx1Ln\" target=\"_blank\" rel=\"noreferrer noopener\" aria-label=\" (s\u2019ouvre dans un nouvel onglet)\">2 rue des Jongleurs<\/a> \u00e0 Arras, sera ouverte des samedi 2 au 9 mars de 14h \u00e0 18h. Le &#8216;vernissage&#8217; aura lieu le <em>dernier<\/em> jour, le 9 mars \u00e0 11h.<\/p>\n\n\n\n<p><\/p>\n\n\n\n<!--more-->\n\n\n\n<p><\/p>\n\n\n\n<h3 class=\"wp-block-heading\">Les ROSATI, soci\u00e9t\u00e9 anacr\u00e9ontique, bachique et litt\u00e9raire&#8230;<\/h3>\n\n\n\n<p style=\"text-align:justify\"><br>&nbsp;&nbsp;&nbsp;&nbsp;&nbsp;La&nbsp;Soci\u00e9t\u00e9 <em>anacr\u00e9ontique<\/em> (du nom du po\u00e8te lyrique grec Anacr\u00e9on) na\u00eet \u00e0 Arras le 12 juin 1778.<\/p>\n\n\n\n<p style=\"text-align:justify\">&nbsp;&nbsp;&nbsp;&nbsp;&nbsp;Sa naissance est d\u00e9crite dans une lettre (aux archives de l&#8217;Acad\u00e9mie d&#8217;Arras) de l&#8217;avocat Louis-Marie-Ferdinand Charamond, le plus jeune des neuf premiers Rosati, \u00e0 son cousin parisien l&#8217;Abb\u00e9 Menage&nbsp;:<\/p>\n\n\n\n<p class=\"has-text-align-center\"><em>Des jeunes gens r\u00e9unis par l&#8217;amiti\u00e9, par le go\u00fbt des vers, des roses et du vin, partirent un beau jour \u00e0 cinq heures du matin et se r\u00e9unirent dans un jardin bien fleuri, bien ombrag\u00e9, bien champ\u00eatre, sous un berceau de&nbsp;tro\u00ebne&nbsp;et d&#8217;acacia&nbsp;que r\u00e9fl\u00e9chissait le ruisseau le plus pur. Chacun lut sa pi\u00e8ce de vers analogue au local et aux myst\u00e8res qu&#8217;on devait y c\u00e9l\u00e9brer ; des bouteilles de vin de Champagne furent apport\u00e9es dans des raffra\u00eechissoirs de porcelaine, on emplit les verres.<\/em><\/p>\n\n\n\n<p class=\"has-text-align-center\"><em>Tout-\u00e0-coup, l&#8217;un des jeunes gens, fouillant dans ses grandes poches, en tira quelques centaines de roses fra\u00eechement cueillies. En un clin-d&#8217;\u0153il, tout fut empreint de leurs couleurs. Le berceau vert en fut lambriss\u00e9 et plafonn\u00e9 ; des roses effeuill\u00e9es rougirent la table, les bancs et le gazon. Le liseron qui rampait au bord de l&#8217;onde, fournit des couronnes o\u00f9 l&#8217;on fit serpenter la rose ; on but \u00e0 la reine des fleurs ; les im-promptu jaillirent avec la mousse du Chambertin ; et, dans un moment d&#8217;inspiration, l&#8217;un des plus aimables po\u00e8tes de la soci\u00e9t\u00e9 [Louis-Joseph Le Gay] s&#8217;\u00e9cria : &#8220;Amis&nbsp;! qu&#8217;un jour si beau (c&#8217;\u00e9tait le 12 juin 1778) renaisse tous les ans et qu&#8217;on l&#8217;appelle \u201cla f\u00eate des Roses\u201d !&#8221;<\/em><br><em>\u00c0 cette id\u00e9e, on bat des mains, on emplit les verres, on \u00e9panche quelques gouttes de Nectar sur les fleurs \u00e9parpill\u00e9es<\/em><br><em>et l&#8217;on trinque en disant :<\/em><\/p>\n\n\n\n<p class=\"has-text-align-center\"><em>&#8220;Profanes, loin d&#8217;ici ! cet asile est sacr\u00e9.&#8221;<\/em><\/p>\n\n\n\n<p><\/p>\n\n\n\n<p><\/p>\n\n\n\n<p><\/p>\n\n\n\n<p style=\"text-align:justify\">&nbsp;&nbsp;&nbsp;&nbsp;&nbsp;Aujourd&#8217;hui, la Soci\u00e9t\u00e9 des ROSATI (anagramme d&#8217;ARTOIS) est&#8230;<\/p>\n\n\n\n<blockquote class=\"wp-block-quote is-layout-flow wp-block-quote-is-layout-flow\"><p>&#8230;la soci\u00e9t\u00e9 litt\u00e9raire la plus ancienne de France&nbsp;; c\u2019est m\u00eame la derni\u00e8re soci\u00e9t\u00e9 litt\u00e9raire et bachique d\u2019Europe. Les Rosati mettent en valeur la culture r\u00e9gionale et assurent le maintien de la tradition du &#8220;gai savoir&#8221;. Ils pratiquent les rites d\u2019origine mais cherchent \u00e9galement de jeunes talents et organisent des conf\u00e9rences, expositions, f\u00eates et joutes po\u00e9tiques.<\/p><\/blockquote>\n\n\n\n<p style=\"text-align:justify\">&nbsp;&nbsp;&nbsp;&nbsp;&nbsp;Voir sur <a href=\"http:\/\/societedesrosati.free.fr\/spip.php?article20&amp;lang=fr\" target=\"_blank\" rel=\"noopener noreferrer\">cette page du site officiel<\/a> l&#8217;historique plus complet de la soci\u00e9t\u00e9.<\/p>\n\n\n\n<div style=\"text-align: right;\"><br><br><img loading=\"lazy\" decoding=\"async\" class=\"alignnone size-full wp-image-10750\" src=\"https:\/\/ericbourdon.fr\/art\/wp-content\/uploads\/2019\/02\/eric-bourdon-english.png\" alt=\"english eric bourdon\" width=\"18\" height=\"15\">&nbsp;&nbsp;&nbsp;<a href=\"https:\/\/ericbourdon.com\/news\/2019\/02\/19\/arras-exhibition-hotel-guines-gallery-eric-bourdon\/\" target=\"_blank\" rel=\"noopener noreferrer\">Arras : Exhibition at the H\u00f4tel de Gu\u00eenes&#8217; gallery<\/a><\/div><br><br>\n","protected":false},"excerpt":{"rendered":"<p>Mise \u00e0 jour : visiteurs du samedi 9 mars. Les artistes pouvant r\u00e9cup\u00e9rer leurs \u0153uvres &#8220;\u00e0 partir de&#8221; 14h, il est pr\u00e9f\u00e9rable de venir au vernissage \u00e0 11h pour profiter de l&#8217;exposition en entier, grignoter, assister au discours, au concours de peinture\u2026 &nbsp;&nbsp;&nbsp;&nbsp;&nbsp;L&#8217;exposition collective de peinture de la Soci\u00e9t\u00e9 des Rosati se tiendra \u00e0 Arras [&hellip;]<\/p>\n","protected":false},"author":67,"featured_media":0,"comment_status":"open","ping_status":"closed","sticky":false,"template":"","format":"standard","meta":{"footnotes":""},"categories":[124,18],"tags":[],"class_list":["post-10718","post","type-post","status-publish","format-standard","hentry","category-expositions","category-peinture"],"yoast_head":"<!-- This site is optimized with the Yoast SEO plugin v27.4 - https:\/\/yoast.com\/product\/yoast-seo-wordpress\/ -->\n<title>Arras : Exposition \u00e0 la galerie de l&#039;H\u00f4tel de Gu\u00eenes | Eric Bourdon<\/title>\n<meta name=\"description\" content=\"Exposition collective de peinture de la Soci\u00e9t\u00e9 des Rosati, \u00e0 Arras. Du 2 au 9 mars 2019, galerie de l&#039;H\u00f4tel de Gu\u00eenes. Avec Eric Bourdon...\" \/>\n<meta name=\"robots\" content=\"index, follow, max-snippet:-1, max-image-preview:large, max-video-preview:-1\" \/>\n<link rel=\"canonical\" href=\"https:\/\/ericbourdon.fr\/art\/2019\/02\/19\/arras-exposition-galerie-hotel-guines-eric-bourdon\/\" \/>\n<meta property=\"og:type\" content=\"article\" \/>\n<meta property=\"og:title\" content=\"Arras : Exposition \u00e0 la galerie de l&#039;H\u00f4tel de Gu\u00eenes | Eric Bourdon\" \/>\n<meta property=\"og:description\" content=\"Exposition collective de peinture de la Soci\u00e9t\u00e9 des Rosati, \u00e0 Arras. Du 2 au 9 mars 2019, galerie de l&#039;H\u00f4tel de Gu\u00eenes. Avec Eric Bourdon...\" \/>\n<meta property=\"og:url\" content=\"https:\/\/ericbourdon.fr\/art\/2019\/02\/19\/arras-exposition-galerie-hotel-guines-eric-bourdon\/\" \/>\n<meta property=\"og:site_name\" content=\"Eric Bourdon, artiste peintre contemporain \u00e0 Lille | Blog\" \/>\n<meta property=\"article:publisher\" content=\"https:\/\/www.facebook.com\/ArtbyEricBourdon\/\" \/>\n<meta property=\"article:author\" content=\"https:\/\/www.facebook.com\/ArtbyEricBourdon\/\" \/>\n<meta property=\"article:published_time\" content=\"2019-02-19T14:41:16+00:00\" \/>\n<meta property=\"article:modified_time\" content=\"2019-11-21T13:06:41+00:00\" \/>\n<meta property=\"og:image\" content=\"https:\/\/ericbourdon.fr\/art\/wp-content\/uploads\/2019\/02\/exposition-galerie-hotel-guines-arras-eric-bourdon.jpg\" \/>\n<meta name=\"author\" content=\"Eric Bourdon\" \/>\n<meta name=\"twitter:label1\" content=\"Written by\" \/>\n\t<meta name=\"twitter:data1\" content=\"Eric Bourdon\" \/>\n\t<meta name=\"twitter:label2\" content=\"Est. reading time\" \/>\n\t<meta name=\"twitter:data2\" content=\"3 minutes\" \/>\n<script type=\"application\/ld+json\" class=\"yoast-schema-graph\">{\"@context\":\"https:\\\/\\\/schema.org\",\"@graph\":[{\"@type\":\"Article\",\"@id\":\"https:\\\/\\\/ericbourdon.fr\\\/art\\\/2019\\\/02\\\/19\\\/arras-exposition-galerie-hotel-guines-eric-bourdon\\\/#article\",\"isPartOf\":{\"@id\":\"https:\\\/\\\/ericbourdon.fr\\\/art\\\/2019\\\/02\\\/19\\\/arras-exposition-galerie-hotel-guines-eric-bourdon\\\/\"},\"author\":{\"name\":\"Eric Bourdon\",\"@id\":\"https:\\\/\\\/ericbourdon.fr\\\/art\\\/#\\\/schema\\\/person\\\/35997829794ccb4ff3a33684da4769f6\"},\"headline\":\"Arras : Exposition \u00e0 la galerie de l&#8217;H\u00f4tel de Gu\u00eenes\",\"datePublished\":\"2019-02-19T14:41:16+00:00\",\"dateModified\":\"2019-11-21T13:06:41+00:00\",\"mainEntityOfPage\":{\"@id\":\"https:\\\/\\\/ericbourdon.fr\\\/art\\\/2019\\\/02\\\/19\\\/arras-exposition-galerie-hotel-guines-eric-bourdon\\\/\"},\"wordCount\":642,\"commentCount\":3,\"publisher\":{\"@id\":\"https:\\\/\\\/ericbourdon.fr\\\/art\\\/#\\\/schema\\\/person\\\/35997829794ccb4ff3a33684da4769f6\"},\"image\":{\"@id\":\"https:\\\/\\\/ericbourdon.fr\\\/art\\\/2019\\\/02\\\/19\\\/arras-exposition-galerie-hotel-guines-eric-bourdon\\\/#primaryimage\"},\"thumbnailUrl\":\"https:\\\/\\\/ericbourdon.fr\\\/art\\\/wp-content\\\/uploads\\\/2019\\\/02\\\/exposition-galerie-hotel-guines-arras-eric-bourdon.jpg\",\"articleSection\":[\"Expositions\",\"Peinture\"],\"inLanguage\":\"fr\",\"potentialAction\":[{\"@type\":\"CommentAction\",\"name\":\"Comment\",\"target\":[\"https:\\\/\\\/ericbourdon.fr\\\/art\\\/2019\\\/02\\\/19\\\/arras-exposition-galerie-hotel-guines-eric-bourdon\\\/#respond\"]}]},{\"@type\":\"WebPage\",\"@id\":\"https:\\\/\\\/ericbourdon.fr\\\/art\\\/2019\\\/02\\\/19\\\/arras-exposition-galerie-hotel-guines-eric-bourdon\\\/\",\"url\":\"https:\\\/\\\/ericbourdon.fr\\\/art\\\/2019\\\/02\\\/19\\\/arras-exposition-galerie-hotel-guines-eric-bourdon\\\/\",\"name\":\"Arras : Exposition \u00e0 la galerie de l'H\u00f4tel de Gu\u00eenes | Eric Bourdon\",\"isPartOf\":{\"@id\":\"https:\\\/\\\/ericbourdon.fr\\\/art\\\/#website\"},\"primaryImageOfPage\":{\"@id\":\"https:\\\/\\\/ericbourdon.fr\\\/art\\\/2019\\\/02\\\/19\\\/arras-exposition-galerie-hotel-guines-eric-bourdon\\\/#primaryimage\"},\"image\":{\"@id\":\"https:\\\/\\\/ericbourdon.fr\\\/art\\\/2019\\\/02\\\/19\\\/arras-exposition-galerie-hotel-guines-eric-bourdon\\\/#primaryimage\"},\"thumbnailUrl\":\"https:\\\/\\\/ericbourdon.fr\\\/art\\\/wp-content\\\/uploads\\\/2019\\\/02\\\/exposition-galerie-hotel-guines-arras-eric-bourdon.jpg\",\"datePublished\":\"2019-02-19T14:41:16+00:00\",\"dateModified\":\"2019-11-21T13:06:41+00:00\",\"description\":\"Exposition collective de peinture de la Soci\u00e9t\u00e9 des Rosati, \u00e0 Arras. Du 2 au 9 mars 2019, galerie de l'H\u00f4tel de Gu\u00eenes. Avec Eric Bourdon...\",\"breadcrumb\":{\"@id\":\"https:\\\/\\\/ericbourdon.fr\\\/art\\\/2019\\\/02\\\/19\\\/arras-exposition-galerie-hotel-guines-eric-bourdon\\\/#breadcrumb\"},\"inLanguage\":\"fr\",\"potentialAction\":[{\"@type\":\"ReadAction\",\"target\":[\"https:\\\/\\\/ericbourdon.fr\\\/art\\\/2019\\\/02\\\/19\\\/arras-exposition-galerie-hotel-guines-eric-bourdon\\\/\"]}]},{\"@type\":\"ImageObject\",\"inLanguage\":\"fr\",\"@id\":\"https:\\\/\\\/ericbourdon.fr\\\/art\\\/2019\\\/02\\\/19\\\/arras-exposition-galerie-hotel-guines-eric-bourdon\\\/#primaryimage\",\"url\":\"https:\\\/\\\/ericbourdon.fr\\\/art\\\/wp-content\\\/uploads\\\/2019\\\/02\\\/exposition-galerie-hotel-guines-arras-eric-bourdon.jpg\",\"contentUrl\":\"https:\\\/\\\/ericbourdon.fr\\\/art\\\/wp-content\\\/uploads\\\/2019\\\/02\\\/exposition-galerie-hotel-guines-arras-eric-bourdon.jpg\",\"width\":440,\"height\":524,\"caption\":\"arras exposition galerie hotel guines eric bourdon\"},{\"@type\":\"BreadcrumbList\",\"@id\":\"https:\\\/\\\/ericbourdon.fr\\\/art\\\/2019\\\/02\\\/19\\\/arras-exposition-galerie-hotel-guines-eric-bourdon\\\/#breadcrumb\",\"itemListElement\":[{\"@type\":\"ListItem\",\"position\":1,\"name\":\"Eric Bourdon\",\"item\":\"https:\\\/\\\/ericbourdon.fr\"},{\"@type\":\"ListItem\",\"position\":2,\"name\":\"Blog\",\"item\":\"https:\\\/\\\/ericbourdon.fr\\\/art\\\/\"},{\"@type\":\"ListItem\",\"position\":3,\"name\":\"Expositions\",\"item\":\"https:\\\/\\\/ericbourdon.fr\\\/art\\\/categorie\\\/expositions\\\/\"},{\"@type\":\"ListItem\",\"position\":4,\"name\":\"Arras : Exposition \u00e0 la galerie de l&rsquo;H\u00f4tel de Gu\u00eenes\"}]},{\"@type\":\"WebSite\",\"@id\":\"https:\\\/\\\/ericbourdon.fr\\\/art\\\/#website\",\"url\":\"https:\\\/\\\/ericbourdon.fr\\\/art\\\/\",\"name\":\"Eric Bourdon, artiste peintre contemporain \u00e0 Lille | Blog\",\"description\":\"Peinture, dessin, arts et artistes... Actualit\u00e9s des galeries d&#039;art et expositions...\",\"publisher\":{\"@id\":\"https:\\\/\\\/ericbourdon.fr\\\/art\\\/#\\\/schema\\\/person\\\/35997829794ccb4ff3a33684da4769f6\"},\"potentialAction\":[{\"@type\":\"SearchAction\",\"target\":{\"@type\":\"EntryPoint\",\"urlTemplate\":\"https:\\\/\\\/ericbourdon.fr\\\/art\\\/?s={search_term_string}\"},\"query-input\":{\"@type\":\"PropertyValueSpecification\",\"valueRequired\":true,\"valueName\":\"search_term_string\"}}],\"inLanguage\":\"fr\"},{\"@type\":[\"Person\",\"Organization\"],\"@id\":\"https:\\\/\\\/ericbourdon.fr\\\/art\\\/#\\\/schema\\\/person\\\/35997829794ccb4ff3a33684da4769f6\",\"name\":\"Eric Bourdon\",\"image\":{\"@type\":\"ImageObject\",\"inLanguage\":\"fr\",\"@id\":\"https:\\\/\\\/ericbourdon.fr\\\/art\\\/wp-content\\\/uploads\\\/2021\\\/05\\\/eric-bourdon-artiste-peintre-francais-contemporain-lille-france.jpg\",\"url\":\"https:\\\/\\\/ericbourdon.fr\\\/art\\\/wp-content\\\/uploads\\\/2021\\\/05\\\/eric-bourdon-artiste-peintre-francais-contemporain-lille-france.jpg\",\"contentUrl\":\"https:\\\/\\\/ericbourdon.fr\\\/art\\\/wp-content\\\/uploads\\\/2021\\\/05\\\/eric-bourdon-artiste-peintre-francais-contemporain-lille-france.jpg\",\"width\":220,\"height\":220,\"caption\":\"Eric Bourdon\"},\"logo\":{\"@id\":\"https:\\\/\\\/ericbourdon.fr\\\/art\\\/wp-content\\\/uploads\\\/2021\\\/05\\\/eric-bourdon-artiste-peintre-francais-contemporain-lille-france.jpg\"},\"sameAs\":[\"https:\\\/\\\/ericbourdon.fr\\\/\",\"https:\\\/\\\/www.facebook.com\\\/ArtbyEricBourdon\\\/\",\"https:\\\/\\\/www.instagram.com\\\/eric.bourdon.art\\\/\",\"https:\\\/\\\/fr.linkedin.com\\\/in\\\/eric-bourdon\\\/fr\",\"https:\\\/\\\/www.pinterest.fr\\\/EricBourdonArt\\\/\",\"https:\\\/\\\/en.wikipedia.org\\\/wiki\\\/\u00c9ric_Bourdon\"]}]}<\/script>\n<!-- \/ Yoast SEO plugin. -->","yoast_head_json":{"title":"Arras : Exposition \u00e0 la galerie de l'H\u00f4tel de Gu\u00eenes | Eric Bourdon","description":"Exposition collective de peinture de la Soci\u00e9t\u00e9 des Rosati, \u00e0 Arras. Du 2 au 9 mars 2019, galerie de l'H\u00f4tel de Gu\u00eenes. Avec Eric Bourdon...","robots":{"index":"index","follow":"follow","max-snippet":"max-snippet:-1","max-image-preview":"max-image-preview:large","max-video-preview":"max-video-preview:-1"},"canonical":"https:\/\/ericbourdon.fr\/art\/2019\/02\/19\/arras-exposition-galerie-hotel-guines-eric-bourdon\/","og_type":"article","og_title":"Arras : Exposition \u00e0 la galerie de l'H\u00f4tel de Gu\u00eenes | Eric Bourdon","og_description":"Exposition collective de peinture de la Soci\u00e9t\u00e9 des Rosati, \u00e0 Arras. Du 2 au 9 mars 2019, galerie de l'H\u00f4tel de Gu\u00eenes. Avec Eric Bourdon...","og_url":"https:\/\/ericbourdon.fr\/art\/2019\/02\/19\/arras-exposition-galerie-hotel-guines-eric-bourdon\/","og_site_name":"Eric Bourdon, artiste peintre contemporain \u00e0 Lille | Blog","article_publisher":"https:\/\/www.facebook.com\/ArtbyEricBourdon\/","article_author":"https:\/\/www.facebook.com\/ArtbyEricBourdon\/","article_published_time":"2019-02-19T14:41:16+00:00","article_modified_time":"2019-11-21T13:06:41+00:00","og_image":[{"url":"https:\/\/ericbourdon.fr\/art\/wp-content\/uploads\/2019\/02\/exposition-galerie-hotel-guines-arras-eric-bourdon.jpg","type":"","width":"","height":""}],"author":"Eric Bourdon","twitter_misc":{"Written by":"Eric Bourdon","Est. reading time":"3 minutes"},"schema":{"@context":"https:\/\/schema.org","@graph":[{"@type":"Article","@id":"https:\/\/ericbourdon.fr\/art\/2019\/02\/19\/arras-exposition-galerie-hotel-guines-eric-bourdon\/#article","isPartOf":{"@id":"https:\/\/ericbourdon.fr\/art\/2019\/02\/19\/arras-exposition-galerie-hotel-guines-eric-bourdon\/"},"author":{"name":"Eric Bourdon","@id":"https:\/\/ericbourdon.fr\/art\/#\/schema\/person\/35997829794ccb4ff3a33684da4769f6"},"headline":"Arras : Exposition \u00e0 la galerie de l&#8217;H\u00f4tel de Gu\u00eenes","datePublished":"2019-02-19T14:41:16+00:00","dateModified":"2019-11-21T13:06:41+00:00","mainEntityOfPage":{"@id":"https:\/\/ericbourdon.fr\/art\/2019\/02\/19\/arras-exposition-galerie-hotel-guines-eric-bourdon\/"},"wordCount":642,"commentCount":3,"publisher":{"@id":"https:\/\/ericbourdon.fr\/art\/#\/schema\/person\/35997829794ccb4ff3a33684da4769f6"},"image":{"@id":"https:\/\/ericbourdon.fr\/art\/2019\/02\/19\/arras-exposition-galerie-hotel-guines-eric-bourdon\/#primaryimage"},"thumbnailUrl":"https:\/\/ericbourdon.fr\/art\/wp-content\/uploads\/2019\/02\/exposition-galerie-hotel-guines-arras-eric-bourdon.jpg","articleSection":["Expositions","Peinture"],"inLanguage":"fr","potentialAction":[{"@type":"CommentAction","name":"Comment","target":["https:\/\/ericbourdon.fr\/art\/2019\/02\/19\/arras-exposition-galerie-hotel-guines-eric-bourdon\/#respond"]}]},{"@type":"WebPage","@id":"https:\/\/ericbourdon.fr\/art\/2019\/02\/19\/arras-exposition-galerie-hotel-guines-eric-bourdon\/","url":"https:\/\/ericbourdon.fr\/art\/2019\/02\/19\/arras-exposition-galerie-hotel-guines-eric-bourdon\/","name":"Arras : Exposition \u00e0 la galerie de l'H\u00f4tel de Gu\u00eenes | Eric Bourdon","isPartOf":{"@id":"https:\/\/ericbourdon.fr\/art\/#website"},"primaryImageOfPage":{"@id":"https:\/\/ericbourdon.fr\/art\/2019\/02\/19\/arras-exposition-galerie-hotel-guines-eric-bourdon\/#primaryimage"},"image":{"@id":"https:\/\/ericbourdon.fr\/art\/2019\/02\/19\/arras-exposition-galerie-hotel-guines-eric-bourdon\/#primaryimage"},"thumbnailUrl":"https:\/\/ericbourdon.fr\/art\/wp-content\/uploads\/2019\/02\/exposition-galerie-hotel-guines-arras-eric-bourdon.jpg","datePublished":"2019-02-19T14:41:16+00:00","dateModified":"2019-11-21T13:06:41+00:00","description":"Exposition collective de peinture de la Soci\u00e9t\u00e9 des Rosati, \u00e0 Arras. Du 2 au 9 mars 2019, galerie de l'H\u00f4tel de Gu\u00eenes. Avec Eric Bourdon...","breadcrumb":{"@id":"https:\/\/ericbourdon.fr\/art\/2019\/02\/19\/arras-exposition-galerie-hotel-guines-eric-bourdon\/#breadcrumb"},"inLanguage":"fr","potentialAction":[{"@type":"ReadAction","target":["https:\/\/ericbourdon.fr\/art\/2019\/02\/19\/arras-exposition-galerie-hotel-guines-eric-bourdon\/"]}]},{"@type":"ImageObject","inLanguage":"fr","@id":"https:\/\/ericbourdon.fr\/art\/2019\/02\/19\/arras-exposition-galerie-hotel-guines-eric-bourdon\/#primaryimage","url":"https:\/\/ericbourdon.fr\/art\/wp-content\/uploads\/2019\/02\/exposition-galerie-hotel-guines-arras-eric-bourdon.jpg","contentUrl":"https:\/\/ericbourdon.fr\/art\/wp-content\/uploads\/2019\/02\/exposition-galerie-hotel-guines-arras-eric-bourdon.jpg","width":440,"height":524,"caption":"arras exposition galerie hotel guines eric bourdon"},{"@type":"BreadcrumbList","@id":"https:\/\/ericbourdon.fr\/art\/2019\/02\/19\/arras-exposition-galerie-hotel-guines-eric-bourdon\/#breadcrumb","itemListElement":[{"@type":"ListItem","position":1,"name":"Eric Bourdon","item":"https:\/\/ericbourdon.fr"},{"@type":"ListItem","position":2,"name":"Blog","item":"https:\/\/ericbourdon.fr\/art\/"},{"@type":"ListItem","position":3,"name":"Expositions","item":"https:\/\/ericbourdon.fr\/art\/categorie\/expositions\/"},{"@type":"ListItem","position":4,"name":"Arras : Exposition \u00e0 la galerie de l&rsquo;H\u00f4tel de Gu\u00eenes"}]},{"@type":"WebSite","@id":"https:\/\/ericbourdon.fr\/art\/#website","url":"https:\/\/ericbourdon.fr\/art\/","name":"Eric Bourdon, artiste peintre contemporain \u00e0 Lille | Blog","description":"Peinture, dessin, arts et artistes... Actualit\u00e9s des galeries d&#039;art et expositions...","publisher":{"@id":"https:\/\/ericbourdon.fr\/art\/#\/schema\/person\/35997829794ccb4ff3a33684da4769f6"},"potentialAction":[{"@type":"SearchAction","target":{"@type":"EntryPoint","urlTemplate":"https:\/\/ericbourdon.fr\/art\/?s={search_term_string}"},"query-input":{"@type":"PropertyValueSpecification","valueRequired":true,"valueName":"search_term_string"}}],"inLanguage":"fr"},{"@type":["Person","Organization"],"@id":"https:\/\/ericbourdon.fr\/art\/#\/schema\/person\/35997829794ccb4ff3a33684da4769f6","name":"Eric Bourdon","image":{"@type":"ImageObject","inLanguage":"fr","@id":"https:\/\/ericbourdon.fr\/art\/wp-content\/uploads\/2021\/05\/eric-bourdon-artiste-peintre-francais-contemporain-lille-france.jpg","url":"https:\/\/ericbourdon.fr\/art\/wp-content\/uploads\/2021\/05\/eric-bourdon-artiste-peintre-francais-contemporain-lille-france.jpg","contentUrl":"https:\/\/ericbourdon.fr\/art\/wp-content\/uploads\/2021\/05\/eric-bourdon-artiste-peintre-francais-contemporain-lille-france.jpg","width":220,"height":220,"caption":"Eric Bourdon"},"logo":{"@id":"https:\/\/ericbourdon.fr\/art\/wp-content\/uploads\/2021\/05\/eric-bourdon-artiste-peintre-francais-contemporain-lille-france.jpg"},"sameAs":["https:\/\/ericbourdon.fr\/","https:\/\/www.facebook.com\/ArtbyEricBourdon\/","https:\/\/www.instagram.com\/eric.bourdon.art\/","https:\/\/fr.linkedin.com\/in\/eric-bourdon\/fr","https:\/\/www.pinterest.fr\/EricBourdonArt\/","https:\/\/en.wikipedia.org\/wiki\/\u00c9ric_Bourdon"]}]}},"_links":{"self":[{"href":"https:\/\/ericbourdon.fr\/art\/wp-json\/wp\/v2\/posts\/10718","targetHints":{"allow":["GET"]}}],"collection":[{"href":"https:\/\/ericbourdon.fr\/art\/wp-json\/wp\/v2\/posts"}],"about":[{"href":"https:\/\/ericbourdon.fr\/art\/wp-json\/wp\/v2\/types\/post"}],"author":[{"embeddable":true,"href":"https:\/\/ericbourdon.fr\/art\/wp-json\/wp\/v2\/users\/67"}],"replies":[{"embeddable":true,"href":"https:\/\/ericbourdon.fr\/art\/wp-json\/wp\/v2\/comments?post=10718"}],"version-history":[{"count":0,"href":"https:\/\/ericbourdon.fr\/art\/wp-json\/wp\/v2\/posts\/10718\/revisions"}],"wp:attachment":[{"href":"https:\/\/ericbourdon.fr\/art\/wp-json\/wp\/v2\/media?parent=10718"}],"wp:term":[{"taxonomy":"category","embeddable":true,"href":"https:\/\/ericbourdon.fr\/art\/wp-json\/wp\/v2\/categories?post=10718"},{"taxonomy":"post_tag","embeddable":true,"href":"https:\/\/ericbourdon.fr\/art\/wp-json\/wp\/v2\/tags?post=10718"}],"curies":[{"name":"wp","href":"https:\/\/api.w.org\/{rel}","templated":true}]}}