{"id":12787,"date":"2020-08-21T16:54:39","date_gmt":"2020-08-21T15:54:39","guid":{"rendered":"https:\/\/ericbourdon.fr\/art\/?p=12787"},"modified":"2022-09-11T15:14:39","modified_gmt":"2022-09-11T14:14:39","slug":"front-populaire-magazine-pop-michel-onfray-eric-bourdon","status":"publish","type":"post","link":"https:\/\/ericbourdon.fr\/art\/2020\/08\/21\/front-populaire-magazine-pop-michel-onfray-eric-bourdon\/","title":{"rendered":"Front Populaire, magazine pop de Michel Onfray"},"content":{"rendered":"\n<p style=\"text-align:justify\"><em>Apr\u00e8s &#8220;30 Millions d&#8217;Amis&#8221;, &#8220;Front Populaire&#8221; de Michel Onfray, le magazine des riches amis du peuple&nbsp;! Ou la r\u00e9volution t\u00e9l\u00e9command\u00e9e&#8230;<\/em><\/p>\n\n\n\n<div style=\"text-align:center\"><a href=\"https:\/\/ericbourdon.fr\/art\/wp-content\/uploads\/2020\/08\/front-populaire-magazine-classe-pop-michel-onfray-eric-bourdon-750.jpg\" target=\"_blank\" rel=\"noopener noreferrer\"><img loading=\"lazy\" decoding=\"async\" width=\"440\" height=\"319\" src=\"https:\/\/ericbourdon.fr\/art\/wp-content\/uploads\/2020\/08\/front-populaire-magazine-classe-pop-michel-onfray-eric-bourdon-440.jpg\" alt=\"Front Populaire, magazine pop de Michel Onfray - Eric Bourdon\" class=\"wp-image-12788\" srcset=\"https:\/\/ericbourdon.fr\/art\/wp-content\/uploads\/2020\/08\/front-populaire-magazine-classe-pop-michel-onfray-eric-bourdon-440.jpg 440w, https:\/\/ericbourdon.fr\/art\/wp-content\/uploads\/2020\/08\/front-populaire-magazine-classe-pop-michel-onfray-eric-bourdon-440-300x218.jpg 300w, https:\/\/ericbourdon.fr\/art\/wp-content\/uploads\/2020\/08\/front-populaire-magazine-classe-pop-michel-onfray-eric-bourdon-440-150x109.jpg 150w\" sizes=\"auto, (max-width: 440px) 100vw, 440px\" \/><\/a><\/div><br>\n\n\n\n<p class=\"has-text-align-center\"><a href=\"https:\/\/ericbourdon.fr\/art\/wp-content\/uploads\/2020\/08\/front-populaire-magazine-classe-pop-michel-onfray-eric-bourdon-750.jpg\" target=\"_blank\" rel=\"noreferrer noopener\">Zoom sur le dessin<\/a><\/p>\n\n\n\n<p style=\"text-align:right\"><br><em>Front Populaire, le magazine classe pop&#8217; de Michel Onfray<\/em><br><br>Dessin au stylo &amp; feutre sur papier,<br>avec retouche num\u00e9rique<br>\u00a9 <a rel=\"noreferrer noopener\" aria-label=\" (s\u2019ouvre dans un nouvel onglet)\" href=\"https:\/\/ericbourdon.fr\/galerie-peintures-eric-bourdon-2.html\" target=\"_blank\">Eric Bourdon<\/a>, Lille, 2020<\/p>\n\n<p style=\"text-align:justify\"><br><br>&nbsp;&nbsp;&nbsp;&nbsp;&nbsp;<strong><em>Front Populaire&nbsp;?<\/em><\/strong> Incroyable mais vrai&nbsp;! \u00c0 l&#8217;heure du r\u00e9veil \u00e9cologique (plus que tardif) on peut encore penser \u00e0 sortir un &#8220;nouveau&#8221; magazine&#8230; tout en papier. Vraiment pas politiquement correct (<em>lol&nbsp;!&#8230;<\/em>).<br><br><\/p>\n\n\n\n<!--more-->\n\n\n\n<p style=\"text-align:justify\"><br>&nbsp;&nbsp;&nbsp;&nbsp;&nbsp;Qualifi\u00e9e d&#8217;ovni journalistique par <em>Les \u00c9chos,<\/em> la revue de Michel Onfray baptis\u00e9e <em>Front Populaire,<\/em> dont le premier num\u00e9ro a \u00e9t\u00e9 aper\u00e7u dans les kiosques d\u00e8s le 23 juin, est un projet hybride entre un site internet et un &#8220;mook&#8221; (lui-m\u00eame projet hybride entre le magazine et le book). <strong>Le petit livre trimestriel de 160 pages est d\u00e9crit par son cr\u00e9ateur philosophe comme &#8220;une machine de guerre pour la pl\u00e8be&#8221;.<\/strong> \u00c7a, c&#8217;est beaucoup moins original&#8230;<\/p><br>\n\n<p style=\"text-align:justify\"><br>&nbsp;&nbsp;&nbsp;&nbsp;&nbsp;Car presque pas un seul jour ne passe sans qu&#8217;un politicien n&#8217;exprime sa rage, son \u00e9c\u0153urement scandalis\u00e9 face au &#8220;syst\u00e8me&#8221; et ne verse sa petite larme pour un &#8220;petit peuple&#8221; dont il se distancie au passage et auquel il promet, si ce peuple avait la bonne id\u00e9e de lui confier un peu plus encore de pouvoir, une juste vengeance et le r\u00e9tablissement de ses droits sacr\u00e9s (z-)et inali\u00e9nables. Entre les braillements populistes de Jean-Luc M\u00e9lenchon qui dans un moment de col\u00e8re et de stress (et de sinc\u00e9rit\u00e9, disent les mauvaises langues&#8230;) avait quand m\u00eame fini par nous l\u00e2cher son joli &#8220;la R\u00e9publique, c&#8217;est moi&nbsp;!&#8221; et les r\u00e9p\u00e9titions obsessionnelles, dignes d&#8217;une pensionnaire d&#8217;h\u00f4pital psychiatrique, par Marine Le Pen, du fameux concept du &#8220;peuple-de-France-peuple-de-France-peuple-de-France&#8221;, <strong>les \u00e9lites politiques privil\u00e9gi\u00e9es ne ratent aucune occasion pour tenter de se mettre &#8220;le peuple&#8221; dans leurs poches<\/strong> (pourtant d\u00e9j\u00e0 pleines de tunes).<\/p><br>\n\n<p style=\"text-align:justify\"><br>&nbsp;&nbsp;&nbsp;&nbsp;&nbsp;\u00c9lites&nbsp;? Non, c&#8217;est vrai, pas tout \u00e0 fait. Et puis ils r\u00e2lent sans arr\u00eat contre les \u00e9lites, ils ne peuvent bien s\u00fbr pas en \u00eatre&#8230; Le millionnaire des insoumis n&#8217;est de toute fa\u00e7on pas au pouvoir, pas en tout cas au niveau o\u00f9 il r\u00eaverait de l&#8217;\u00eatre. Ni la poissonni\u00e8re en chef de l&#8217;ancien <a href=\"https:\/\/ericbourdon.fr\/art\/2016\/02\/05\/identite-contre-democratie-front-national\/\" target=\"_blank\" rel=\"noreferrer noopener\">&#8220;Front&#8221;<\/a>. Comptes en banque plus que confortables et\/ou propri\u00e9t\u00e9s immobili\u00e8res, organisations politiques \u00e0 leur service&#8230; mais pas dans la classe dirigeante. Plut\u00f4t dans cette classe interm\u00e9diaire, la haute classe moyenne, celle dont parlait George Orwell dans sa fiction <em>1984.<\/em> Ils sont proches du grand pouvoir, tout pr\u00e8s, ils en r\u00eavent, ils en bavent goul\u00fbment, mais ils n&#8217;y sont pas encore tout \u00e0 fait. <strong>La classe interm\u00e9diaire<\/strong>, comme l&#8217;illustre si bien Orwell, n&#8217;a pas les moyens, l&#8217;\u00e9nergie, la strat\u00e9gie ou l&#8217;occasion pour renverser et prendre la place de la classe dirigeante. Alors elle <strong>fait appel aux forces du peuple, lui promet la libert\u00e9, l&#8217;argent, le respect et d&#8217;autres blagues idiotes dans le genre&#8230;<\/strong><\/p><br>\n\n<p style=\"text-align:justify\"><br>&nbsp;&nbsp;&nbsp;&nbsp;&nbsp;Lorsqu&#8217;un jour la classe interm\u00e9diaire prend enfin le pouvoir, on sait ce qu&#8217;il reste des promesses de fraternit\u00e9 avec le peuple. <strong><em>La R\u00e9publique, c&#8217;est moi.<\/em><\/strong> Au moins, avec M\u00e9lenchon on est pr\u00e9venu \u00e0 l&#8217;avance, m\u00eame si on est tr\u00e8s mauvais en devinettes&#8230; On sait aussi, dans <em>La Ferme des Animaux,<\/em> autre roman bien connu de George Orwell, le sort que le cochon Napol\u00e9on r\u00e9serve aux autres animaux une fois que leur r\u00e9volte populaire, sous son impulsion, lui a permis de devenir le chef incontest\u00e9 de la ferme. Si vous ne l&#8217;avez pas lu et que vous aimez les animaux, ne le lisez surtout pas, c&#8217;est sanglant, insoutenable, une vraie boucherie (au sens propre).<\/p><br><br>\n\n\n\n<div style=\"text-align:center\"><img loading=\"lazy\" decoding=\"async\" width=\"440\" height=\"339\" src=\"https:\/\/ericbourdon.fr\/art\/wp-content\/uploads\/2020\/08\/front-populaire-cochon-napoleon-ferme-animaux-george-orwell-michel-onfray-440.jpg\" alt=\"front populaire cochon napol\u00e9on ferme animaux george orwell michel onfray\" class=\"wp-image-12814\" srcset=\"https:\/\/ericbourdon.fr\/art\/wp-content\/uploads\/2020\/08\/front-populaire-cochon-napoleon-ferme-animaux-george-orwell-michel-onfray-440.jpg 440w, https:\/\/ericbourdon.fr\/art\/wp-content\/uploads\/2020\/08\/front-populaire-cochon-napoleon-ferme-animaux-george-orwell-michel-onfray-440-300x231.jpg 300w, https:\/\/ericbourdon.fr\/art\/wp-content\/uploads\/2020\/08\/front-populaire-cochon-napoleon-ferme-animaux-george-orwell-michel-onfray-440-150x116.jpg 150w\" sizes=\"auto, (max-width: 440px) 100vw, 440px\" \/><\/div>\n\n\n\n<p style=\"text-align:center\"><br>Le cochon en chef Napol\u00e9on dans <em>La Ferme des Animaux,<\/em><br>face \u00e0 Michel Onfray&#8230;<\/p><br>\n\n<p style=\"text-align:justify\"><em>&#8220;[&#8230;] il arrive toujours un moment o\u00f9 [la classe sup\u00e9rieure] perd, ou sa foi en elle-m\u00eame, ou son aptitude \u00e0 gouverner efficacement, ou les deux. Elle est alors renvers\u00e9e par <strong>la classe moyenne qui enr\u00f4le \u00e0 ses c\u00f4t\u00e9s la classe inf\u00e9rieure en lui faisant croire qu&#8217;elle lutte pour la libert\u00e9 et la justice.<\/strong> Sit\u00f4t qu&#8217;elle a atteint son objectif, la classe moyenne rejette la classe inf\u00e9rieure dans son ancienne servitude et devient elle-m\u00eame sup\u00e9rieure [&#8230;] <strong>La classe moyenne, tant qu&#8217;elle luttait pour le pouvoir, avait toujours employ\u00e9 des termes tels que libert\u00e9, justice et fraternit\u00e9.&#8221;<\/strong><\/em><\/p>\n<p style=\"text-align:right\">George Orwell, <em>1984<\/em><\/p><br><br>\n\n<p style=\"text-align:justify\"><br>&nbsp;&nbsp;&nbsp;&nbsp;&nbsp;Certes, pour sa part, celui qui a reconnu avec d&#8217;amers regrets n&#8217;avoir \u00e9t\u00e9 dans les ann\u00e9es 90 que <strong>le &#8220;fantassin&#8221; du tr\u00e8s m\u00e9diatique Bernard-Henri L\u00e9vy,<\/strong> a d\u00e9clar\u00e9 qu&#8217;il ne se pr\u00e9senterait pas aux \u00e9lections pr\u00e9sidentielles de 2022. Pour l&#8217;instant&#8230; Michel Onfray n&#8217;envisage &#8220;que&#8221; de soutenir un candidat et promet (comme le cochon Napol\u00e9on) de rester sagement \u00e0 l&#8217;arri\u00e8re-plan&#8230;<\/p><br><br><br>\n\n\n\n<h3 class=\"wp-block-heading\" id=\"souverainisme-le-pouvoir-au-peuple-ou-presque\"><strong>Souverainisme ? Le pouvoir au peuple&#8230; ou presque.<\/strong><\/h3>\n\n\n\n<p style=\"text-align:justify\"><br><br>&nbsp;&nbsp;&nbsp;&nbsp;&nbsp;Le th\u00e8me central affich\u00e9 par son magazine <em>Front Populaire<\/em>&nbsp;: le souverainisme. Cette id\u00e9e \u00e9trange qui voudrait qu&#8217;on se sente plus libre quand on est dirig\u00e9 par quelqu&#8217;un du coin plut\u00f4t que par quelqu&#8217;un d&#8217;autre un peu plus loin. Comme si le citoyen lambda habitant, par exemple, \u00e0 Lille, avait ne serait-ce qu&#8217;un milligramme de plus d&#8217;influence sur les d\u00e9cisions prises par Martine Aubry que sur celles du pr\u00e9sident de la Commission Europ\u00e9enne (dont personne ne conna\u00eet le nom)&#8230; Certaines d\u00e9cisions sont de nature \u00e0 \u00eatre prises localement, d&#8217;autres d\u00e9cisions doivent \u00eatre prises \u00e0 un niveau plus global, au-del\u00e0 des fronti\u00e8res r\u00e9gionales ou nationales, d&#8217;autres encore \u00e0 un niveau interm\u00e9diaire, ou mixte. Le &#8220;souverainisme&#8221; clam\u00e9 haut et fort comme un cri syst\u00e9matique de ralliement g\u00e9n\u00e9ral, est-ce autre chose qu&#8217;un de ces tr\u00e8s ordinaires effets d&#8217;optique d\u00e9magogiques destin\u00e9s \u00e0 cr\u00e9er l&#8217;illusion d&#8217;une perspective de pouvoir populaire ?<\/p><br>\n\n<p style=\"text-align:justify\"><br>&nbsp;&nbsp;&nbsp;&nbsp;&nbsp;Mais surtout, <strong>le souverainisme est une coquille vide, en apparence&#8230; voire un cheval de Troie.<\/strong> Tant qu&#8217;on parle de la forme, et qu&#8217;on essaye de faire passer la forme pour le fond, on s&#8217;\u00e9pargne de s&#8217;engager sur le v\u00e9ritable contenu politique. Le souverainisme ne peut pas \u00eatre une politique, il est au mieux un mirage, un paradoxe, une absurdit\u00e9 logique et strat\u00e9gique.  Puisqu&#8217;il s&#8217;agit de l&#8217;aveu m\u00eame des cr\u00e9ateurs de <em>Front Populaire<\/em> de viser la prochaine pr\u00e9sidentielle, pourquoi ne pas mettre en avant l&#8217;opinion, le vrai parti pris de la r\u00e9daction du journal papier, le fond plut\u00f4t que la forme g\u00e9n\u00e9rale d&#8217;un projet d\u00e9lib\u00e9r\u00e9ment populiste qui serait par lui-m\u00eame (c&#8217;est du moins ce qu&#8217;on esp\u00e8re nous faire avaler) ouvert et vierge de tout a priori, pluraliste, et qui comme une &#8220;surprise box&#8221; pourrait donc <em>juste en th\u00e9orie<\/em> (spoiler : les d\u00e9s sont pip\u00e9s&nbsp;!) d\u00e9boucher sur tout et le contraire de tout&nbsp;?&#8230;<\/p><br><br><br>\n\n\n\n<h3 class=\"wp-block-heading\" id=\"front-populaire-designe-les-ennemis-du-peuple\"><strong>Front Populaire d\u00e9signe les Ennemis du Peuple !<\/strong><\/h3>\n\n\n\n<p style=\"text-align:justify\"><br><br>&nbsp;&nbsp;&nbsp;&nbsp;&nbsp;Ce livre p\u00e9riodique qui se dit &#8220;pour le peuple&#8221; et m\u00eame &#8220;pour la pl\u00e8be&#8221; (mais on est o\u00f9 l\u00e0&nbsp;??&#8230;) n&#8217;est pas \u00e9crit par le peuple, c&#8217;est-\u00e0-dire ces vilains mais fiers gueux en guenilles que nous sommes tous pour Ma\u00eetre Onfray. Les auteurs les plus &#8216;pop&#8217; sont majoritairement rel\u00e9gu\u00e9s hors du livre, dans la partie &#8216;blog&#8217; du &#8216;site-mook&#8217;, qui donne \u00e0 peu de frais une coloration populaire \u00e0 l&#8217;ensemble du projet dont le livre est, avec ses auteurs tri\u00e9s sur le volet et bien plus ouvertement politis\u00e9s, le v\u00e9ritable noyau dur du message id\u00e9ologique qu&#8217;on essaie de nous refourguer.<\/p><br>\n\n<p style=\"text-align:justify\"><br>&nbsp;&nbsp;&nbsp;&nbsp;&nbsp;Pas trop dur \u00e0 d\u00e9crypter, par ailleurs : anti-Europe, anti-mond\u00adialisation (autre coquille vide), anti-\u00e9lites (alors que c&#8217;est les seuls qui se rendent pas compte, pour paraphraser Coluche, que les \u00e9lites et eux, en fait, c&#8217;est pareil&#8230;), anti-Macron (d\u00e9tail : n&#8217;est-ce pas celui-l\u00e0 m\u00eame qui est l&#8217;incarnation du choix du peuple souverain, ha\u00ef en ch\u0153ur par tous les &#8220;souverainistes&#8221; auto-proclam\u00e9s, allez comprendre&#8230;), anti-Bayrou, anti-BHL, anti-Soros (&#8230;) <strong>La victimisation populaire comme principe<\/strong> \u00e0 tous les \u00e9tages et dans tous les sens&#8230; Bref, <em>le probl\u00e8me, c&#8217;est les autres&nbsp;!<\/em> Ils sont tous nos ennemis, de tous c\u00f4t\u00e9s, et au-dessus, et m\u00eame au-dessous ! Ils en veulent tous \u00e0 notre peau, il faut se prot\u00e9ger. Le monde est inqui\u00e9tant, dangereux, il fourmille de menaces. Et nous, on est les salauds de personne. Et nous sommes en guerre, Ma\u00eetre Onfray l&#8217;a dit. Ah bon&#8230; Et Ma\u00eetre Onfray sait ce qui est bon pour nous. Il sait ce qu&#8217;est le peuple et a donc toute l\u00e9gitimit\u00e9 pour d\u00e9signer ses ennemis, comme Trump le fait aux \u00c9tats-Unis en ciblant prioritairement les m\u00e9dias (une vraie tare, c&#8217;est vrai, cette mondialisation&#8230; du populisme). <strong>Alors BHL et autres &#8220;Ennemis du Peuple&#8221;, prenez garde \u00e0 vous&nbsp;!<\/strong><\/p><br>\n\n<p style=\"text-align:justify\"><br>&nbsp;&nbsp;&nbsp;&nbsp;&nbsp;On dit : &#8220;<em>Front Populaire<\/em> donne la parole \u00e0 tout le monde&#8221;. <em>Front Populaire<\/em> ne donne la parole \u00e0 personne, pas plus qu&#8217;il ne leur permet de respirer ou de faire caca (mais patientons, ce n&#8217;est que le premier num\u00e9ro&#8230;). On ne peut donner \u00e0 quelqu&#8217;un ce qu&#8217;il a d\u00e9j\u00e0 mille fois. Aujourd&#8217;hui (<em>breaking news&nbsp;!<\/em>), n&#8217;importe qui peut cr\u00e9er un blog \u00e0 son nom en cinq minutes (vingt, si on est lent) ou un profil sur l&#8217;un des innombrables r\u00e9seaux sociaux existant et publier ce qu&#8217;il a envie d&#8217;y exprimer. <em>Front Populaire<\/em> n&#8217;est pas <em>utile<\/em> aux auteurs de son blog. Et ce n&#8217;est pas par bont\u00e9 d&#8217;\u00e2me qu&#8217;on leur laisse y publier (apr\u00e8s approbation de chaque post qui devra soigneusement \u00e9pouser la ligne \u00e9ditoriale sugg\u00e9r\u00e9e par le livre et les posts d\u00e9j\u00e0 autoris\u00e9s) ce qu&#8217;ils pourraient de toute fa\u00e7on publier gratuitement partout ailleurs. Par contre, les auteurs du blog, aux origines sociales diverses et vari\u00e9es, sont absolument indispensables \u00e0 la <em>team Onfray<\/em> comme <strong>caution de la pr\u00e9tention &#8216;populaire&#8217; de ce nouveau <em>Front<\/em> sans mandat.<\/strong><\/p><br>\n\n<p style=\"text-align:justify\"><br>&nbsp;&nbsp;&nbsp;&nbsp;&nbsp;Le &#8220;peuple&#8221; aura-t-il quoi qu&#8217;il en soit le loisir de lire tous les trois mois un &#8220;mook&#8221; de 160 pages le soir apr\u00e8s le boulot, ou le week-end entre deux lessives&nbsp;? \u00c9videmment non. Le livre-magazine ne sera pas lu par le peuple (ces 99,99% de fran\u00e7ais qui ne sont pas au pouvoir, et ne r\u00eavent m\u00eame pas d&#8217;y \u00eatre ou de s&#8217;en approcher, et puis qui s&#8217;en foutent un peu aussi, disons-le). <strong>Ce livre pour le peuple ne sera feuillet\u00e9 que par des petits et grands bourgeois qui \u00e0 l&#8217;heure du brunch se f\u00e9liciteront la larme \u00e0 l&#8217;\u0153il que le peuple ait enfin son mook \u00e0 lui.<\/strong> Cela fera tr\u00e8s <em>tendance<\/em> sur la table basse du salon en marbre de Carrare, juste \u00e0 c\u00f4t\u00e9 de <em>30 Millions d&#8217;Amis&nbsp;!&#8230;<\/em> &#8220;Jean-Charles, vous aimez le peuple aussi&nbsp;? Votre grand c\u0153ur vous perdra mais dites-moi, question philosophique&nbsp;: s&#8217;il fallait choisir entre&#8230; le peuple et les petits chiens&#8230;? Sacr\u00e9 cas de conscience, n&#8217;est-ce pas&nbsp;?&#8230;&#8221;<\/p><br><br><br>\n\n\n\n<h3 class=\"wp-block-heading\" id=\"front-populaire-une-lueur-d-espoir-ou-pas\"><strong>Front Populaire : une lueur d&#8217;espoir ?&#8230; Ou pas.<\/strong><\/h3>\n\n\n\n<p style=\"text-align:justify\"><br><br>&nbsp;&nbsp;&nbsp;&nbsp;&nbsp;Allez&#8230; le projet <em>Front Populaire<\/em> \u00e9tant une nouvelle aventure, laissons-lui une chance, peut-\u00eatre d\u00e9mentira-t-il le sort que connaissent habituellement les r\u00e9volutionnaires de la haute classe moyenne ?&#8230;<\/p><br>\n\n<p style=\"text-align:justify\"><br>&nbsp;&nbsp;&nbsp;&nbsp;&nbsp;Mais le cr\u00e9ateur de <em>Front Populaire<\/em> met-il toutes les chances de son c\u00f4t\u00e9&nbsp;? Ou plut\u00f4t&nbsp;: aurait-il pu faire pire&nbsp;? Avec Jean-Pierre Chev\u00e8nement et le vicomte Philippe de Villiers \u00e0 la r\u00e9daction du premier num\u00e9ro du magazine (oui, ils bougent encore&nbsp;!), elle est quand m\u00eame mal barr\u00e9e <strong>la r\u00e9volution t\u00e9l\u00e9command\u00e9e du peuple&#8230;<\/strong> Ou de la basse &#8220;pl\u00e8be&#8221;. D&#8217;aucuns pourraient ainsi solliciter respectueusement le r\u00e9dac&#8217; chef du web-mook&nbsp;: &#8220;Wallah mon fr\u00e8re tu crois vraiment que t&#8217;es sur la bonne fr\u00e9quence pour \u00e9mettre dans les ti\u00e9cars, t&#8217;as pris des champis ou bien&nbsp;?? Hawa\u00efens ou mexicains&nbsp;?&#8230;&#8221;<\/p><br>\n\n<p style=\"text-align:justify\"><br>&nbsp;&nbsp;&nbsp;&nbsp;&nbsp;Autres auteur(e)s de ce pimpant premier num\u00e9ro de l&#8217;hallucinant <em>Front Populaire<\/em>&nbsp;: C\u00e9line Pina, Mathieu Bock-C\u00f4t\u00e9, Jacline Mouraud (chercheuse d&#8217;ectoplasmes, si si&#8230; gr\u00e2ce \u00e0 laquelle, peut-\u00eatre, le Mar\u00e9chal P\u00e9tain, Jeanne d&#8217;Arc ou <a href=\"https:\/\/ericbourdon.fr\/art\/2016\/01\/30\/lire-heidegger-sans-reference-au-nazisme\/\" target=\"_blank\" rel=\"noreferrer noopener\">Martin Heidegger<\/a> pourraient \u00eatre auteurs dans les prochains num\u00e9ros&nbsp;? Allez, on lance des id\u00e9es, c&#8217;est participatif&nbsp;!&#8230;), Ma\u00eetre Fran\u00e7ois Boulo, Mich\u00e8le Tribalat, Thibault Isabel (auteur de <em><a href=\"https:\/\/ericbourdon.fr\/art\/2017\/05\/31\/proudhon-anarchie-autrement\/\" target=\"_blank\" rel=\"noreferrer noopener\">Pierre-Joseph Proudhon, l\u2019anarchie sans le d\u00e9sordre<\/a><\/em>), Stephane K\u00e9lian et Jacques Sapir qui signent des articles pour la sortie de la France de l&#8217;Euro et de l&#8217;Europe (le chaos britannique est le r\u00eave du petit peuple de France, ceux qui le connaissent bien le savent, on en parle partout du matin au soir, \u00e7a c&#8217;est une id\u00e9e qui simplifierait la vie des vrais Fran\u00e7ais au quotidien&nbsp;!&#8230;), Frank Lanot, Jeremy Stubbs, Andr\u00e9a Kotarac (pass\u00e9 de la France Insoumise au Rassemblement National, c&#8217;est tous les m\u00eames on vous dit&#8230;), Henri Pe\u00f1a-Ruiz (Parti de Gauche), Georges Kuzmanovic (parti de La France Insoumise et pas revenu), Eug\u00e9nie Basti\u00e9, les deux co-fondateurs de <em>Front Populaire<\/em> Michel Onfray et&#8230; St\u00e9phane Simon, producteur d&#8217;Ardisson pendant une vingtaine d&#8217;ann\u00e9es et qui a lanc\u00e9 avec le magazine <em>Causeur<\/em> la webt\u00e9l\u00e9 <em>R\u00e9acnRoll<\/em> (sic) o\u00f9 s&#8217;illustrent deux autres auteurs r\u00e9actionnaires d\u00e9complex\u00e9s du num\u00e9ro un du magazine <em>Front Populaire<\/em>&nbsp;: Barbara Lefebvre et Ma\u00eetre R\u00e9gis de Curi\u00e8res de Castelnau&#8230;<\/p><br><br><br><br><br><br><br>\n","protected":false},"excerpt":{"rendered":"<p>Apr\u00e8s &#8220;30 Millions d&#8217;Amis&#8221;, &#8220;Front Populaire&#8221; de Michel Onfray, le magazine des riches amis du peuple&nbsp;! Ou la r\u00e9volution t\u00e9l\u00e9command\u00e9e&#8230; Zoom sur le dessin Front Populaire, le magazine classe pop&#8217; de Michel Onfray Dessin au stylo &amp; feutre sur papier,avec retouche num\u00e9rique\u00a9 Eric Bourdon, Lille, 2020 &nbsp;&nbsp;&nbsp;&nbsp;&nbsp;Front Populaire&nbsp;? Incroyable mais vrai&nbsp;! \u00c0 l&#8217;heure du r\u00e9veil [&hellip;]<\/p>\n","protected":false},"author":67,"featured_media":0,"comment_status":"open","ping_status":"closed","sticky":false,"template":"","format":"standard","meta":{"footnotes":""},"categories":[146,272],"tags":[],"class_list":["post-12787","post","type-post","status-publish","format-standard","hentry","category-analyses","category-dessins-sur-papier"],"yoast_head":"<!-- This site is optimized with the Yoast SEO plugin v27.4 - https:\/\/yoast.com\/product\/yoast-seo-wordpress\/ -->\n<title>Front Populaire, magazine pop de Michel Onfray | Eric Bourdon<\/title>\n<meta name=\"description\" content=\"Apr\u00e8s &quot;30 Millions d&#039;Amis&quot;, &quot;Front Populaire&quot; de Michel Onfray, le magazine des riches amis du peuple ! Ou la r\u00e9volution t\u00e9l\u00e9command\u00e9e...\" \/>\n<meta name=\"robots\" content=\"index, follow, max-snippet:-1, max-image-preview:large, max-video-preview:-1\" \/>\n<link rel=\"canonical\" href=\"https:\/\/ericbourdon.fr\/art\/2020\/08\/21\/front-populaire-magazine-pop-michel-onfray-eric-bourdon\/\" \/>\n<meta property=\"og:type\" content=\"article\" \/>\n<meta property=\"og:title\" content=\"Front Populaire, magazine pop de Michel Onfray | Eric Bourdon\" \/>\n<meta property=\"og:description\" content=\"Apr\u00e8s &quot;30 Millions d&#039;Amis&quot;, &quot;Front Populaire&quot; de Michel Onfray, le magazine des riches amis du peuple ! Ou la r\u00e9volution t\u00e9l\u00e9command\u00e9e...\" \/>\n<meta property=\"og:url\" content=\"https:\/\/ericbourdon.fr\/art\/2020\/08\/21\/front-populaire-magazine-pop-michel-onfray-eric-bourdon\/\" \/>\n<meta property=\"og:site_name\" content=\"Eric Bourdon, artiste peintre contemporain \u00e0 Lille | Blog\" \/>\n<meta property=\"article:publisher\" content=\"https:\/\/www.facebook.com\/ArtbyEricBourdon\/\" \/>\n<meta property=\"article:author\" content=\"https:\/\/www.facebook.com\/ArtbyEricBourdon\/\" \/>\n<meta property=\"article:published_time\" content=\"2020-08-21T15:54:39+00:00\" \/>\n<meta property=\"article:modified_time\" content=\"2022-09-11T14:14:39+00:00\" \/>\n<meta property=\"og:image\" content=\"https:\/\/ericbourdon.fr\/art\/wp-content\/uploads\/2020\/08\/front-populaire-magazine-classe-pop-michel-onfray-eric-bourdon-750.jpg\" \/>\n\t<meta property=\"og:image:width\" content=\"1035\" \/>\n\t<meta property=\"og:image:height\" content=\"750\" \/>\n\t<meta property=\"og:image:type\" content=\"image\/jpeg\" \/>\n<meta name=\"author\" content=\"Eric Bourdon\" \/>\n<meta name=\"twitter:label1\" content=\"Written by\" \/>\n\t<meta name=\"twitter:data1\" content=\"Eric Bourdon\" \/>\n\t<meta name=\"twitter:label2\" content=\"Est. reading time\" \/>\n\t<meta name=\"twitter:data2\" content=\"11 minutes\" \/>\n<script type=\"application\/ld+json\" class=\"yoast-schema-graph\">{\"@context\":\"https:\\\/\\\/schema.org\",\"@graph\":[{\"@type\":\"Article\",\"@id\":\"https:\\\/\\\/ericbourdon.fr\\\/art\\\/2020\\\/08\\\/21\\\/front-populaire-magazine-pop-michel-onfray-eric-bourdon\\\/#article\",\"isPartOf\":{\"@id\":\"https:\\\/\\\/ericbourdon.fr\\\/art\\\/2020\\\/08\\\/21\\\/front-populaire-magazine-pop-michel-onfray-eric-bourdon\\\/\"},\"author\":{\"name\":\"Eric Bourdon\",\"@id\":\"https:\\\/\\\/ericbourdon.fr\\\/art\\\/#\\\/schema\\\/person\\\/35997829794ccb4ff3a33684da4769f6\"},\"headline\":\"Front Populaire, magazine pop de Michel Onfray\",\"datePublished\":\"2020-08-21T15:54:39+00:00\",\"dateModified\":\"2022-09-11T14:14:39+00:00\",\"mainEntityOfPage\":{\"@id\":\"https:\\\/\\\/ericbourdon.fr\\\/art\\\/2020\\\/08\\\/21\\\/front-populaire-magazine-pop-michel-onfray-eric-bourdon\\\/\"},\"wordCount\":2409,\"commentCount\":0,\"publisher\":{\"@id\":\"https:\\\/\\\/ericbourdon.fr\\\/art\\\/#\\\/schema\\\/person\\\/35997829794ccb4ff3a33684da4769f6\"},\"image\":{\"@id\":\"https:\\\/\\\/ericbourdon.fr\\\/art\\\/2020\\\/08\\\/21\\\/front-populaire-magazine-pop-michel-onfray-eric-bourdon\\\/#primaryimage\"},\"thumbnailUrl\":\"https:\\\/\\\/ericbourdon.fr\\\/art\\\/wp-content\\\/uploads\\\/2020\\\/08\\\/front-populaire-magazine-classe-pop-michel-onfray-eric-bourdon-440.jpg\",\"articleSection\":[\"Analyses\",\"Dessins sur papier\"],\"inLanguage\":\"fr\",\"potentialAction\":[{\"@type\":\"CommentAction\",\"name\":\"Comment\",\"target\":[\"https:\\\/\\\/ericbourdon.fr\\\/art\\\/2020\\\/08\\\/21\\\/front-populaire-magazine-pop-michel-onfray-eric-bourdon\\\/#respond\"]}]},{\"@type\":\"WebPage\",\"@id\":\"https:\\\/\\\/ericbourdon.fr\\\/art\\\/2020\\\/08\\\/21\\\/front-populaire-magazine-pop-michel-onfray-eric-bourdon\\\/\",\"url\":\"https:\\\/\\\/ericbourdon.fr\\\/art\\\/2020\\\/08\\\/21\\\/front-populaire-magazine-pop-michel-onfray-eric-bourdon\\\/\",\"name\":\"Front Populaire, magazine pop de Michel Onfray | Eric Bourdon\",\"isPartOf\":{\"@id\":\"https:\\\/\\\/ericbourdon.fr\\\/art\\\/#website\"},\"primaryImageOfPage\":{\"@id\":\"https:\\\/\\\/ericbourdon.fr\\\/art\\\/2020\\\/08\\\/21\\\/front-populaire-magazine-pop-michel-onfray-eric-bourdon\\\/#primaryimage\"},\"image\":{\"@id\":\"https:\\\/\\\/ericbourdon.fr\\\/art\\\/2020\\\/08\\\/21\\\/front-populaire-magazine-pop-michel-onfray-eric-bourdon\\\/#primaryimage\"},\"thumbnailUrl\":\"https:\\\/\\\/ericbourdon.fr\\\/art\\\/wp-content\\\/uploads\\\/2020\\\/08\\\/front-populaire-magazine-classe-pop-michel-onfray-eric-bourdon-440.jpg\",\"datePublished\":\"2020-08-21T15:54:39+00:00\",\"dateModified\":\"2022-09-11T14:14:39+00:00\",\"description\":\"Apr\u00e8s \\\"30 Millions d'Amis\\\", \\\"Front Populaire\\\" de Michel Onfray, le magazine des riches amis du peuple ! Ou la r\u00e9volution t\u00e9l\u00e9command\u00e9e...\",\"breadcrumb\":{\"@id\":\"https:\\\/\\\/ericbourdon.fr\\\/art\\\/2020\\\/08\\\/21\\\/front-populaire-magazine-pop-michel-onfray-eric-bourdon\\\/#breadcrumb\"},\"inLanguage\":\"fr\",\"potentialAction\":[{\"@type\":\"ReadAction\",\"target\":[\"https:\\\/\\\/ericbourdon.fr\\\/art\\\/2020\\\/08\\\/21\\\/front-populaire-magazine-pop-michel-onfray-eric-bourdon\\\/\"]}]},{\"@type\":\"ImageObject\",\"inLanguage\":\"fr\",\"@id\":\"https:\\\/\\\/ericbourdon.fr\\\/art\\\/2020\\\/08\\\/21\\\/front-populaire-magazine-pop-michel-onfray-eric-bourdon\\\/#primaryimage\",\"url\":\"https:\\\/\\\/ericbourdon.fr\\\/art\\\/wp-content\\\/uploads\\\/2020\\\/08\\\/front-populaire-magazine-classe-pop-michel-onfray-eric-bourdon-440.jpg\",\"contentUrl\":\"https:\\\/\\\/ericbourdon.fr\\\/art\\\/wp-content\\\/uploads\\\/2020\\\/08\\\/front-populaire-magazine-classe-pop-michel-onfray-eric-bourdon-440.jpg\",\"width\":440,\"height\":319},{\"@type\":\"BreadcrumbList\",\"@id\":\"https:\\\/\\\/ericbourdon.fr\\\/art\\\/2020\\\/08\\\/21\\\/front-populaire-magazine-pop-michel-onfray-eric-bourdon\\\/#breadcrumb\",\"itemListElement\":[{\"@type\":\"ListItem\",\"position\":1,\"name\":\"Eric Bourdon\",\"item\":\"https:\\\/\\\/ericbourdon.fr\"},{\"@type\":\"ListItem\",\"position\":2,\"name\":\"Blog\",\"item\":\"https:\\\/\\\/ericbourdon.fr\\\/art\\\/\"},{\"@type\":\"ListItem\",\"position\":3,\"name\":\"Dessins sur papier\",\"item\":\"https:\\\/\\\/ericbourdon.fr\\\/art\\\/categorie\\\/dessins-sur-papier\\\/\"},{\"@type\":\"ListItem\",\"position\":4,\"name\":\"Front Populaire, magazine pop de Michel Onfray\"}]},{\"@type\":\"WebSite\",\"@id\":\"https:\\\/\\\/ericbourdon.fr\\\/art\\\/#website\",\"url\":\"https:\\\/\\\/ericbourdon.fr\\\/art\\\/\",\"name\":\"Eric Bourdon, artiste peintre contemporain \u00e0 Lille | Blog\",\"description\":\"Peinture, dessin, arts et artistes... Actualit\u00e9s des galeries d&#039;art et expositions...\",\"publisher\":{\"@id\":\"https:\\\/\\\/ericbourdon.fr\\\/art\\\/#\\\/schema\\\/person\\\/35997829794ccb4ff3a33684da4769f6\"},\"potentialAction\":[{\"@type\":\"SearchAction\",\"target\":{\"@type\":\"EntryPoint\",\"urlTemplate\":\"https:\\\/\\\/ericbourdon.fr\\\/art\\\/?s={search_term_string}\"},\"query-input\":{\"@type\":\"PropertyValueSpecification\",\"valueRequired\":true,\"valueName\":\"search_term_string\"}}],\"inLanguage\":\"fr\"},{\"@type\":[\"Person\",\"Organization\"],\"@id\":\"https:\\\/\\\/ericbourdon.fr\\\/art\\\/#\\\/schema\\\/person\\\/35997829794ccb4ff3a33684da4769f6\",\"name\":\"Eric Bourdon\",\"image\":{\"@type\":\"ImageObject\",\"inLanguage\":\"fr\",\"@id\":\"https:\\\/\\\/ericbourdon.fr\\\/art\\\/wp-content\\\/uploads\\\/2021\\\/05\\\/eric-bourdon-artiste-peintre-francais-contemporain-lille-france.jpg\",\"url\":\"https:\\\/\\\/ericbourdon.fr\\\/art\\\/wp-content\\\/uploads\\\/2021\\\/05\\\/eric-bourdon-artiste-peintre-francais-contemporain-lille-france.jpg\",\"contentUrl\":\"https:\\\/\\\/ericbourdon.fr\\\/art\\\/wp-content\\\/uploads\\\/2021\\\/05\\\/eric-bourdon-artiste-peintre-francais-contemporain-lille-france.jpg\",\"width\":220,\"height\":220,\"caption\":\"Eric Bourdon\"},\"logo\":{\"@id\":\"https:\\\/\\\/ericbourdon.fr\\\/art\\\/wp-content\\\/uploads\\\/2021\\\/05\\\/eric-bourdon-artiste-peintre-francais-contemporain-lille-france.jpg\"},\"sameAs\":[\"https:\\\/\\\/ericbourdon.fr\\\/\",\"https:\\\/\\\/www.facebook.com\\\/ArtbyEricBourdon\\\/\",\"https:\\\/\\\/www.instagram.com\\\/eric.bourdon.art\\\/\",\"https:\\\/\\\/fr.linkedin.com\\\/in\\\/eric-bourdon\\\/fr\",\"https:\\\/\\\/www.pinterest.fr\\\/EricBourdonArt\\\/\",\"https:\\\/\\\/en.wikipedia.org\\\/wiki\\\/\u00c9ric_Bourdon\"]}]}<\/script>\n<!-- \/ Yoast SEO plugin. -->","yoast_head_json":{"title":"Front Populaire, magazine pop de Michel Onfray | Eric Bourdon","description":"Apr\u00e8s \"30 Millions d'Amis\", \"Front Populaire\" de Michel Onfray, le magazine des riches amis du peuple ! Ou la r\u00e9volution t\u00e9l\u00e9command\u00e9e...","robots":{"index":"index","follow":"follow","max-snippet":"max-snippet:-1","max-image-preview":"max-image-preview:large","max-video-preview":"max-video-preview:-1"},"canonical":"https:\/\/ericbourdon.fr\/art\/2020\/08\/21\/front-populaire-magazine-pop-michel-onfray-eric-bourdon\/","og_type":"article","og_title":"Front Populaire, magazine pop de Michel Onfray | Eric Bourdon","og_description":"Apr\u00e8s \"30 Millions d'Amis\", \"Front Populaire\" de Michel Onfray, le magazine des riches amis du peuple ! Ou la r\u00e9volution t\u00e9l\u00e9command\u00e9e...","og_url":"https:\/\/ericbourdon.fr\/art\/2020\/08\/21\/front-populaire-magazine-pop-michel-onfray-eric-bourdon\/","og_site_name":"Eric Bourdon, artiste peintre contemporain \u00e0 Lille | Blog","article_publisher":"https:\/\/www.facebook.com\/ArtbyEricBourdon\/","article_author":"https:\/\/www.facebook.com\/ArtbyEricBourdon\/","article_published_time":"2020-08-21T15:54:39+00:00","article_modified_time":"2022-09-11T14:14:39+00:00","og_image":[{"width":1035,"height":750,"url":"https:\/\/ericbourdon.fr\/art\/wp-content\/uploads\/2020\/08\/front-populaire-magazine-classe-pop-michel-onfray-eric-bourdon-750.jpg","type":"image\/jpeg"}],"author":"Eric Bourdon","twitter_misc":{"Written by":"Eric Bourdon","Est. reading time":"11 minutes"},"schema":{"@context":"https:\/\/schema.org","@graph":[{"@type":"Article","@id":"https:\/\/ericbourdon.fr\/art\/2020\/08\/21\/front-populaire-magazine-pop-michel-onfray-eric-bourdon\/#article","isPartOf":{"@id":"https:\/\/ericbourdon.fr\/art\/2020\/08\/21\/front-populaire-magazine-pop-michel-onfray-eric-bourdon\/"},"author":{"name":"Eric Bourdon","@id":"https:\/\/ericbourdon.fr\/art\/#\/schema\/person\/35997829794ccb4ff3a33684da4769f6"},"headline":"Front Populaire, magazine pop de Michel Onfray","datePublished":"2020-08-21T15:54:39+00:00","dateModified":"2022-09-11T14:14:39+00:00","mainEntityOfPage":{"@id":"https:\/\/ericbourdon.fr\/art\/2020\/08\/21\/front-populaire-magazine-pop-michel-onfray-eric-bourdon\/"},"wordCount":2409,"commentCount":0,"publisher":{"@id":"https:\/\/ericbourdon.fr\/art\/#\/schema\/person\/35997829794ccb4ff3a33684da4769f6"},"image":{"@id":"https:\/\/ericbourdon.fr\/art\/2020\/08\/21\/front-populaire-magazine-pop-michel-onfray-eric-bourdon\/#primaryimage"},"thumbnailUrl":"https:\/\/ericbourdon.fr\/art\/wp-content\/uploads\/2020\/08\/front-populaire-magazine-classe-pop-michel-onfray-eric-bourdon-440.jpg","articleSection":["Analyses","Dessins sur papier"],"inLanguage":"fr","potentialAction":[{"@type":"CommentAction","name":"Comment","target":["https:\/\/ericbourdon.fr\/art\/2020\/08\/21\/front-populaire-magazine-pop-michel-onfray-eric-bourdon\/#respond"]}]},{"@type":"WebPage","@id":"https:\/\/ericbourdon.fr\/art\/2020\/08\/21\/front-populaire-magazine-pop-michel-onfray-eric-bourdon\/","url":"https:\/\/ericbourdon.fr\/art\/2020\/08\/21\/front-populaire-magazine-pop-michel-onfray-eric-bourdon\/","name":"Front Populaire, magazine pop de Michel Onfray | Eric Bourdon","isPartOf":{"@id":"https:\/\/ericbourdon.fr\/art\/#website"},"primaryImageOfPage":{"@id":"https:\/\/ericbourdon.fr\/art\/2020\/08\/21\/front-populaire-magazine-pop-michel-onfray-eric-bourdon\/#primaryimage"},"image":{"@id":"https:\/\/ericbourdon.fr\/art\/2020\/08\/21\/front-populaire-magazine-pop-michel-onfray-eric-bourdon\/#primaryimage"},"thumbnailUrl":"https:\/\/ericbourdon.fr\/art\/wp-content\/uploads\/2020\/08\/front-populaire-magazine-classe-pop-michel-onfray-eric-bourdon-440.jpg","datePublished":"2020-08-21T15:54:39+00:00","dateModified":"2022-09-11T14:14:39+00:00","description":"Apr\u00e8s \"30 Millions d'Amis\", \"Front Populaire\" de Michel Onfray, le magazine des riches amis du peuple ! Ou la r\u00e9volution t\u00e9l\u00e9command\u00e9e...","breadcrumb":{"@id":"https:\/\/ericbourdon.fr\/art\/2020\/08\/21\/front-populaire-magazine-pop-michel-onfray-eric-bourdon\/#breadcrumb"},"inLanguage":"fr","potentialAction":[{"@type":"ReadAction","target":["https:\/\/ericbourdon.fr\/art\/2020\/08\/21\/front-populaire-magazine-pop-michel-onfray-eric-bourdon\/"]}]},{"@type":"ImageObject","inLanguage":"fr","@id":"https:\/\/ericbourdon.fr\/art\/2020\/08\/21\/front-populaire-magazine-pop-michel-onfray-eric-bourdon\/#primaryimage","url":"https:\/\/ericbourdon.fr\/art\/wp-content\/uploads\/2020\/08\/front-populaire-magazine-classe-pop-michel-onfray-eric-bourdon-440.jpg","contentUrl":"https:\/\/ericbourdon.fr\/art\/wp-content\/uploads\/2020\/08\/front-populaire-magazine-classe-pop-michel-onfray-eric-bourdon-440.jpg","width":440,"height":319},{"@type":"BreadcrumbList","@id":"https:\/\/ericbourdon.fr\/art\/2020\/08\/21\/front-populaire-magazine-pop-michel-onfray-eric-bourdon\/#breadcrumb","itemListElement":[{"@type":"ListItem","position":1,"name":"Eric Bourdon","item":"https:\/\/ericbourdon.fr"},{"@type":"ListItem","position":2,"name":"Blog","item":"https:\/\/ericbourdon.fr\/art\/"},{"@type":"ListItem","position":3,"name":"Dessins sur papier","item":"https:\/\/ericbourdon.fr\/art\/categorie\/dessins-sur-papier\/"},{"@type":"ListItem","position":4,"name":"Front Populaire, magazine pop de Michel Onfray"}]},{"@type":"WebSite","@id":"https:\/\/ericbourdon.fr\/art\/#website","url":"https:\/\/ericbourdon.fr\/art\/","name":"Eric Bourdon, artiste peintre contemporain \u00e0 Lille | Blog","description":"Peinture, dessin, arts et artistes... Actualit\u00e9s des galeries d&#039;art et expositions...","publisher":{"@id":"https:\/\/ericbourdon.fr\/art\/#\/schema\/person\/35997829794ccb4ff3a33684da4769f6"},"potentialAction":[{"@type":"SearchAction","target":{"@type":"EntryPoint","urlTemplate":"https:\/\/ericbourdon.fr\/art\/?s={search_term_string}"},"query-input":{"@type":"PropertyValueSpecification","valueRequired":true,"valueName":"search_term_string"}}],"inLanguage":"fr"},{"@type":["Person","Organization"],"@id":"https:\/\/ericbourdon.fr\/art\/#\/schema\/person\/35997829794ccb4ff3a33684da4769f6","name":"Eric Bourdon","image":{"@type":"ImageObject","inLanguage":"fr","@id":"https:\/\/ericbourdon.fr\/art\/wp-content\/uploads\/2021\/05\/eric-bourdon-artiste-peintre-francais-contemporain-lille-france.jpg","url":"https:\/\/ericbourdon.fr\/art\/wp-content\/uploads\/2021\/05\/eric-bourdon-artiste-peintre-francais-contemporain-lille-france.jpg","contentUrl":"https:\/\/ericbourdon.fr\/art\/wp-content\/uploads\/2021\/05\/eric-bourdon-artiste-peintre-francais-contemporain-lille-france.jpg","width":220,"height":220,"caption":"Eric Bourdon"},"logo":{"@id":"https:\/\/ericbourdon.fr\/art\/wp-content\/uploads\/2021\/05\/eric-bourdon-artiste-peintre-francais-contemporain-lille-france.jpg"},"sameAs":["https:\/\/ericbourdon.fr\/","https:\/\/www.facebook.com\/ArtbyEricBourdon\/","https:\/\/www.instagram.com\/eric.bourdon.art\/","https:\/\/fr.linkedin.com\/in\/eric-bourdon\/fr","https:\/\/www.pinterest.fr\/EricBourdonArt\/","https:\/\/en.wikipedia.org\/wiki\/\u00c9ric_Bourdon"]}]}},"_links":{"self":[{"href":"https:\/\/ericbourdon.fr\/art\/wp-json\/wp\/v2\/posts\/12787","targetHints":{"allow":["GET"]}}],"collection":[{"href":"https:\/\/ericbourdon.fr\/art\/wp-json\/wp\/v2\/posts"}],"about":[{"href":"https:\/\/ericbourdon.fr\/art\/wp-json\/wp\/v2\/types\/post"}],"author":[{"embeddable":true,"href":"https:\/\/ericbourdon.fr\/art\/wp-json\/wp\/v2\/users\/67"}],"replies":[{"embeddable":true,"href":"https:\/\/ericbourdon.fr\/art\/wp-json\/wp\/v2\/comments?post=12787"}],"version-history":[{"count":4,"href":"https:\/\/ericbourdon.fr\/art\/wp-json\/wp\/v2\/posts\/12787\/revisions"}],"predecessor-version":[{"id":14091,"href":"https:\/\/ericbourdon.fr\/art\/wp-json\/wp\/v2\/posts\/12787\/revisions\/14091"}],"wp:attachment":[{"href":"https:\/\/ericbourdon.fr\/art\/wp-json\/wp\/v2\/media?parent=12787"}],"wp:term":[{"taxonomy":"category","embeddable":true,"href":"https:\/\/ericbourdon.fr\/art\/wp-json\/wp\/v2\/categories?post=12787"},{"taxonomy":"post_tag","embeddable":true,"href":"https:\/\/ericbourdon.fr\/art\/wp-json\/wp\/v2\/tags?post=12787"}],"curies":[{"name":"wp","href":"https:\/\/api.w.org\/{rel}","templated":true}]}}