{"id":14801,"date":"2024-12-06T17:27:38","date_gmt":"2024-12-06T16:27:38","guid":{"rendered":"https:\/\/ericbourdon.fr\/art\/?p=14801"},"modified":"2025-01-25T17:11:30","modified_gmt":"2025-01-25T16:11:30","slug":"salon-ecole-francaise-versailles-eric-bourdon","status":"publish","type":"post","link":"https:\/\/ericbourdon.fr\/art\/2024\/12\/06\/salon-ecole-francaise-versailles-eric-bourdon\/","title":{"rendered":"Salon de l&#8217;\u00c9cole Fran\u00e7aise \u00e0 Versailles"},"content":{"rendered":"\n<div style=\"text-align:center\"><a href=\"https:\/\/ericbourdon.fr\/art\/wp-content\/uploads\/2024\/12\/affiche-109e-salon-ecole-francaise-2024-versailles-eric-bourdon-750.jpg\" target=\"_blank\" rel=\"noopener noreferrer\"><img loading=\"lazy\" decoding=\"async\" width=\"440\" height=\"616\" src=\"https:\/\/ericbourdon.fr\/art\/wp-content\/uploads\/2024\/12\/affiche-109e-salon-ecole-francaise-2024-versailles-eric-bourdon-440.jpg\" alt=\"affiche 109e salon \u00e9cole fran\u00e7aise 2024 versailles eric bourdon\" class=\"wp-image-14805\" srcset=\"https:\/\/ericbourdon.fr\/art\/wp-content\/uploads\/2024\/12\/affiche-109e-salon-ecole-francaise-2024-versailles-eric-bourdon-440.jpg 440w, https:\/\/ericbourdon.fr\/art\/wp-content\/uploads\/2024\/12\/affiche-109e-salon-ecole-francaise-2024-versailles-eric-bourdon-440-214x300.jpg 214w, https:\/\/ericbourdon.fr\/art\/wp-content\/uploads\/2024\/12\/affiche-109e-salon-ecole-francaise-2024-versailles-eric-bourdon-440-107x150.jpg 107w\" sizes=\"auto, (max-width: 440px) 100vw, 440px\" \/><\/a><\/div><br>\n\n\n\n<p class=\"has-text-align-center\"><a href=\"https:\/\/ericbourdon.fr\/art\/wp-content\/uploads\/2024\/12\/affiche-109e-salon-ecole-francaise-2024-versailles-eric-bourdon-750.jpg\" target=\"_blank\" rel=\"noreferrer noopener\">Zoom sur l&#8217;affiche<\/a><\/p>\n\n\n\n<p style=\"text-align:justify\"><br>&nbsp;&nbsp;&nbsp;&nbsp;&nbsp;Le peintre Eric Bourdon participe au <strong>Salon 2024 de l&#8217;\u00c9cole Fran\u00e7aise, \u00e0 Versailles.<\/strong> Cette 109\u00e8me \u00e9dition du Salon de l&#8217;\u00c9cole Fran\u00e7aise se tiendra du mardi 10 au dimanche 15 d\u00e9cembre au &#8220;Carr\u00e9 \u00e0 la Farine&#8221;, de 11h \u00e0 18h, Place du March\u00e9 Notre-Dame, 70 bis rue de la Paroisse, \u00e0 quelques rues du Ch\u00e2teau&#8230; [&nbsp;<a href=\"https:\/\/www.openstreetmap.org\/#map=19\/48.806360\/2.132614\" target=\"_blank\" rel=\"noreferrer noopener\">Voir sur OpenStreetMap<\/a>&nbsp;].<br><br><\/p>\n\n\n\n<!--more-->\n\n\n\n<p style=\"text-align:justify\"><br>&nbsp;&nbsp;&nbsp;&nbsp;&nbsp;Le <a href=\"https:\/\/salonecolefrancaise.com\/\" target=\"_blank\" rel=\"noreferrer noopener\">Salon de l&#8217;\u00c9cole Fran\u00e7aise<\/a> a \u00e9t\u00e9 fond\u00e9 par le peintre Paul Plument de Bailhac en 1903. Son exposition annuelle s&#8217;est tenue d\u00e8s 1904 \u00e0 Paris durant tout le 20\u00e8me si\u00e8cle, puis \u00e0 Versailles \u00e0 partir de 2019.<br><br>\n&nbsp;&nbsp;&nbsp;&nbsp;&nbsp;Le Salon d\u00e9fendait l&#8217;art figuratif et Fran\u00e7ais&nbsp;: nombreux \u00e9taient les prolongateurs des peintres de Barbizon (peintres paysagistes pr\u00e9curseurs de l&#8217;impressionnisme) et du portraitisme mondain&nbsp;; l&#8217;art monumental y \u00e9tait \u00e9galement bien repr\u00e9sent\u00e9. On y organisa une r\u00e9trospective Eug\u00e8ne Boudin en 1908.<br><br>\n&nbsp;&nbsp;&nbsp;&nbsp;&nbsp;Dans les ann\u00e9es 50, le Salon s&#8217;est ouvert aux artistes \u00e9trangers et aux nouvelles tendances artistiques.<br><br>\n&nbsp;&nbsp;&nbsp;&nbsp;&nbsp;Apr\u00e8s le Grand Palais, le Mus\u00e9e des Beaux-Arts, le Mus\u00e9e du Luxembourg, les Salles Royales de la Madeleine et d&#8217;autres lieux, l\u2019association de l&#8217;\u00c9cole Fran\u00e7aise tient son Salon dans la belle salle du &#8220;Carr\u00e9 \u00e0 la Farine&#8221; \u00e0 Versailles, avec une fine s\u00e9lection de sculptures et de peintures contemporaines, abstraites ou figuratives, &#8220;le go\u00fbt du beau \u00e0 l&#8217;esprit&#8221;.<br><br>\n<p>\n\n\n\n<p class=\"has-text-align-center\"><strong>&#8216;Vernissage&#8217; le samedi 14 d\u00e9cembre, 14h-19h<\/strong><br><br><a href=\"https:\/\/ericbourdon.fr\/art\/wp-content\/uploads\/2024\/12\/invitation-salon-ecole-francaise-2024-versailles-eric-bourdon.pdf\" target=\"_blank\" rel=\"noreferrer noopener\"><em>T\u00e9l\u00e9chargez votre invitation !<\/em><br>[pdf 1Mo]<\/a><\/p><br><br><br>\n\n\n\n<div style=\"text-align: right;\"><br><br><br><br><img loading=\"lazy\" decoding=\"async\" src=\"https:\/\/ericbourdon.fr\/art\/wp-content\/uploads\/2019\/02\/eric-bourdon-english.png\" alt=\"english eric bourdon\" width=\"18\" height=\"15\">&nbsp;&nbsp;&nbsp;<a href=\"https:\/\/ericbourdon.com\/news\/2024\/12\/06\/salon-french-school-versailles-eric-bourdon\/\" target=\"_blank\" rel=\"noopener noreferrer\">Salon of the French School in Versailles<\/a><\/div>\n<p>&nbsp;<\/p>\n<p>&nbsp;<\/p>\n","protected":false},"excerpt":{"rendered":"<p>Zoom sur l&#8217;affiche &nbsp;&nbsp;&nbsp;&nbsp;&nbsp;Le peintre Eric Bourdon participe au Salon 2024 de l&#8217;\u00c9cole Fran\u00e7aise, \u00e0 Versailles. Cette 109\u00e8me \u00e9dition du Salon de l&#8217;\u00c9cole Fran\u00e7aise se tiendra du mardi 10 au dimanche 15 d\u00e9cembre au &#8220;Carr\u00e9 \u00e0 la Farine&#8221;, de 11h \u00e0 18h, Place du March\u00e9 Notre-Dame, 70 bis rue de la Paroisse, \u00e0 quelques rues [&hellip;]<\/p>\n","protected":false},"author":67,"featured_media":14805,"comment_status":"open","ping_status":"closed","sticky":false,"template":"","format":"standard","meta":{"footnotes":""},"categories":[124,18,19],"tags":[],"class_list":["post-14801","post","type-post","status-publish","format-standard","has-post-thumbnail","hentry","category-expositions","category-peinture","category-sculpture"],"yoast_head":"<!-- This site is optimized with the Yoast SEO plugin v27.4 - https:\/\/yoast.com\/product\/yoast-seo-wordpress\/ -->\n<title>Salon de l&#039;\u00c9cole Fran\u00e7aise \u00e0 Versailles | Eric Bourdon<\/title>\n<meta name=\"description\" content=\"Le peintre Eric Bourdon participe au Salon de l\u2019\u00c9cole Fran\u00e7aise 2024. Cette 109\u00e8me \u00e9dition se tiendra du 10 au 15 d\u00e9cembre \u00e0 Versailles !\" \/>\n<meta name=\"robots\" content=\"index, follow, max-snippet:-1, max-image-preview:large, max-video-preview:-1\" \/>\n<link rel=\"canonical\" href=\"https:\/\/ericbourdon.fr\/art\/2024\/12\/06\/salon-ecole-francaise-versailles-eric-bourdon\/\" \/>\n<meta property=\"og:type\" content=\"article\" \/>\n<meta property=\"og:title\" content=\"Salon de l&#039;\u00c9cole Fran\u00e7aise \u00e0 Versailles | Eric Bourdon\" \/>\n<meta property=\"og:description\" content=\"Le peintre Eric Bourdon participe au Salon de l\u2019\u00c9cole Fran\u00e7aise 2024. Cette 109\u00e8me \u00e9dition se tiendra du 10 au 15 d\u00e9cembre \u00e0 Versailles !\" \/>\n<meta property=\"og:url\" content=\"https:\/\/ericbourdon.fr\/art\/2024\/12\/06\/salon-ecole-francaise-versailles-eric-bourdon\/\" \/>\n<meta property=\"og:site_name\" content=\"Eric Bourdon, artiste peintre contemporain \u00e0 Lille | Blog\" \/>\n<meta property=\"article:publisher\" content=\"https:\/\/www.facebook.com\/ArtbyEricBourdon\/\" \/>\n<meta property=\"article:author\" content=\"https:\/\/www.facebook.com\/ArtbyEricBourdon\/\" \/>\n<meta property=\"article:published_time\" content=\"2024-12-06T16:27:38+00:00\" \/>\n<meta property=\"article:modified_time\" content=\"2025-01-25T16:11:30+00:00\" \/>\n<meta property=\"og:image\" content=\"https:\/\/ericbourdon.fr\/art\/wp-content\/uploads\/2024\/12\/affiche-109e-salon-ecole-francaise-2024-versailles-eric-bourdon-750.jpg\" \/>\n\t<meta property=\"og:image:width\" content=\"535\" \/>\n\t<meta property=\"og:image:height\" content=\"750\" \/>\n\t<meta property=\"og:image:type\" content=\"image\/jpeg\" \/>\n<meta name=\"author\" content=\"Eric Bourdon\" \/>\n<meta name=\"twitter:label1\" content=\"Written by\" \/>\n\t<meta name=\"twitter:data1\" content=\"Eric Bourdon\" \/>\n\t<meta name=\"twitter:label2\" content=\"Est. reading time\" \/>\n\t<meta name=\"twitter:data2\" content=\"2 minutes\" \/>\n<script type=\"application\/ld+json\" class=\"yoast-schema-graph\">{\"@context\":\"https:\\\/\\\/schema.org\",\"@graph\":[{\"@type\":\"Article\",\"@id\":\"https:\\\/\\\/ericbourdon.fr\\\/art\\\/2024\\\/12\\\/06\\\/salon-ecole-francaise-versailles-eric-bourdon\\\/#article\",\"isPartOf\":{\"@id\":\"https:\\\/\\\/ericbourdon.fr\\\/art\\\/2024\\\/12\\\/06\\\/salon-ecole-francaise-versailles-eric-bourdon\\\/\"},\"author\":{\"name\":\"Eric Bourdon\",\"@id\":\"https:\\\/\\\/ericbourdon.fr\\\/art\\\/#\\\/schema\\\/person\\\/35997829794ccb4ff3a33684da4769f6\"},\"headline\":\"Salon de l&#8217;\u00c9cole Fran\u00e7aise \u00e0 Versailles\",\"datePublished\":\"2024-12-06T16:27:38+00:00\",\"dateModified\":\"2025-01-25T16:11:30+00:00\",\"mainEntityOfPage\":{\"@id\":\"https:\\\/\\\/ericbourdon.fr\\\/art\\\/2024\\\/12\\\/06\\\/salon-ecole-francaise-versailles-eric-bourdon\\\/\"},\"wordCount\":288,\"commentCount\":0,\"publisher\":{\"@id\":\"https:\\\/\\\/ericbourdon.fr\\\/art\\\/#\\\/schema\\\/person\\\/35997829794ccb4ff3a33684da4769f6\"},\"image\":{\"@id\":\"https:\\\/\\\/ericbourdon.fr\\\/art\\\/2024\\\/12\\\/06\\\/salon-ecole-francaise-versailles-eric-bourdon\\\/#primaryimage\"},\"thumbnailUrl\":\"https:\\\/\\\/ericbourdon.fr\\\/art\\\/wp-content\\\/uploads\\\/2024\\\/12\\\/affiche-109e-salon-ecole-francaise-2024-versailles-eric-bourdon-440.jpg\",\"articleSection\":[\"Expositions\",\"Peinture\",\"Sculpture\"],\"inLanguage\":\"fr\",\"potentialAction\":[{\"@type\":\"CommentAction\",\"name\":\"Comment\",\"target\":[\"https:\\\/\\\/ericbourdon.fr\\\/art\\\/2024\\\/12\\\/06\\\/salon-ecole-francaise-versailles-eric-bourdon\\\/#respond\"]}]},{\"@type\":\"WebPage\",\"@id\":\"https:\\\/\\\/ericbourdon.fr\\\/art\\\/2024\\\/12\\\/06\\\/salon-ecole-francaise-versailles-eric-bourdon\\\/\",\"url\":\"https:\\\/\\\/ericbourdon.fr\\\/art\\\/2024\\\/12\\\/06\\\/salon-ecole-francaise-versailles-eric-bourdon\\\/\",\"name\":\"Salon de l'\u00c9cole Fran\u00e7aise \u00e0 Versailles | Eric Bourdon\",\"isPartOf\":{\"@id\":\"https:\\\/\\\/ericbourdon.fr\\\/art\\\/#website\"},\"primaryImageOfPage\":{\"@id\":\"https:\\\/\\\/ericbourdon.fr\\\/art\\\/2024\\\/12\\\/06\\\/salon-ecole-francaise-versailles-eric-bourdon\\\/#primaryimage\"},\"image\":{\"@id\":\"https:\\\/\\\/ericbourdon.fr\\\/art\\\/2024\\\/12\\\/06\\\/salon-ecole-francaise-versailles-eric-bourdon\\\/#primaryimage\"},\"thumbnailUrl\":\"https:\\\/\\\/ericbourdon.fr\\\/art\\\/wp-content\\\/uploads\\\/2024\\\/12\\\/affiche-109e-salon-ecole-francaise-2024-versailles-eric-bourdon-440.jpg\",\"datePublished\":\"2024-12-06T16:27:38+00:00\",\"dateModified\":\"2025-01-25T16:11:30+00:00\",\"description\":\"Le peintre Eric Bourdon participe au Salon de l\u2019\u00c9cole Fran\u00e7aise 2024. Cette 109\u00e8me \u00e9dition se tiendra du 10 au 15 d\u00e9cembre \u00e0 Versailles !\",\"breadcrumb\":{\"@id\":\"https:\\\/\\\/ericbourdon.fr\\\/art\\\/2024\\\/12\\\/06\\\/salon-ecole-francaise-versailles-eric-bourdon\\\/#breadcrumb\"},\"inLanguage\":\"fr\",\"potentialAction\":[{\"@type\":\"ReadAction\",\"target\":[\"https:\\\/\\\/ericbourdon.fr\\\/art\\\/2024\\\/12\\\/06\\\/salon-ecole-francaise-versailles-eric-bourdon\\\/\"]}]},{\"@type\":\"ImageObject\",\"inLanguage\":\"fr\",\"@id\":\"https:\\\/\\\/ericbourdon.fr\\\/art\\\/2024\\\/12\\\/06\\\/salon-ecole-francaise-versailles-eric-bourdon\\\/#primaryimage\",\"url\":\"https:\\\/\\\/ericbourdon.fr\\\/art\\\/wp-content\\\/uploads\\\/2024\\\/12\\\/affiche-109e-salon-ecole-francaise-2024-versailles-eric-bourdon-440.jpg\",\"contentUrl\":\"https:\\\/\\\/ericbourdon.fr\\\/art\\\/wp-content\\\/uploads\\\/2024\\\/12\\\/affiche-109e-salon-ecole-francaise-2024-versailles-eric-bourdon-440.jpg\",\"width\":440,\"height\":616,\"caption\":\"affiche-109e-salon-ecole-francaise-2024-versailles-eric-bourdon-440\"},{\"@type\":\"BreadcrumbList\",\"@id\":\"https:\\\/\\\/ericbourdon.fr\\\/art\\\/2024\\\/12\\\/06\\\/salon-ecole-francaise-versailles-eric-bourdon\\\/#breadcrumb\",\"itemListElement\":[{\"@type\":\"ListItem\",\"position\":1,\"name\":\"Eric Bourdon\",\"item\":\"https:\\\/\\\/ericbourdon.fr\"},{\"@type\":\"ListItem\",\"position\":2,\"name\":\"Blog\",\"item\":\"https:\\\/\\\/ericbourdon.fr\\\/art\\\/\"},{\"@type\":\"ListItem\",\"position\":3,\"name\":\"Expositions\",\"item\":\"https:\\\/\\\/ericbourdon.fr\\\/art\\\/categorie\\\/expositions\\\/\"},{\"@type\":\"ListItem\",\"position\":4,\"name\":\"Salon de l&rsquo;\u00c9cole Fran\u00e7aise \u00e0 Versailles\"}]},{\"@type\":\"WebSite\",\"@id\":\"https:\\\/\\\/ericbourdon.fr\\\/art\\\/#website\",\"url\":\"https:\\\/\\\/ericbourdon.fr\\\/art\\\/\",\"name\":\"Eric Bourdon, artiste peintre contemporain \u00e0 Lille | Blog\",\"description\":\"Peinture, dessin, arts et artistes... Actualit\u00e9s des galeries d&#039;art et expositions...\",\"publisher\":{\"@id\":\"https:\\\/\\\/ericbourdon.fr\\\/art\\\/#\\\/schema\\\/person\\\/35997829794ccb4ff3a33684da4769f6\"},\"potentialAction\":[{\"@type\":\"SearchAction\",\"target\":{\"@type\":\"EntryPoint\",\"urlTemplate\":\"https:\\\/\\\/ericbourdon.fr\\\/art\\\/?s={search_term_string}\"},\"query-input\":{\"@type\":\"PropertyValueSpecification\",\"valueRequired\":true,\"valueName\":\"search_term_string\"}}],\"inLanguage\":\"fr\"},{\"@type\":[\"Person\",\"Organization\"],\"@id\":\"https:\\\/\\\/ericbourdon.fr\\\/art\\\/#\\\/schema\\\/person\\\/35997829794ccb4ff3a33684da4769f6\",\"name\":\"Eric Bourdon\",\"image\":{\"@type\":\"ImageObject\",\"inLanguage\":\"fr\",\"@id\":\"https:\\\/\\\/ericbourdon.fr\\\/art\\\/wp-content\\\/uploads\\\/2021\\\/05\\\/eric-bourdon-artiste-peintre-francais-contemporain-lille-france.jpg\",\"url\":\"https:\\\/\\\/ericbourdon.fr\\\/art\\\/wp-content\\\/uploads\\\/2021\\\/05\\\/eric-bourdon-artiste-peintre-francais-contemporain-lille-france.jpg\",\"contentUrl\":\"https:\\\/\\\/ericbourdon.fr\\\/art\\\/wp-content\\\/uploads\\\/2021\\\/05\\\/eric-bourdon-artiste-peintre-francais-contemporain-lille-france.jpg\",\"width\":220,\"height\":220,\"caption\":\"Eric Bourdon\"},\"logo\":{\"@id\":\"https:\\\/\\\/ericbourdon.fr\\\/art\\\/wp-content\\\/uploads\\\/2021\\\/05\\\/eric-bourdon-artiste-peintre-francais-contemporain-lille-france.jpg\"},\"sameAs\":[\"https:\\\/\\\/ericbourdon.fr\\\/\",\"https:\\\/\\\/www.facebook.com\\\/ArtbyEricBourdon\\\/\",\"https:\\\/\\\/www.instagram.com\\\/eric.bourdon.art\\\/\",\"https:\\\/\\\/fr.linkedin.com\\\/in\\\/eric-bourdon\\\/fr\",\"https:\\\/\\\/www.pinterest.fr\\\/EricBourdonArt\\\/\",\"https:\\\/\\\/en.wikipedia.org\\\/wiki\\\/\u00c9ric_Bourdon\"]}]}<\/script>\n<!-- \/ Yoast SEO plugin. -->","yoast_head_json":{"title":"Salon de l'\u00c9cole Fran\u00e7aise \u00e0 Versailles | Eric Bourdon","description":"Le peintre Eric Bourdon participe au Salon de l\u2019\u00c9cole Fran\u00e7aise 2024. Cette 109\u00e8me \u00e9dition se tiendra du 10 au 15 d\u00e9cembre \u00e0 Versailles !","robots":{"index":"index","follow":"follow","max-snippet":"max-snippet:-1","max-image-preview":"max-image-preview:large","max-video-preview":"max-video-preview:-1"},"canonical":"https:\/\/ericbourdon.fr\/art\/2024\/12\/06\/salon-ecole-francaise-versailles-eric-bourdon\/","og_type":"article","og_title":"Salon de l'\u00c9cole Fran\u00e7aise \u00e0 Versailles | Eric Bourdon","og_description":"Le peintre Eric Bourdon participe au Salon de l\u2019\u00c9cole Fran\u00e7aise 2024. Cette 109\u00e8me \u00e9dition se tiendra du 10 au 15 d\u00e9cembre \u00e0 Versailles !","og_url":"https:\/\/ericbourdon.fr\/art\/2024\/12\/06\/salon-ecole-francaise-versailles-eric-bourdon\/","og_site_name":"Eric Bourdon, artiste peintre contemporain \u00e0 Lille | Blog","article_publisher":"https:\/\/www.facebook.com\/ArtbyEricBourdon\/","article_author":"https:\/\/www.facebook.com\/ArtbyEricBourdon\/","article_published_time":"2024-12-06T16:27:38+00:00","article_modified_time":"2025-01-25T16:11:30+00:00","og_image":[{"width":535,"height":750,"url":"https:\/\/ericbourdon.fr\/art\/wp-content\/uploads\/2024\/12\/affiche-109e-salon-ecole-francaise-2024-versailles-eric-bourdon-750.jpg","type":"image\/jpeg"}],"author":"Eric Bourdon","twitter_misc":{"Written by":"Eric Bourdon","Est. reading time":"2 minutes"},"schema":{"@context":"https:\/\/schema.org","@graph":[{"@type":"Article","@id":"https:\/\/ericbourdon.fr\/art\/2024\/12\/06\/salon-ecole-francaise-versailles-eric-bourdon\/#article","isPartOf":{"@id":"https:\/\/ericbourdon.fr\/art\/2024\/12\/06\/salon-ecole-francaise-versailles-eric-bourdon\/"},"author":{"name":"Eric Bourdon","@id":"https:\/\/ericbourdon.fr\/art\/#\/schema\/person\/35997829794ccb4ff3a33684da4769f6"},"headline":"Salon de l&#8217;\u00c9cole Fran\u00e7aise \u00e0 Versailles","datePublished":"2024-12-06T16:27:38+00:00","dateModified":"2025-01-25T16:11:30+00:00","mainEntityOfPage":{"@id":"https:\/\/ericbourdon.fr\/art\/2024\/12\/06\/salon-ecole-francaise-versailles-eric-bourdon\/"},"wordCount":288,"commentCount":0,"publisher":{"@id":"https:\/\/ericbourdon.fr\/art\/#\/schema\/person\/35997829794ccb4ff3a33684da4769f6"},"image":{"@id":"https:\/\/ericbourdon.fr\/art\/2024\/12\/06\/salon-ecole-francaise-versailles-eric-bourdon\/#primaryimage"},"thumbnailUrl":"https:\/\/ericbourdon.fr\/art\/wp-content\/uploads\/2024\/12\/affiche-109e-salon-ecole-francaise-2024-versailles-eric-bourdon-440.jpg","articleSection":["Expositions","Peinture","Sculpture"],"inLanguage":"fr","potentialAction":[{"@type":"CommentAction","name":"Comment","target":["https:\/\/ericbourdon.fr\/art\/2024\/12\/06\/salon-ecole-francaise-versailles-eric-bourdon\/#respond"]}]},{"@type":"WebPage","@id":"https:\/\/ericbourdon.fr\/art\/2024\/12\/06\/salon-ecole-francaise-versailles-eric-bourdon\/","url":"https:\/\/ericbourdon.fr\/art\/2024\/12\/06\/salon-ecole-francaise-versailles-eric-bourdon\/","name":"Salon de l'\u00c9cole Fran\u00e7aise \u00e0 Versailles | Eric Bourdon","isPartOf":{"@id":"https:\/\/ericbourdon.fr\/art\/#website"},"primaryImageOfPage":{"@id":"https:\/\/ericbourdon.fr\/art\/2024\/12\/06\/salon-ecole-francaise-versailles-eric-bourdon\/#primaryimage"},"image":{"@id":"https:\/\/ericbourdon.fr\/art\/2024\/12\/06\/salon-ecole-francaise-versailles-eric-bourdon\/#primaryimage"},"thumbnailUrl":"https:\/\/ericbourdon.fr\/art\/wp-content\/uploads\/2024\/12\/affiche-109e-salon-ecole-francaise-2024-versailles-eric-bourdon-440.jpg","datePublished":"2024-12-06T16:27:38+00:00","dateModified":"2025-01-25T16:11:30+00:00","description":"Le peintre Eric Bourdon participe au Salon de l\u2019\u00c9cole Fran\u00e7aise 2024. Cette 109\u00e8me \u00e9dition se tiendra du 10 au 15 d\u00e9cembre \u00e0 Versailles !","breadcrumb":{"@id":"https:\/\/ericbourdon.fr\/art\/2024\/12\/06\/salon-ecole-francaise-versailles-eric-bourdon\/#breadcrumb"},"inLanguage":"fr","potentialAction":[{"@type":"ReadAction","target":["https:\/\/ericbourdon.fr\/art\/2024\/12\/06\/salon-ecole-francaise-versailles-eric-bourdon\/"]}]},{"@type":"ImageObject","inLanguage":"fr","@id":"https:\/\/ericbourdon.fr\/art\/2024\/12\/06\/salon-ecole-francaise-versailles-eric-bourdon\/#primaryimage","url":"https:\/\/ericbourdon.fr\/art\/wp-content\/uploads\/2024\/12\/affiche-109e-salon-ecole-francaise-2024-versailles-eric-bourdon-440.jpg","contentUrl":"https:\/\/ericbourdon.fr\/art\/wp-content\/uploads\/2024\/12\/affiche-109e-salon-ecole-francaise-2024-versailles-eric-bourdon-440.jpg","width":440,"height":616,"caption":"affiche-109e-salon-ecole-francaise-2024-versailles-eric-bourdon-440"},{"@type":"BreadcrumbList","@id":"https:\/\/ericbourdon.fr\/art\/2024\/12\/06\/salon-ecole-francaise-versailles-eric-bourdon\/#breadcrumb","itemListElement":[{"@type":"ListItem","position":1,"name":"Eric Bourdon","item":"https:\/\/ericbourdon.fr"},{"@type":"ListItem","position":2,"name":"Blog","item":"https:\/\/ericbourdon.fr\/art\/"},{"@type":"ListItem","position":3,"name":"Expositions","item":"https:\/\/ericbourdon.fr\/art\/categorie\/expositions\/"},{"@type":"ListItem","position":4,"name":"Salon de l&rsquo;\u00c9cole Fran\u00e7aise \u00e0 Versailles"}]},{"@type":"WebSite","@id":"https:\/\/ericbourdon.fr\/art\/#website","url":"https:\/\/ericbourdon.fr\/art\/","name":"Eric Bourdon, artiste peintre contemporain \u00e0 Lille | Blog","description":"Peinture, dessin, arts et artistes... Actualit\u00e9s des galeries d&#039;art et expositions...","publisher":{"@id":"https:\/\/ericbourdon.fr\/art\/#\/schema\/person\/35997829794ccb4ff3a33684da4769f6"},"potentialAction":[{"@type":"SearchAction","target":{"@type":"EntryPoint","urlTemplate":"https:\/\/ericbourdon.fr\/art\/?s={search_term_string}"},"query-input":{"@type":"PropertyValueSpecification","valueRequired":true,"valueName":"search_term_string"}}],"inLanguage":"fr"},{"@type":["Person","Organization"],"@id":"https:\/\/ericbourdon.fr\/art\/#\/schema\/person\/35997829794ccb4ff3a33684da4769f6","name":"Eric Bourdon","image":{"@type":"ImageObject","inLanguage":"fr","@id":"https:\/\/ericbourdon.fr\/art\/wp-content\/uploads\/2021\/05\/eric-bourdon-artiste-peintre-francais-contemporain-lille-france.jpg","url":"https:\/\/ericbourdon.fr\/art\/wp-content\/uploads\/2021\/05\/eric-bourdon-artiste-peintre-francais-contemporain-lille-france.jpg","contentUrl":"https:\/\/ericbourdon.fr\/art\/wp-content\/uploads\/2021\/05\/eric-bourdon-artiste-peintre-francais-contemporain-lille-france.jpg","width":220,"height":220,"caption":"Eric Bourdon"},"logo":{"@id":"https:\/\/ericbourdon.fr\/art\/wp-content\/uploads\/2021\/05\/eric-bourdon-artiste-peintre-francais-contemporain-lille-france.jpg"},"sameAs":["https:\/\/ericbourdon.fr\/","https:\/\/www.facebook.com\/ArtbyEricBourdon\/","https:\/\/www.instagram.com\/eric.bourdon.art\/","https:\/\/fr.linkedin.com\/in\/eric-bourdon\/fr","https:\/\/www.pinterest.fr\/EricBourdonArt\/","https:\/\/en.wikipedia.org\/wiki\/\u00c9ric_Bourdon"]}]}},"_links":{"self":[{"href":"https:\/\/ericbourdon.fr\/art\/wp-json\/wp\/v2\/posts\/14801","targetHints":{"allow":["GET"]}}],"collection":[{"href":"https:\/\/ericbourdon.fr\/art\/wp-json\/wp\/v2\/posts"}],"about":[{"href":"https:\/\/ericbourdon.fr\/art\/wp-json\/wp\/v2\/types\/post"}],"author":[{"embeddable":true,"href":"https:\/\/ericbourdon.fr\/art\/wp-json\/wp\/v2\/users\/67"}],"replies":[{"embeddable":true,"href":"https:\/\/ericbourdon.fr\/art\/wp-json\/wp\/v2\/comments?post=14801"}],"version-history":[{"count":4,"href":"https:\/\/ericbourdon.fr\/art\/wp-json\/wp\/v2\/posts\/14801\/revisions"}],"predecessor-version":[{"id":14841,"href":"https:\/\/ericbourdon.fr\/art\/wp-json\/wp\/v2\/posts\/14801\/revisions\/14841"}],"wp:featuredmedia":[{"embeddable":true,"href":"https:\/\/ericbourdon.fr\/art\/wp-json\/wp\/v2\/media\/14805"}],"wp:attachment":[{"href":"https:\/\/ericbourdon.fr\/art\/wp-json\/wp\/v2\/media?parent=14801"}],"wp:term":[{"taxonomy":"category","embeddable":true,"href":"https:\/\/ericbourdon.fr\/art\/wp-json\/wp\/v2\/categories?post=14801"},{"taxonomy":"post_tag","embeddable":true,"href":"https:\/\/ericbourdon.fr\/art\/wp-json\/wp\/v2\/tags?post=14801"}],"curies":[{"name":"wp","href":"https:\/\/api.w.org\/{rel}","templated":true}]}}