{"id":4449,"date":"2012-10-13T10:31:41","date_gmt":"2012-10-13T09:31:41","guid":{"rendered":"http:\/\/www.ericbourdon.com\/news\/?p=4449"},"modified":"2024-06-17T10:01:53","modified_gmt":"2024-06-17T09:01:53","slug":"exposition-fantastique-a-lille","status":"publish","type":"post","link":"https:\/\/ericbourdon.fr\/art\/2012\/10\/13\/exposition-fantastique-a-lille\/","title":{"rendered":"Exposition &#8216;Fantastique&#8217; \u00e0 Lille"},"content":{"rendered":"\n<p style=\"text-align: justify;\">&nbsp;&nbsp;&nbsp;L&#8217;affiche de l&#8217;exposition lilloise <a href=\"https:\/\/ericbourdon.fr\/peinture-fantastique-galerie-schemes-eric-bourdon.html\" target=\"_blank\" rel=\"noopener\"><em>&#8220;Aux Portes du Fantastique&#8221;<\/em><\/a>, \u00e0 la Galerie Sch\u00e8mes. Expo \u00e0 Lille jusqu&#8217;au 17 novembre. Affiche \u00e0 diffuser librement (cliquer sur l&#8217;image \u00e0 60Ko pour avoir le grand format \u00e0 400Ko). Cr\u00e9ation <a href=\"https:\/\/ericbourdon.fr\/choc-genres-eric-bourdon-chimere-galerie-schemes.html\" target=\"_blank\" rel=\"noopener\"><em>Chim\u00e8re<\/em><\/a> (Fabien Revoy, <a href=\"https:\/\/www.chimere-art.fr\/\" target=\"_blank\" rel=\"noopener\">artiste peintre graphiste webdesigner<\/a>&#8230; qui participe \u00e9galement \u00e0 l&#8217;expo). Une fantastique exposition d&#8217;artistes internationaux, en partenariat avec la banque <em>Barclays<\/em>. Peintures, sculptures, costumes m\u00e9di\u00e9vaux, totems, masques&#8230; vous y attendent&nbsp;!<\/p>\n<p><a href=\"https:\/\/ericbourdon.fr\/art\/wp-content\/uploads\/2012\/10\/affiche_fantastique_schemes_1.jpg\" target=\"_blank\" rel=\"noopener\"><img loading=\"lazy\" decoding=\"async\" class=\"alignleft size-full wp-image-4450\" title=\"\" src=\"https:\/\/ericbourdon.fr\/art\/wp-content\/uploads\/2012\/10\/affiche_fantastique_schemes_2.jpg\" alt=\"affiche fantastique Sch\u00e8mes 2\" width=\"440\" height=\"660\" srcset=\"https:\/\/ericbourdon.fr\/art\/wp-content\/uploads\/2012\/10\/affiche_fantastique_schemes_2.jpg 440w, https:\/\/ericbourdon.fr\/art\/wp-content\/uploads\/2012\/10\/affiche_fantastique_schemes_2-100x150.jpg 100w, https:\/\/ericbourdon.fr\/art\/wp-content\/uploads\/2012\/10\/affiche_fantastique_schemes_2-200x300.jpg 200w, https:\/\/ericbourdon.fr\/art\/wp-content\/uploads\/2012\/10\/affiche_fantastique_schemes_2-341x512.jpg 341w\" sizes=\"auto, (max-width: 440px) 100vw, 440px\" \/><\/a><br>\n<p>&nbsp;<\/p>\n","protected":false},"excerpt":{"rendered":"<p>&nbsp;&nbsp;&nbsp;L&#8217;affiche de l&#8217;exposition lilloise &#8220;Aux Portes du Fantastique&#8221;, \u00e0 la Galerie Sch\u00e8mes. Expo \u00e0 Lille jusqu&#8217;au 17 novembre. Affiche \u00e0 diffuser librement (cliquer sur l&#8217;image \u00e0 60Ko pour avoir le grand format \u00e0 400Ko). Cr\u00e9ation Chim\u00e8re (Fabien Revoy, artiste peintre graphiste webdesigner&#8230; qui participe \u00e9galement \u00e0 l&#8217;expo). Une fantastique exposition d&#8217;artistes internationaux, en partenariat avec [&hellip;]<\/p>\n","protected":false},"author":67,"featured_media":0,"comment_status":"open","ping_status":"closed","sticky":false,"template":"","format":"standard","meta":{"footnotes":""},"categories":[124,131,18,19],"tags":[],"class_list":["post-4449","post","type-post","status-publish","format-standard","hentry","category-expositions","category-galeries-art","category-peinture","category-sculpture"],"yoast_head":"<!-- This site is optimized with the Yoast SEO plugin v27.4 - https:\/\/yoast.com\/product\/yoast-seo-wordpress\/ -->\n<title>Exposition &#039;Fantastique&#039; \u00e0 Lille | Eric Bourdon<\/title>\n<meta name=\"description\" content=\"L&#039;affiche de l&#039;exposition &quot;Aux Portes du Fantastique&quot; \u00e0 la Galerie Sch\u00e8mes \u00e0 Lille. Expo jusqu&#039;au 17 novembre 2012...! Cr\u00e9ation Chim\u00e8re.\" \/>\n<meta name=\"robots\" content=\"index, follow, max-snippet:-1, max-image-preview:large, max-video-preview:-1\" \/>\n<link rel=\"canonical\" href=\"https:\/\/ericbourdon.fr\/art\/2012\/10\/13\/exposition-fantastique-a-lille\/\" \/>\n<meta property=\"og:type\" content=\"article\" \/>\n<meta property=\"og:title\" content=\"Exposition &#039;Fantastique&#039; \u00e0 Lille | Eric Bourdon\" \/>\n<meta property=\"og:description\" content=\"L&#039;affiche de l&#039;exposition &quot;Aux Portes du Fantastique&quot; \u00e0 la Galerie Sch\u00e8mes \u00e0 Lille. Expo jusqu&#039;au 17 novembre 2012...! Cr\u00e9ation Chim\u00e8re.\" \/>\n<meta property=\"og:url\" content=\"https:\/\/ericbourdon.fr\/art\/2012\/10\/13\/exposition-fantastique-a-lille\/\" \/>\n<meta property=\"og:site_name\" content=\"Eric Bourdon, artiste peintre contemporain \u00e0 Lille | Blog\" \/>\n<meta property=\"article:publisher\" content=\"https:\/\/www.facebook.com\/ArtbyEricBourdon\/\" \/>\n<meta property=\"article:author\" content=\"https:\/\/www.facebook.com\/ArtbyEricBourdon\/\" \/>\n<meta property=\"article:published_time\" content=\"2012-10-13T09:31:41+00:00\" \/>\n<meta property=\"article:modified_time\" content=\"2024-06-17T09:01:53+00:00\" \/>\n<meta property=\"og:image\" content=\"https:\/\/ericbourdon.fr\/art\/wp-content\/uploads\/2012\/10\/affiche_fantastique_schemes_2.jpg\" \/>\n<meta name=\"author\" content=\"Eric Bourdon\" \/>\n<meta name=\"twitter:label1\" content=\"Written by\" \/>\n\t<meta name=\"twitter:data1\" content=\"Eric Bourdon\" \/>\n\t<meta name=\"twitter:label2\" content=\"Est. reading time\" \/>\n\t<meta name=\"twitter:data2\" content=\"1 minute\" \/>\n<script type=\"application\/ld+json\" class=\"yoast-schema-graph\">{\"@context\":\"https:\\\/\\\/schema.org\",\"@graph\":[{\"@type\":\"Article\",\"@id\":\"https:\\\/\\\/ericbourdon.fr\\\/art\\\/2012\\\/10\\\/13\\\/exposition-fantastique-a-lille\\\/#article\",\"isPartOf\":{\"@id\":\"https:\\\/\\\/ericbourdon.fr\\\/art\\\/2012\\\/10\\\/13\\\/exposition-fantastique-a-lille\\\/\"},\"author\":{\"name\":\"Eric Bourdon\",\"@id\":\"https:\\\/\\\/ericbourdon.fr\\\/art\\\/#\\\/schema\\\/person\\\/35997829794ccb4ff3a33684da4769f6\"},\"headline\":\"Exposition &#8216;Fantastique&#8217; \u00e0 Lille\",\"datePublished\":\"2012-10-13T09:31:41+00:00\",\"dateModified\":\"2024-06-17T09:01:53+00:00\",\"mainEntityOfPage\":{\"@id\":\"https:\\\/\\\/ericbourdon.fr\\\/art\\\/2012\\\/10\\\/13\\\/exposition-fantastique-a-lille\\\/\"},\"wordCount\":79,\"commentCount\":0,\"publisher\":{\"@id\":\"https:\\\/\\\/ericbourdon.fr\\\/art\\\/#\\\/schema\\\/person\\\/35997829794ccb4ff3a33684da4769f6\"},\"image\":{\"@id\":\"https:\\\/\\\/ericbourdon.fr\\\/art\\\/2012\\\/10\\\/13\\\/exposition-fantastique-a-lille\\\/#primaryimage\"},\"thumbnailUrl\":\"https:\\\/\\\/ericbourdon.fr\\\/art\\\/wp-content\\\/uploads\\\/2012\\\/10\\\/affiche_fantastique_schemes_2.jpg\",\"articleSection\":[\"Expositions\",\"Galeries d\u2019art\",\"Peinture\",\"Sculpture\"],\"inLanguage\":\"fr\",\"potentialAction\":[{\"@type\":\"CommentAction\",\"name\":\"Comment\",\"target\":[\"https:\\\/\\\/ericbourdon.fr\\\/art\\\/2012\\\/10\\\/13\\\/exposition-fantastique-a-lille\\\/#respond\"]}]},{\"@type\":\"WebPage\",\"@id\":\"https:\\\/\\\/ericbourdon.fr\\\/art\\\/2012\\\/10\\\/13\\\/exposition-fantastique-a-lille\\\/\",\"url\":\"https:\\\/\\\/ericbourdon.fr\\\/art\\\/2012\\\/10\\\/13\\\/exposition-fantastique-a-lille\\\/\",\"name\":\"Exposition 'Fantastique' \u00e0 Lille | Eric Bourdon\",\"isPartOf\":{\"@id\":\"https:\\\/\\\/ericbourdon.fr\\\/art\\\/#website\"},\"primaryImageOfPage\":{\"@id\":\"https:\\\/\\\/ericbourdon.fr\\\/art\\\/2012\\\/10\\\/13\\\/exposition-fantastique-a-lille\\\/#primaryimage\"},\"image\":{\"@id\":\"https:\\\/\\\/ericbourdon.fr\\\/art\\\/2012\\\/10\\\/13\\\/exposition-fantastique-a-lille\\\/#primaryimage\"},\"thumbnailUrl\":\"https:\\\/\\\/ericbourdon.fr\\\/art\\\/wp-content\\\/uploads\\\/2012\\\/10\\\/affiche_fantastique_schemes_2.jpg\",\"datePublished\":\"2012-10-13T09:31:41+00:00\",\"dateModified\":\"2024-06-17T09:01:53+00:00\",\"description\":\"L'affiche de l'exposition \\\"Aux Portes du Fantastique\\\" \u00e0 la Galerie Sch\u00e8mes \u00e0 Lille. Expo jusqu'au 17 novembre 2012...! Cr\u00e9ation Chim\u00e8re.\",\"breadcrumb\":{\"@id\":\"https:\\\/\\\/ericbourdon.fr\\\/art\\\/2012\\\/10\\\/13\\\/exposition-fantastique-a-lille\\\/#breadcrumb\"},\"inLanguage\":\"fr\",\"potentialAction\":[{\"@type\":\"ReadAction\",\"target\":[\"https:\\\/\\\/ericbourdon.fr\\\/art\\\/2012\\\/10\\\/13\\\/exposition-fantastique-a-lille\\\/\"]}]},{\"@type\":\"ImageObject\",\"inLanguage\":\"fr\",\"@id\":\"https:\\\/\\\/ericbourdon.fr\\\/art\\\/2012\\\/10\\\/13\\\/exposition-fantastique-a-lille\\\/#primaryimage\",\"url\":\"https:\\\/\\\/ericbourdon.fr\\\/art\\\/wp-content\\\/uploads\\\/2012\\\/10\\\/affiche_fantastique_schemes_2.jpg\",\"contentUrl\":\"https:\\\/\\\/ericbourdon.fr\\\/art\\\/wp-content\\\/uploads\\\/2012\\\/10\\\/affiche_fantastique_schemes_2.jpg\",\"width\":\"440\",\"height\":\"660\",\"caption\":\"affiche fantastique Sch\u00e8mes 2\"},{\"@type\":\"BreadcrumbList\",\"@id\":\"https:\\\/\\\/ericbourdon.fr\\\/art\\\/2012\\\/10\\\/13\\\/exposition-fantastique-a-lille\\\/#breadcrumb\",\"itemListElement\":[{\"@type\":\"ListItem\",\"position\":1,\"name\":\"Eric Bourdon\",\"item\":\"https:\\\/\\\/ericbourdon.fr\"},{\"@type\":\"ListItem\",\"position\":2,\"name\":\"Blog\",\"item\":\"https:\\\/\\\/ericbourdon.fr\\\/art\\\/\"},{\"@type\":\"ListItem\",\"position\":3,\"name\":\"Peinture\",\"item\":\"https:\\\/\\\/ericbourdon.fr\\\/art\\\/categorie\\\/peinture\\\/\"},{\"@type\":\"ListItem\",\"position\":4,\"name\":\"Exposition &lsquo;Fantastique&rsquo; \u00e0 Lille\"}]},{\"@type\":\"WebSite\",\"@id\":\"https:\\\/\\\/ericbourdon.fr\\\/art\\\/#website\",\"url\":\"https:\\\/\\\/ericbourdon.fr\\\/art\\\/\",\"name\":\"Eric Bourdon, artiste peintre contemporain \u00e0 Lille | Blog\",\"description\":\"Peinture, dessin, arts et artistes... Actualit\u00e9s des galeries d&#039;art et expositions...\",\"publisher\":{\"@id\":\"https:\\\/\\\/ericbourdon.fr\\\/art\\\/#\\\/schema\\\/person\\\/35997829794ccb4ff3a33684da4769f6\"},\"potentialAction\":[{\"@type\":\"SearchAction\",\"target\":{\"@type\":\"EntryPoint\",\"urlTemplate\":\"https:\\\/\\\/ericbourdon.fr\\\/art\\\/?s={search_term_string}\"},\"query-input\":{\"@type\":\"PropertyValueSpecification\",\"valueRequired\":true,\"valueName\":\"search_term_string\"}}],\"inLanguage\":\"fr\"},{\"@type\":[\"Person\",\"Organization\"],\"@id\":\"https:\\\/\\\/ericbourdon.fr\\\/art\\\/#\\\/schema\\\/person\\\/35997829794ccb4ff3a33684da4769f6\",\"name\":\"Eric Bourdon\",\"image\":{\"@type\":\"ImageObject\",\"inLanguage\":\"fr\",\"@id\":\"https:\\\/\\\/ericbourdon.fr\\\/art\\\/wp-content\\\/uploads\\\/2021\\\/05\\\/eric-bourdon-artiste-peintre-francais-contemporain-lille-france.jpg\",\"url\":\"https:\\\/\\\/ericbourdon.fr\\\/art\\\/wp-content\\\/uploads\\\/2021\\\/05\\\/eric-bourdon-artiste-peintre-francais-contemporain-lille-france.jpg\",\"contentUrl\":\"https:\\\/\\\/ericbourdon.fr\\\/art\\\/wp-content\\\/uploads\\\/2021\\\/05\\\/eric-bourdon-artiste-peintre-francais-contemporain-lille-france.jpg\",\"width\":220,\"height\":220,\"caption\":\"Eric Bourdon\"},\"logo\":{\"@id\":\"https:\\\/\\\/ericbourdon.fr\\\/art\\\/wp-content\\\/uploads\\\/2021\\\/05\\\/eric-bourdon-artiste-peintre-francais-contemporain-lille-france.jpg\"},\"sameAs\":[\"https:\\\/\\\/ericbourdon.fr\\\/\",\"https:\\\/\\\/www.facebook.com\\\/ArtbyEricBourdon\\\/\",\"https:\\\/\\\/www.instagram.com\\\/eric.bourdon.art\\\/\",\"https:\\\/\\\/fr.linkedin.com\\\/in\\\/eric-bourdon\\\/fr\",\"https:\\\/\\\/www.pinterest.fr\\\/EricBourdonArt\\\/\",\"https:\\\/\\\/en.wikipedia.org\\\/wiki\\\/\u00c9ric_Bourdon\"]}]}<\/script>\n<!-- \/ Yoast SEO plugin. -->","yoast_head_json":{"title":"Exposition 'Fantastique' \u00e0 Lille | Eric Bourdon","description":"L'affiche de l'exposition \"Aux Portes du Fantastique\" \u00e0 la Galerie Sch\u00e8mes \u00e0 Lille. Expo jusqu'au 17 novembre 2012...! Cr\u00e9ation Chim\u00e8re.","robots":{"index":"index","follow":"follow","max-snippet":"max-snippet:-1","max-image-preview":"max-image-preview:large","max-video-preview":"max-video-preview:-1"},"canonical":"https:\/\/ericbourdon.fr\/art\/2012\/10\/13\/exposition-fantastique-a-lille\/","og_type":"article","og_title":"Exposition 'Fantastique' \u00e0 Lille | Eric Bourdon","og_description":"L'affiche de l'exposition \"Aux Portes du Fantastique\" \u00e0 la Galerie Sch\u00e8mes \u00e0 Lille. Expo jusqu'au 17 novembre 2012...! Cr\u00e9ation Chim\u00e8re.","og_url":"https:\/\/ericbourdon.fr\/art\/2012\/10\/13\/exposition-fantastique-a-lille\/","og_site_name":"Eric Bourdon, artiste peintre contemporain \u00e0 Lille | Blog","article_publisher":"https:\/\/www.facebook.com\/ArtbyEricBourdon\/","article_author":"https:\/\/www.facebook.com\/ArtbyEricBourdon\/","article_published_time":"2012-10-13T09:31:41+00:00","article_modified_time":"2024-06-17T09:01:53+00:00","og_image":[{"url":"https:\/\/ericbourdon.fr\/art\/wp-content\/uploads\/2012\/10\/affiche_fantastique_schemes_2.jpg","type":"","width":"","height":""}],"author":"Eric Bourdon","twitter_misc":{"Written by":"Eric Bourdon","Est. reading time":"1 minute"},"schema":{"@context":"https:\/\/schema.org","@graph":[{"@type":"Article","@id":"https:\/\/ericbourdon.fr\/art\/2012\/10\/13\/exposition-fantastique-a-lille\/#article","isPartOf":{"@id":"https:\/\/ericbourdon.fr\/art\/2012\/10\/13\/exposition-fantastique-a-lille\/"},"author":{"name":"Eric Bourdon","@id":"https:\/\/ericbourdon.fr\/art\/#\/schema\/person\/35997829794ccb4ff3a33684da4769f6"},"headline":"Exposition &#8216;Fantastique&#8217; \u00e0 Lille","datePublished":"2012-10-13T09:31:41+00:00","dateModified":"2024-06-17T09:01:53+00:00","mainEntityOfPage":{"@id":"https:\/\/ericbourdon.fr\/art\/2012\/10\/13\/exposition-fantastique-a-lille\/"},"wordCount":79,"commentCount":0,"publisher":{"@id":"https:\/\/ericbourdon.fr\/art\/#\/schema\/person\/35997829794ccb4ff3a33684da4769f6"},"image":{"@id":"https:\/\/ericbourdon.fr\/art\/2012\/10\/13\/exposition-fantastique-a-lille\/#primaryimage"},"thumbnailUrl":"https:\/\/ericbourdon.fr\/art\/wp-content\/uploads\/2012\/10\/affiche_fantastique_schemes_2.jpg","articleSection":["Expositions","Galeries d\u2019art","Peinture","Sculpture"],"inLanguage":"fr","potentialAction":[{"@type":"CommentAction","name":"Comment","target":["https:\/\/ericbourdon.fr\/art\/2012\/10\/13\/exposition-fantastique-a-lille\/#respond"]}]},{"@type":"WebPage","@id":"https:\/\/ericbourdon.fr\/art\/2012\/10\/13\/exposition-fantastique-a-lille\/","url":"https:\/\/ericbourdon.fr\/art\/2012\/10\/13\/exposition-fantastique-a-lille\/","name":"Exposition 'Fantastique' \u00e0 Lille | Eric Bourdon","isPartOf":{"@id":"https:\/\/ericbourdon.fr\/art\/#website"},"primaryImageOfPage":{"@id":"https:\/\/ericbourdon.fr\/art\/2012\/10\/13\/exposition-fantastique-a-lille\/#primaryimage"},"image":{"@id":"https:\/\/ericbourdon.fr\/art\/2012\/10\/13\/exposition-fantastique-a-lille\/#primaryimage"},"thumbnailUrl":"https:\/\/ericbourdon.fr\/art\/wp-content\/uploads\/2012\/10\/affiche_fantastique_schemes_2.jpg","datePublished":"2012-10-13T09:31:41+00:00","dateModified":"2024-06-17T09:01:53+00:00","description":"L'affiche de l'exposition \"Aux Portes du Fantastique\" \u00e0 la Galerie Sch\u00e8mes \u00e0 Lille. Expo jusqu'au 17 novembre 2012...! Cr\u00e9ation Chim\u00e8re.","breadcrumb":{"@id":"https:\/\/ericbourdon.fr\/art\/2012\/10\/13\/exposition-fantastique-a-lille\/#breadcrumb"},"inLanguage":"fr","potentialAction":[{"@type":"ReadAction","target":["https:\/\/ericbourdon.fr\/art\/2012\/10\/13\/exposition-fantastique-a-lille\/"]}]},{"@type":"ImageObject","inLanguage":"fr","@id":"https:\/\/ericbourdon.fr\/art\/2012\/10\/13\/exposition-fantastique-a-lille\/#primaryimage","url":"https:\/\/ericbourdon.fr\/art\/wp-content\/uploads\/2012\/10\/affiche_fantastique_schemes_2.jpg","contentUrl":"https:\/\/ericbourdon.fr\/art\/wp-content\/uploads\/2012\/10\/affiche_fantastique_schemes_2.jpg","width":"440","height":"660","caption":"affiche fantastique Sch\u00e8mes 2"},{"@type":"BreadcrumbList","@id":"https:\/\/ericbourdon.fr\/art\/2012\/10\/13\/exposition-fantastique-a-lille\/#breadcrumb","itemListElement":[{"@type":"ListItem","position":1,"name":"Eric Bourdon","item":"https:\/\/ericbourdon.fr"},{"@type":"ListItem","position":2,"name":"Blog","item":"https:\/\/ericbourdon.fr\/art\/"},{"@type":"ListItem","position":3,"name":"Peinture","item":"https:\/\/ericbourdon.fr\/art\/categorie\/peinture\/"},{"@type":"ListItem","position":4,"name":"Exposition &lsquo;Fantastique&rsquo; \u00e0 Lille"}]},{"@type":"WebSite","@id":"https:\/\/ericbourdon.fr\/art\/#website","url":"https:\/\/ericbourdon.fr\/art\/","name":"Eric Bourdon, artiste peintre contemporain \u00e0 Lille | Blog","description":"Peinture, dessin, arts et artistes... Actualit\u00e9s des galeries d&#039;art et expositions...","publisher":{"@id":"https:\/\/ericbourdon.fr\/art\/#\/schema\/person\/35997829794ccb4ff3a33684da4769f6"},"potentialAction":[{"@type":"SearchAction","target":{"@type":"EntryPoint","urlTemplate":"https:\/\/ericbourdon.fr\/art\/?s={search_term_string}"},"query-input":{"@type":"PropertyValueSpecification","valueRequired":true,"valueName":"search_term_string"}}],"inLanguage":"fr"},{"@type":["Person","Organization"],"@id":"https:\/\/ericbourdon.fr\/art\/#\/schema\/person\/35997829794ccb4ff3a33684da4769f6","name":"Eric Bourdon","image":{"@type":"ImageObject","inLanguage":"fr","@id":"https:\/\/ericbourdon.fr\/art\/wp-content\/uploads\/2021\/05\/eric-bourdon-artiste-peintre-francais-contemporain-lille-france.jpg","url":"https:\/\/ericbourdon.fr\/art\/wp-content\/uploads\/2021\/05\/eric-bourdon-artiste-peintre-francais-contemporain-lille-france.jpg","contentUrl":"https:\/\/ericbourdon.fr\/art\/wp-content\/uploads\/2021\/05\/eric-bourdon-artiste-peintre-francais-contemporain-lille-france.jpg","width":220,"height":220,"caption":"Eric Bourdon"},"logo":{"@id":"https:\/\/ericbourdon.fr\/art\/wp-content\/uploads\/2021\/05\/eric-bourdon-artiste-peintre-francais-contemporain-lille-france.jpg"},"sameAs":["https:\/\/ericbourdon.fr\/","https:\/\/www.facebook.com\/ArtbyEricBourdon\/","https:\/\/www.instagram.com\/eric.bourdon.art\/","https:\/\/fr.linkedin.com\/in\/eric-bourdon\/fr","https:\/\/www.pinterest.fr\/EricBourdonArt\/","https:\/\/en.wikipedia.org\/wiki\/\u00c9ric_Bourdon"]}]}},"_links":{"self":[{"href":"https:\/\/ericbourdon.fr\/art\/wp-json\/wp\/v2\/posts\/4449","targetHints":{"allow":["GET"]}}],"collection":[{"href":"https:\/\/ericbourdon.fr\/art\/wp-json\/wp\/v2\/posts"}],"about":[{"href":"https:\/\/ericbourdon.fr\/art\/wp-json\/wp\/v2\/types\/post"}],"author":[{"embeddable":true,"href":"https:\/\/ericbourdon.fr\/art\/wp-json\/wp\/v2\/users\/67"}],"replies":[{"embeddable":true,"href":"https:\/\/ericbourdon.fr\/art\/wp-json\/wp\/v2\/comments?post=4449"}],"version-history":[{"count":1,"href":"https:\/\/ericbourdon.fr\/art\/wp-json\/wp\/v2\/posts\/4449\/revisions"}],"predecessor-version":[{"id":14724,"href":"https:\/\/ericbourdon.fr\/art\/wp-json\/wp\/v2\/posts\/4449\/revisions\/14724"}],"wp:attachment":[{"href":"https:\/\/ericbourdon.fr\/art\/wp-json\/wp\/v2\/media?parent=4449"}],"wp:term":[{"taxonomy":"category","embeddable":true,"href":"https:\/\/ericbourdon.fr\/art\/wp-json\/wp\/v2\/categories?post=4449"},{"taxonomy":"post_tag","embeddable":true,"href":"https:\/\/ericbourdon.fr\/art\/wp-json\/wp\/v2\/tags?post=4449"}],"curies":[{"name":"wp","href":"https:\/\/api.w.org\/{rel}","templated":true}]}}