{"id":7012,"date":"2014-11-03T18:51:47","date_gmt":"2014-11-03T17:51:47","guid":{"rendered":"https:\/\/ericbourdon.fr\/art\/?p=7012"},"modified":"2018-12-08T00:03:03","modified_gmt":"2018-12-07T23:03:03","slug":"mettre-ses-priorites-en-priorite","status":"publish","type":"post","link":"https:\/\/ericbourdon.fr\/art\/2014\/11\/03\/mettre-ses-priorites-en-priorite\/","title":{"rendered":"Mettre ses priorit\u00e9s en priorit\u00e9"},"content":{"rendered":"<p><img loading=\"lazy\" decoding=\"async\" class=\"alignleft size-full wp-image-7014\" src=\"https:\/\/ericbourdon.fr\/art\/wp-content\/uploads\/2014\/11\/to-do-list.jpg\" alt=\"to-do list priorit\u00e9s\" width=\"240\" height=\"180\" srcset=\"https:\/\/ericbourdon.fr\/art\/wp-content\/uploads\/2014\/11\/to-do-list.jpg 240w, https:\/\/ericbourdon.fr\/art\/wp-content\/uploads\/2014\/11\/to-do-list-150x112.jpg 150w\" sizes=\"auto, (max-width: 240px) 100vw, 240px\" \/><br \/>\n&nbsp;<br \/>\n&nbsp;<br \/>\n&nbsp;<br \/>\nMETTRE SES PRIORIT\u00c9S EN PRIORIT\u00c9, Extraits d&#8217;<a href=\"https:\/\/lasolutionestenvous.com\/mettre-ses-priorites-en-priorite\/\" rel=\"noopener\" target=\"_blank\">un article de Patrick Leroux CSP<\/a> sur <em>La solution est en vous&nbsp;!<\/em><br \/>\n&nbsp;<br \/>\n&nbsp;<br \/>\n&nbsp;<\/p>\n<p style=\"text-align: justify;\">&nbsp;&nbsp;&nbsp;&nbsp;&nbsp;Surpris(e), parfois, par la quantit\u00e9 de choses que vous \u00e9tiez parvenu(e) \u00e0 r\u00e9aliser en une seule journ\u00e9e&#8230;?<\/p>\n<blockquote><p>Les psychologues s&#8217;entendent pour dire que de cocher des \u00e9l\u00e9ments sur une liste contribue \u00e0 lib\u00e9rer de l&#8217;endorphine dans notre cerveau et nous aide \u00e0 nous sentir bien. Ce n&#8217;est cependant qu&#8217;un faux sentiment de contentement. [&#8230;]<\/p><\/blockquote>\n<div>&nbsp;<\/div>\n<p style=\"text-align: justify;\">&nbsp;&nbsp;&nbsp;&nbsp;&nbsp;Et par le fait que, souvent, AUCUNE d&#8217;entre elles n&#8217;\u00e9tait VRAIMENT importante&#8230;?<\/p>\n<blockquote><p>\u00c0 la fin d&#8217;une journ\u00e9e par exemple, la plupart des gens auront coch\u00e9 huit activit\u00e9s sur dix, et se diront: &#8220;Wow&nbsp;! J&#8217;ai \u00e9t\u00e9 occup\u00e9 aujourd&#8217;hui, je suis fier de moi&nbsp;!&#8221; Et pourtant, ces deux activit\u00e9s laiss\u00e9es en plan \u00e9taient de loin les deux plus importantes de leur liste. Pourquoi ne les ont-ils pas accomplies&nbsp;? C&#8217;est qu&#8217;elles n&#8217;\u00e9taient tout simplement pas urgentes. [&#8230;]<\/p><\/blockquote>\n<p><!--more--><\/p>\n<div>&nbsp;<\/div>\n<p style=\"text-align: justify;\">&nbsp;&nbsp;&nbsp;&nbsp;&nbsp;Prioritiser les 2-3 choses importantes (souvent peu urgentes) ou les 1000 petites choses &#8216;urgentes&#8217;&#8230;?<\/p>\n<blockquote><p>[&#8220;mettre ses priorit\u00e9s en priorit\u00e9&#8221;] \u00c7a signifie tout simplement de bien d\u00e9finir ce qui est le plus important pour vous, par rapport \u00e0 l&#8217;atteinte de vos objectifs, et de faire ces activit\u00e9s d&#8217;abord. Chose certaine, si vous n&#8217;agissez pas de cette fa\u00e7on, ces activit\u00e9s ne seront pas accomplies. Pourquoi&nbsp;? Parce qu&#8217;elles ne sont pas urgentes, vous pouvez toujours les remettre \u00e0 plus tard.<\/p><\/blockquote>\n<p>&nbsp;<\/p>\n","protected":false},"excerpt":{"rendered":"<p>&nbsp; &nbsp; &nbsp; METTRE SES PRIORIT\u00c9S EN PRIORIT\u00c9, Extraits d&#8217;un article de Patrick Leroux CSP sur La solution est en vous&nbsp;! &nbsp; &nbsp; &nbsp; &nbsp;&nbsp;&nbsp;&nbsp;&nbsp;Surpris(e), parfois, par la quantit\u00e9 de choses que vous \u00e9tiez parvenu(e) \u00e0 r\u00e9aliser en une seule journ\u00e9e&#8230;? Les psychologues s&#8217;entendent pour dire que de cocher des \u00e9l\u00e9ments sur une liste contribue [&hellip;]<\/p>\n","protected":false},"author":67,"featured_media":0,"comment_status":"open","ping_status":"closed","sticky":false,"template":"","format":"standard","meta":{"footnotes":""},"categories":[146],"tags":[],"class_list":["post-7012","post","type-post","status-publish","format-standard","hentry","category-analyses"],"yoast_head":"<!-- This site is optimized with the Yoast SEO plugin v27.4 - https:\/\/yoast.com\/product\/yoast-seo-wordpress\/ -->\n<title>Mettre ses priorit\u00e9s en priorit\u00e9 | Eric Bourdon<\/title>\n<meta name=\"description\" content=\"L&#039;article &quot;Mettre ses priorit\u00e9s en priorit\u00e9&quot; de Patrick Leroux CSP : faire en priorit\u00e9 les choses urgentes, ou les choses importantes ?\" \/>\n<meta name=\"robots\" content=\"index, follow, max-snippet:-1, max-image-preview:large, max-video-preview:-1\" \/>\n<link rel=\"canonical\" href=\"https:\/\/ericbourdon.fr\/art\/2014\/11\/03\/mettre-ses-priorites-en-priorite\/\" \/>\n<meta property=\"og:type\" content=\"article\" \/>\n<meta property=\"og:title\" content=\"Mettre ses priorit\u00e9s en priorit\u00e9 | Eric Bourdon\" \/>\n<meta property=\"og:description\" content=\"L&#039;article &quot;Mettre ses priorit\u00e9s en priorit\u00e9&quot; de Patrick Leroux CSP : faire en priorit\u00e9 les choses urgentes, ou les choses importantes ?\" \/>\n<meta property=\"og:url\" content=\"https:\/\/ericbourdon.fr\/art\/2014\/11\/03\/mettre-ses-priorites-en-priorite\/\" \/>\n<meta property=\"og:site_name\" content=\"Eric Bourdon, artiste peintre contemporain \u00e0 Lille | Blog\" \/>\n<meta property=\"article:publisher\" content=\"https:\/\/www.facebook.com\/ArtbyEricBourdon\/\" \/>\n<meta property=\"article:author\" content=\"https:\/\/www.facebook.com\/ArtbyEricBourdon\/\" \/>\n<meta property=\"article:published_time\" content=\"2014-11-03T17:51:47+00:00\" \/>\n<meta property=\"article:modified_time\" content=\"2018-12-07T23:03:03+00:00\" \/>\n<meta property=\"og:image\" content=\"https:\/\/ericbourdon.fr\/art\/wp-content\/uploads\/2014\/11\/to-do-list.jpg\" \/>\n<meta name=\"author\" content=\"Eric Bourdon\" \/>\n<meta name=\"twitter:label1\" content=\"Written by\" \/>\n\t<meta name=\"twitter:data1\" content=\"Eric Bourdon\" \/>\n\t<meta name=\"twitter:label2\" content=\"Est. reading time\" \/>\n\t<meta name=\"twitter:data2\" content=\"1 minute\" \/>\n<script type=\"application\/ld+json\" class=\"yoast-schema-graph\">{\"@context\":\"https:\\\/\\\/schema.org\",\"@graph\":[{\"@type\":\"Article\",\"@id\":\"https:\\\/\\\/ericbourdon.fr\\\/art\\\/2014\\\/11\\\/03\\\/mettre-ses-priorites-en-priorite\\\/#article\",\"isPartOf\":{\"@id\":\"https:\\\/\\\/ericbourdon.fr\\\/art\\\/2014\\\/11\\\/03\\\/mettre-ses-priorites-en-priorite\\\/\"},\"author\":{\"name\":\"Eric Bourdon\",\"@id\":\"https:\\\/\\\/ericbourdon.fr\\\/art\\\/#\\\/schema\\\/person\\\/35997829794ccb4ff3a33684da4769f6\"},\"headline\":\"Mettre ses priorit\u00e9s en priorit\u00e9\",\"datePublished\":\"2014-11-03T17:51:47+00:00\",\"dateModified\":\"2018-12-07T23:03:03+00:00\",\"mainEntityOfPage\":{\"@id\":\"https:\\\/\\\/ericbourdon.fr\\\/art\\\/2014\\\/11\\\/03\\\/mettre-ses-priorites-en-priorite\\\/\"},\"wordCount\":282,\"commentCount\":0,\"publisher\":{\"@id\":\"https:\\\/\\\/ericbourdon.fr\\\/art\\\/#\\\/schema\\\/person\\\/35997829794ccb4ff3a33684da4769f6\"},\"image\":{\"@id\":\"https:\\\/\\\/ericbourdon.fr\\\/art\\\/2014\\\/11\\\/03\\\/mettre-ses-priorites-en-priorite\\\/#primaryimage\"},\"thumbnailUrl\":\"https:\\\/\\\/ericbourdon.fr\\\/art\\\/wp-content\\\/uploads\\\/2014\\\/11\\\/to-do-list.jpg\",\"articleSection\":[\"Analyses\"],\"inLanguage\":\"fr\",\"potentialAction\":[{\"@type\":\"CommentAction\",\"name\":\"Comment\",\"target\":[\"https:\\\/\\\/ericbourdon.fr\\\/art\\\/2014\\\/11\\\/03\\\/mettre-ses-priorites-en-priorite\\\/#respond\"]}]},{\"@type\":\"WebPage\",\"@id\":\"https:\\\/\\\/ericbourdon.fr\\\/art\\\/2014\\\/11\\\/03\\\/mettre-ses-priorites-en-priorite\\\/\",\"url\":\"https:\\\/\\\/ericbourdon.fr\\\/art\\\/2014\\\/11\\\/03\\\/mettre-ses-priorites-en-priorite\\\/\",\"name\":\"Mettre ses priorit\u00e9s en priorit\u00e9 | Eric Bourdon\",\"isPartOf\":{\"@id\":\"https:\\\/\\\/ericbourdon.fr\\\/art\\\/#website\"},\"primaryImageOfPage\":{\"@id\":\"https:\\\/\\\/ericbourdon.fr\\\/art\\\/2014\\\/11\\\/03\\\/mettre-ses-priorites-en-priorite\\\/#primaryimage\"},\"image\":{\"@id\":\"https:\\\/\\\/ericbourdon.fr\\\/art\\\/2014\\\/11\\\/03\\\/mettre-ses-priorites-en-priorite\\\/#primaryimage\"},\"thumbnailUrl\":\"https:\\\/\\\/ericbourdon.fr\\\/art\\\/wp-content\\\/uploads\\\/2014\\\/11\\\/to-do-list.jpg\",\"datePublished\":\"2014-11-03T17:51:47+00:00\",\"dateModified\":\"2018-12-07T23:03:03+00:00\",\"description\":\"L'article \\\"Mettre ses priorit\u00e9s en priorit\u00e9\\\" de Patrick Leroux CSP : faire en priorit\u00e9 les choses urgentes, ou les choses importantes ?\",\"breadcrumb\":{\"@id\":\"https:\\\/\\\/ericbourdon.fr\\\/art\\\/2014\\\/11\\\/03\\\/mettre-ses-priorites-en-priorite\\\/#breadcrumb\"},\"inLanguage\":\"fr\",\"potentialAction\":[{\"@type\":\"ReadAction\",\"target\":[\"https:\\\/\\\/ericbourdon.fr\\\/art\\\/2014\\\/11\\\/03\\\/mettre-ses-priorites-en-priorite\\\/\"]}]},{\"@type\":\"ImageObject\",\"inLanguage\":\"fr\",\"@id\":\"https:\\\/\\\/ericbourdon.fr\\\/art\\\/2014\\\/11\\\/03\\\/mettre-ses-priorites-en-priorite\\\/#primaryimage\",\"url\":\"https:\\\/\\\/ericbourdon.fr\\\/art\\\/wp-content\\\/uploads\\\/2014\\\/11\\\/to-do-list.jpg\",\"contentUrl\":\"https:\\\/\\\/ericbourdon.fr\\\/art\\\/wp-content\\\/uploads\\\/2014\\\/11\\\/to-do-list.jpg\",\"width\":240,\"height\":180},{\"@type\":\"BreadcrumbList\",\"@id\":\"https:\\\/\\\/ericbourdon.fr\\\/art\\\/2014\\\/11\\\/03\\\/mettre-ses-priorites-en-priorite\\\/#breadcrumb\",\"itemListElement\":[{\"@type\":\"ListItem\",\"position\":1,\"name\":\"Eric Bourdon\",\"item\":\"https:\\\/\\\/ericbourdon.fr\"},{\"@type\":\"ListItem\",\"position\":2,\"name\":\"Blog\",\"item\":\"https:\\\/\\\/ericbourdon.fr\\\/art\\\/\"},{\"@type\":\"ListItem\",\"position\":3,\"name\":\"Analyses\",\"item\":\"https:\\\/\\\/ericbourdon.fr\\\/art\\\/categorie\\\/analyses\\\/\"},{\"@type\":\"ListItem\",\"position\":4,\"name\":\"Mettre ses priorit\u00e9s en priorit\u00e9\"}]},{\"@type\":\"WebSite\",\"@id\":\"https:\\\/\\\/ericbourdon.fr\\\/art\\\/#website\",\"url\":\"https:\\\/\\\/ericbourdon.fr\\\/art\\\/\",\"name\":\"Eric Bourdon, artiste peintre contemporain \u00e0 Lille | Blog\",\"description\":\"Peinture, dessin, arts et artistes... Actualit\u00e9s des galeries d&#039;art et expositions...\",\"publisher\":{\"@id\":\"https:\\\/\\\/ericbourdon.fr\\\/art\\\/#\\\/schema\\\/person\\\/35997829794ccb4ff3a33684da4769f6\"},\"potentialAction\":[{\"@type\":\"SearchAction\",\"target\":{\"@type\":\"EntryPoint\",\"urlTemplate\":\"https:\\\/\\\/ericbourdon.fr\\\/art\\\/?s={search_term_string}\"},\"query-input\":{\"@type\":\"PropertyValueSpecification\",\"valueRequired\":true,\"valueName\":\"search_term_string\"}}],\"inLanguage\":\"fr\"},{\"@type\":[\"Person\",\"Organization\"],\"@id\":\"https:\\\/\\\/ericbourdon.fr\\\/art\\\/#\\\/schema\\\/person\\\/35997829794ccb4ff3a33684da4769f6\",\"name\":\"Eric Bourdon\",\"image\":{\"@type\":\"ImageObject\",\"inLanguage\":\"fr\",\"@id\":\"https:\\\/\\\/ericbourdon.fr\\\/art\\\/wp-content\\\/uploads\\\/2021\\\/05\\\/eric-bourdon-artiste-peintre-francais-contemporain-lille-france.jpg\",\"url\":\"https:\\\/\\\/ericbourdon.fr\\\/art\\\/wp-content\\\/uploads\\\/2021\\\/05\\\/eric-bourdon-artiste-peintre-francais-contemporain-lille-france.jpg\",\"contentUrl\":\"https:\\\/\\\/ericbourdon.fr\\\/art\\\/wp-content\\\/uploads\\\/2021\\\/05\\\/eric-bourdon-artiste-peintre-francais-contemporain-lille-france.jpg\",\"width\":220,\"height\":220,\"caption\":\"Eric Bourdon\"},\"logo\":{\"@id\":\"https:\\\/\\\/ericbourdon.fr\\\/art\\\/wp-content\\\/uploads\\\/2021\\\/05\\\/eric-bourdon-artiste-peintre-francais-contemporain-lille-france.jpg\"},\"sameAs\":[\"https:\\\/\\\/ericbourdon.fr\\\/\",\"https:\\\/\\\/www.facebook.com\\\/ArtbyEricBourdon\\\/\",\"https:\\\/\\\/www.instagram.com\\\/eric.bourdon.art\\\/\",\"https:\\\/\\\/fr.linkedin.com\\\/in\\\/eric-bourdon\\\/fr\",\"https:\\\/\\\/www.pinterest.fr\\\/EricBourdonArt\\\/\",\"https:\\\/\\\/en.wikipedia.org\\\/wiki\\\/\u00c9ric_Bourdon\"]}]}<\/script>\n<!-- \/ Yoast SEO plugin. -->","yoast_head_json":{"title":"Mettre ses priorit\u00e9s en priorit\u00e9 | Eric Bourdon","description":"L'article \"Mettre ses priorit\u00e9s en priorit\u00e9\" de Patrick Leroux CSP : faire en priorit\u00e9 les choses urgentes, ou les choses importantes ?","robots":{"index":"index","follow":"follow","max-snippet":"max-snippet:-1","max-image-preview":"max-image-preview:large","max-video-preview":"max-video-preview:-1"},"canonical":"https:\/\/ericbourdon.fr\/art\/2014\/11\/03\/mettre-ses-priorites-en-priorite\/","og_type":"article","og_title":"Mettre ses priorit\u00e9s en priorit\u00e9 | Eric Bourdon","og_description":"L'article \"Mettre ses priorit\u00e9s en priorit\u00e9\" de Patrick Leroux CSP : faire en priorit\u00e9 les choses urgentes, ou les choses importantes ?","og_url":"https:\/\/ericbourdon.fr\/art\/2014\/11\/03\/mettre-ses-priorites-en-priorite\/","og_site_name":"Eric Bourdon, artiste peintre contemporain \u00e0 Lille | Blog","article_publisher":"https:\/\/www.facebook.com\/ArtbyEricBourdon\/","article_author":"https:\/\/www.facebook.com\/ArtbyEricBourdon\/","article_published_time":"2014-11-03T17:51:47+00:00","article_modified_time":"2018-12-07T23:03:03+00:00","og_image":[{"url":"https:\/\/ericbourdon.fr\/art\/wp-content\/uploads\/2014\/11\/to-do-list.jpg","type":"","width":"","height":""}],"author":"Eric Bourdon","twitter_misc":{"Written by":"Eric Bourdon","Est. reading time":"1 minute"},"schema":{"@context":"https:\/\/schema.org","@graph":[{"@type":"Article","@id":"https:\/\/ericbourdon.fr\/art\/2014\/11\/03\/mettre-ses-priorites-en-priorite\/#article","isPartOf":{"@id":"https:\/\/ericbourdon.fr\/art\/2014\/11\/03\/mettre-ses-priorites-en-priorite\/"},"author":{"name":"Eric Bourdon","@id":"https:\/\/ericbourdon.fr\/art\/#\/schema\/person\/35997829794ccb4ff3a33684da4769f6"},"headline":"Mettre ses priorit\u00e9s en priorit\u00e9","datePublished":"2014-11-03T17:51:47+00:00","dateModified":"2018-12-07T23:03:03+00:00","mainEntityOfPage":{"@id":"https:\/\/ericbourdon.fr\/art\/2014\/11\/03\/mettre-ses-priorites-en-priorite\/"},"wordCount":282,"commentCount":0,"publisher":{"@id":"https:\/\/ericbourdon.fr\/art\/#\/schema\/person\/35997829794ccb4ff3a33684da4769f6"},"image":{"@id":"https:\/\/ericbourdon.fr\/art\/2014\/11\/03\/mettre-ses-priorites-en-priorite\/#primaryimage"},"thumbnailUrl":"https:\/\/ericbourdon.fr\/art\/wp-content\/uploads\/2014\/11\/to-do-list.jpg","articleSection":["Analyses"],"inLanguage":"fr","potentialAction":[{"@type":"CommentAction","name":"Comment","target":["https:\/\/ericbourdon.fr\/art\/2014\/11\/03\/mettre-ses-priorites-en-priorite\/#respond"]}]},{"@type":"WebPage","@id":"https:\/\/ericbourdon.fr\/art\/2014\/11\/03\/mettre-ses-priorites-en-priorite\/","url":"https:\/\/ericbourdon.fr\/art\/2014\/11\/03\/mettre-ses-priorites-en-priorite\/","name":"Mettre ses priorit\u00e9s en priorit\u00e9 | Eric Bourdon","isPartOf":{"@id":"https:\/\/ericbourdon.fr\/art\/#website"},"primaryImageOfPage":{"@id":"https:\/\/ericbourdon.fr\/art\/2014\/11\/03\/mettre-ses-priorites-en-priorite\/#primaryimage"},"image":{"@id":"https:\/\/ericbourdon.fr\/art\/2014\/11\/03\/mettre-ses-priorites-en-priorite\/#primaryimage"},"thumbnailUrl":"https:\/\/ericbourdon.fr\/art\/wp-content\/uploads\/2014\/11\/to-do-list.jpg","datePublished":"2014-11-03T17:51:47+00:00","dateModified":"2018-12-07T23:03:03+00:00","description":"L'article \"Mettre ses priorit\u00e9s en priorit\u00e9\" de Patrick Leroux CSP : faire en priorit\u00e9 les choses urgentes, ou les choses importantes ?","breadcrumb":{"@id":"https:\/\/ericbourdon.fr\/art\/2014\/11\/03\/mettre-ses-priorites-en-priorite\/#breadcrumb"},"inLanguage":"fr","potentialAction":[{"@type":"ReadAction","target":["https:\/\/ericbourdon.fr\/art\/2014\/11\/03\/mettre-ses-priorites-en-priorite\/"]}]},{"@type":"ImageObject","inLanguage":"fr","@id":"https:\/\/ericbourdon.fr\/art\/2014\/11\/03\/mettre-ses-priorites-en-priorite\/#primaryimage","url":"https:\/\/ericbourdon.fr\/art\/wp-content\/uploads\/2014\/11\/to-do-list.jpg","contentUrl":"https:\/\/ericbourdon.fr\/art\/wp-content\/uploads\/2014\/11\/to-do-list.jpg","width":240,"height":180},{"@type":"BreadcrumbList","@id":"https:\/\/ericbourdon.fr\/art\/2014\/11\/03\/mettre-ses-priorites-en-priorite\/#breadcrumb","itemListElement":[{"@type":"ListItem","position":1,"name":"Eric Bourdon","item":"https:\/\/ericbourdon.fr"},{"@type":"ListItem","position":2,"name":"Blog","item":"https:\/\/ericbourdon.fr\/art\/"},{"@type":"ListItem","position":3,"name":"Analyses","item":"https:\/\/ericbourdon.fr\/art\/categorie\/analyses\/"},{"@type":"ListItem","position":4,"name":"Mettre ses priorit\u00e9s en priorit\u00e9"}]},{"@type":"WebSite","@id":"https:\/\/ericbourdon.fr\/art\/#website","url":"https:\/\/ericbourdon.fr\/art\/","name":"Eric Bourdon, artiste peintre contemporain \u00e0 Lille | Blog","description":"Peinture, dessin, arts et artistes... Actualit\u00e9s des galeries d&#039;art et expositions...","publisher":{"@id":"https:\/\/ericbourdon.fr\/art\/#\/schema\/person\/35997829794ccb4ff3a33684da4769f6"},"potentialAction":[{"@type":"SearchAction","target":{"@type":"EntryPoint","urlTemplate":"https:\/\/ericbourdon.fr\/art\/?s={search_term_string}"},"query-input":{"@type":"PropertyValueSpecification","valueRequired":true,"valueName":"search_term_string"}}],"inLanguage":"fr"},{"@type":["Person","Organization"],"@id":"https:\/\/ericbourdon.fr\/art\/#\/schema\/person\/35997829794ccb4ff3a33684da4769f6","name":"Eric Bourdon","image":{"@type":"ImageObject","inLanguage":"fr","@id":"https:\/\/ericbourdon.fr\/art\/wp-content\/uploads\/2021\/05\/eric-bourdon-artiste-peintre-francais-contemporain-lille-france.jpg","url":"https:\/\/ericbourdon.fr\/art\/wp-content\/uploads\/2021\/05\/eric-bourdon-artiste-peintre-francais-contemporain-lille-france.jpg","contentUrl":"https:\/\/ericbourdon.fr\/art\/wp-content\/uploads\/2021\/05\/eric-bourdon-artiste-peintre-francais-contemporain-lille-france.jpg","width":220,"height":220,"caption":"Eric Bourdon"},"logo":{"@id":"https:\/\/ericbourdon.fr\/art\/wp-content\/uploads\/2021\/05\/eric-bourdon-artiste-peintre-francais-contemporain-lille-france.jpg"},"sameAs":["https:\/\/ericbourdon.fr\/","https:\/\/www.facebook.com\/ArtbyEricBourdon\/","https:\/\/www.instagram.com\/eric.bourdon.art\/","https:\/\/fr.linkedin.com\/in\/eric-bourdon\/fr","https:\/\/www.pinterest.fr\/EricBourdonArt\/","https:\/\/en.wikipedia.org\/wiki\/\u00c9ric_Bourdon"]}]}},"_links":{"self":[{"href":"https:\/\/ericbourdon.fr\/art\/wp-json\/wp\/v2\/posts\/7012","targetHints":{"allow":["GET"]}}],"collection":[{"href":"https:\/\/ericbourdon.fr\/art\/wp-json\/wp\/v2\/posts"}],"about":[{"href":"https:\/\/ericbourdon.fr\/art\/wp-json\/wp\/v2\/types\/post"}],"author":[{"embeddable":true,"href":"https:\/\/ericbourdon.fr\/art\/wp-json\/wp\/v2\/users\/67"}],"replies":[{"embeddable":true,"href":"https:\/\/ericbourdon.fr\/art\/wp-json\/wp\/v2\/comments?post=7012"}],"version-history":[{"count":0,"href":"https:\/\/ericbourdon.fr\/art\/wp-json\/wp\/v2\/posts\/7012\/revisions"}],"wp:attachment":[{"href":"https:\/\/ericbourdon.fr\/art\/wp-json\/wp\/v2\/media?parent=7012"}],"wp:term":[{"taxonomy":"category","embeddable":true,"href":"https:\/\/ericbourdon.fr\/art\/wp-json\/wp\/v2\/categories?post=7012"},{"taxonomy":"post_tag","embeddable":true,"href":"https:\/\/ericbourdon.fr\/art\/wp-json\/wp\/v2\/tags?post=7012"}],"curies":[{"name":"wp","href":"https:\/\/api.w.org\/{rel}","templated":true}]}}