{"id":7397,"date":"2015-07-23T10:59:56","date_gmt":"2015-07-23T09:59:56","guid":{"rendered":"https:\/\/ericbourdon.fr\/art\/?p=7397"},"modified":"2022-08-25T22:55:25","modified_gmt":"2022-08-25T21:55:25","slug":"la-decouverte-du-festival-de-dour-2015","status":"publish","type":"post","link":"https:\/\/ericbourdon.fr\/art\/2015\/07\/23\/la-decouverte-du-festival-de-dour-2015\/","title":{"rendered":"La d\u00e9couverte du Festival de Dour 2015"},"content":{"rendered":"<p><img loading=\"lazy\" decoding=\"async\" class=\"aligncenter size-full wp-image-7399\" src=\"https:\/\/ericbourdon.fr\/art\/wp-content\/uploads\/2015\/07\/wuman-festival-dour-2015-notele.jpg\" alt=\"wuman-festival-dour-2015-notele\" width=\"440\" height=\"236\" srcset=\"https:\/\/ericbourdon.fr\/art\/wp-content\/uploads\/2015\/07\/wuman-festival-dour-2015-notele.jpg 440w, https:\/\/ericbourdon.fr\/art\/wp-content\/uploads\/2015\/07\/wuman-festival-dour-2015-notele-150x80.jpg 150w, https:\/\/ericbourdon.fr\/art\/wp-content\/uploads\/2015\/07\/wuman-festival-dour-2015-notele-300x161.jpg 300w\" sizes=\"auto, (max-width: 440px) 100vw, 440px\" \/><\/p>\n<p style=\"text-align: center;\">Le tout nouveau groupe WUMAN aura marqu\u00e9 le Festival de Dour 2015&nbsp;!<\/p>\n<div style=\"text-align: center;\">&nbsp;<\/div>\n<blockquote><p>[&#8230;] le quatuor de Wuman a fait son entr\u00e9e dans le club des festivaliers de Dour qui ont, un jour, la chance de monter sur sc\u00e8ne. Dans le Labo, ce nouveau chapiteau de 3 000 places \u00e0 l\u2019ambiance intimiste, il a diffus\u00e9 une musique inspir\u00e9e. Il a aussi prouv\u00e9 qu&#8217;il n\u2019\u00e9tait pas arriv\u00e9 l\u00e0 par hasard, en d\u00e9pit du fait qu&#8217;il ne s\u2019agissait que de son troisi\u00e8me concert. Dans un set d&#8217;une quarantaine de minutes, Nicolas Mouquet (guitare), Marin Lambert (chant et clavier) et Reynier Crett\u00e9 (synth\u00e9) et Thomas Moutier (batterie) ont racont\u00e9 leurs histoires. Des histoires de femmes.<\/p><\/blockquote>\n<p><!--more--><\/p>\n<div style=\"text-align: center;\">&nbsp;<\/div>\n<blockquote><p>[&#8230;] des femmes au profil diff\u00e9rent dont Wuman dresse avec talent le portrait sonore. Indie, pop tropicale, \u00e9lectro et jazz sont les cases dans lesquelles on pourrait ranger la musique du quatuor. &#8220;Mais nous-m\u00eames, nous ne savons pas vraiment qualifier ce que nous faisons, glisse Marin Lambert. On fait des portraits sonores sans vraiment se figer dans un style.&#8221;<\/p><\/blockquote>\n<div style=\"text-align: center;\">&nbsp;<\/div>\n<div style=\"text-align: center;\">&nbsp;<\/div>\n<p style=\"text-align: right;\">Extraits de <a href=\"https:\/\/www.lavenir.net\/regions\/mons-centre\/dour\/2015\/07\/18\/festival-de-dour-wuman-et-ses-femmes-dans-le-labo-XEDOXDCZUNHFTHUWEEXUGYLX5M\/\" target=\"_blank\" rel=\"noopener\">l&#8217;article de Denis Vanderbrugge du 18 juillet 2015<\/a>&nbsp;:<br \/>\n<em>Festival de Dour : Wuman et ses femmes dans le Labo &#8211; L&#8217;Avenir<\/em><\/p>\n<p>&nbsp;<br \/>\n&nbsp;<\/p>\n<p style=\"text-align: center;\">\u00c9coutez gratuitement la musique de WUMAN<br \/>\nsur la plateforme Bandcamp&nbsp;:<br \/>\n<a href=\"https:\/\/wumanband.bandcamp.com\/\" target=\"_blank\" rel=\"noopener\">wumanband.bandcamp.com<\/a><\/p>\n<p style=\"text-align: center;\">WUMAN est aussi sur Facebook : <a href=\"https:\/\/www.facebook.com\/wumanband\" target=\"_blank\" rel=\"noopener\">www.facebook.com\/wumanband<\/a><\/p>\n<p>&nbsp;<br \/>\n&nbsp;<\/p>\n<div style=\"text-align: right;\"><img loading=\"lazy\" decoding=\"async\" class=\"alignnone size-full wp-image-9512\" src=\"https:\/\/ericbourdon.fr\/art\/wp-content\/uploads\/2018\/02\/english-eric-bourdon.png\" alt=\"english eric bourdon\" width=\"18\" height=\"12\">&nbsp;&nbsp;<a href=\"https:\/\/ericbourdon.com\/news\/2015\/07\/23\/scarlett-wuman-new-music-group-belgium\/\" target=\"_blank\" rel=\"noopener\">&#8216;Scarlett&#8217; by WUMAN \u2013 The new music group from Belgium<\/a><\/div>\n<p>&nbsp;<\/p>\n","protected":false},"excerpt":{"rendered":"<p>Le tout nouveau groupe WUMAN aura marqu\u00e9 le Festival de Dour 2015&nbsp;! &nbsp; [&#8230;] le quatuor de Wuman a fait son entr\u00e9e dans le club des festivaliers de Dour qui ont, un jour, la chance de monter sur sc\u00e8ne. Dans le Labo, ce nouveau chapiteau de 3 000 places \u00e0 l\u2019ambiance intimiste, il a diffus\u00e9 [&hellip;]<\/p>\n","protected":false},"author":67,"featured_media":0,"comment_status":"open","ping_status":"closed","sticky":false,"template":"","format":"standard","meta":{"footnotes":""},"categories":[146,271,130],"tags":[],"class_list":["post-7397","post","type-post","status-publish","format-standard","hentry","category-analyses","category-musique","category-portraits"],"yoast_head":"<!-- This site is optimized with the Yoast SEO plugin v27.4 - https:\/\/yoast.com\/product\/yoast-seo-wordpress\/ -->\n<title>La d\u00e9couverte du Festival de Dour 2015 | Eric Bourdon<\/title>\n<meta name=\"description\" content=\"Le nouveau groupe WUMAN a marqu\u00e9 le Festival de Dour 2015 ! Ce n&#039;\u00e9tait que son 3\u00e8me concert, mais il a prouv\u00e9 qu&#039;il n&#039;\u00e9tait pas l\u00e0 par hasard.\" \/>\n<meta name=\"robots\" content=\"index, follow, max-snippet:-1, max-image-preview:large, max-video-preview:-1\" \/>\n<link rel=\"canonical\" href=\"https:\/\/ericbourdon.fr\/art\/2015\/07\/23\/la-decouverte-du-festival-de-dour-2015\/\" \/>\n<meta property=\"og:type\" content=\"article\" \/>\n<meta property=\"og:title\" content=\"La d\u00e9couverte du Festival de Dour 2015 | Eric Bourdon\" \/>\n<meta property=\"og:description\" content=\"Le nouveau groupe WUMAN a marqu\u00e9 le Festival de Dour 2015 ! Ce n&#039;\u00e9tait que son 3\u00e8me concert, mais il a prouv\u00e9 qu&#039;il n&#039;\u00e9tait pas l\u00e0 par hasard.\" \/>\n<meta property=\"og:url\" content=\"https:\/\/ericbourdon.fr\/art\/2015\/07\/23\/la-decouverte-du-festival-de-dour-2015\/\" \/>\n<meta property=\"og:site_name\" content=\"Eric Bourdon, artiste peintre contemporain \u00e0 Lille | Blog\" \/>\n<meta property=\"article:publisher\" content=\"https:\/\/www.facebook.com\/ArtbyEricBourdon\/\" \/>\n<meta property=\"article:author\" content=\"https:\/\/www.facebook.com\/ArtbyEricBourdon\/\" \/>\n<meta property=\"article:published_time\" content=\"2015-07-23T09:59:56+00:00\" \/>\n<meta property=\"article:modified_time\" content=\"2022-08-25T21:55:25+00:00\" \/>\n<meta property=\"og:image\" content=\"https:\/\/ericbourdon.fr\/art\/wp-content\/uploads\/2015\/07\/wuman-festival-dour-2015-notele.jpg\" \/>\n<meta name=\"author\" content=\"Eric Bourdon\" \/>\n<meta name=\"twitter:label1\" content=\"Written by\" \/>\n\t<meta name=\"twitter:data1\" content=\"Eric Bourdon\" \/>\n\t<meta name=\"twitter:label2\" content=\"Est. reading time\" \/>\n\t<meta name=\"twitter:data2\" content=\"2 minutes\" \/>\n<script type=\"application\/ld+json\" class=\"yoast-schema-graph\">{\"@context\":\"https:\\\/\\\/schema.org\",\"@graph\":[{\"@type\":\"Article\",\"@id\":\"https:\\\/\\\/ericbourdon.fr\\\/art\\\/2015\\\/07\\\/23\\\/la-decouverte-du-festival-de-dour-2015\\\/#article\",\"isPartOf\":{\"@id\":\"https:\\\/\\\/ericbourdon.fr\\\/art\\\/2015\\\/07\\\/23\\\/la-decouverte-du-festival-de-dour-2015\\\/\"},\"author\":{\"name\":\"Eric Bourdon\",\"@id\":\"https:\\\/\\\/ericbourdon.fr\\\/art\\\/#\\\/schema\\\/person\\\/35997829794ccb4ff3a33684da4769f6\"},\"headline\":\"La d\u00e9couverte du Festival de Dour 2015\",\"datePublished\":\"2015-07-23T09:59:56+00:00\",\"dateModified\":\"2022-08-25T21:55:25+00:00\",\"mainEntityOfPage\":{\"@id\":\"https:\\\/\\\/ericbourdon.fr\\\/art\\\/2015\\\/07\\\/23\\\/la-decouverte-du-festival-de-dour-2015\\\/\"},\"wordCount\":251,\"commentCount\":0,\"publisher\":{\"@id\":\"https:\\\/\\\/ericbourdon.fr\\\/art\\\/#\\\/schema\\\/person\\\/35997829794ccb4ff3a33684da4769f6\"},\"image\":{\"@id\":\"https:\\\/\\\/ericbourdon.fr\\\/art\\\/2015\\\/07\\\/23\\\/la-decouverte-du-festival-de-dour-2015\\\/#primaryimage\"},\"thumbnailUrl\":\"https:\\\/\\\/ericbourdon.fr\\\/art\\\/wp-content\\\/uploads\\\/2015\\\/07\\\/wuman-festival-dour-2015-notele.jpg\",\"articleSection\":[\"Analyses\",\"Musique\",\"Portraits\"],\"inLanguage\":\"fr\",\"potentialAction\":[{\"@type\":\"CommentAction\",\"name\":\"Comment\",\"target\":[\"https:\\\/\\\/ericbourdon.fr\\\/art\\\/2015\\\/07\\\/23\\\/la-decouverte-du-festival-de-dour-2015\\\/#respond\"]}]},{\"@type\":\"WebPage\",\"@id\":\"https:\\\/\\\/ericbourdon.fr\\\/art\\\/2015\\\/07\\\/23\\\/la-decouverte-du-festival-de-dour-2015\\\/\",\"url\":\"https:\\\/\\\/ericbourdon.fr\\\/art\\\/2015\\\/07\\\/23\\\/la-decouverte-du-festival-de-dour-2015\\\/\",\"name\":\"La d\u00e9couverte du Festival de Dour 2015 | Eric Bourdon\",\"isPartOf\":{\"@id\":\"https:\\\/\\\/ericbourdon.fr\\\/art\\\/#website\"},\"primaryImageOfPage\":{\"@id\":\"https:\\\/\\\/ericbourdon.fr\\\/art\\\/2015\\\/07\\\/23\\\/la-decouverte-du-festival-de-dour-2015\\\/#primaryimage\"},\"image\":{\"@id\":\"https:\\\/\\\/ericbourdon.fr\\\/art\\\/2015\\\/07\\\/23\\\/la-decouverte-du-festival-de-dour-2015\\\/#primaryimage\"},\"thumbnailUrl\":\"https:\\\/\\\/ericbourdon.fr\\\/art\\\/wp-content\\\/uploads\\\/2015\\\/07\\\/wuman-festival-dour-2015-notele.jpg\",\"datePublished\":\"2015-07-23T09:59:56+00:00\",\"dateModified\":\"2022-08-25T21:55:25+00:00\",\"description\":\"Le nouveau groupe WUMAN a marqu\u00e9 le Festival de Dour 2015 ! Ce n'\u00e9tait que son 3\u00e8me concert, mais il a prouv\u00e9 qu'il n'\u00e9tait pas l\u00e0 par hasard.\",\"breadcrumb\":{\"@id\":\"https:\\\/\\\/ericbourdon.fr\\\/art\\\/2015\\\/07\\\/23\\\/la-decouverte-du-festival-de-dour-2015\\\/#breadcrumb\"},\"inLanguage\":\"fr\",\"potentialAction\":[{\"@type\":\"ReadAction\",\"target\":[\"https:\\\/\\\/ericbourdon.fr\\\/art\\\/2015\\\/07\\\/23\\\/la-decouverte-du-festival-de-dour-2015\\\/\"]}]},{\"@type\":\"ImageObject\",\"inLanguage\":\"fr\",\"@id\":\"https:\\\/\\\/ericbourdon.fr\\\/art\\\/2015\\\/07\\\/23\\\/la-decouverte-du-festival-de-dour-2015\\\/#primaryimage\",\"url\":\"https:\\\/\\\/ericbourdon.fr\\\/art\\\/wp-content\\\/uploads\\\/2015\\\/07\\\/wuman-festival-dour-2015-notele.jpg\",\"contentUrl\":\"https:\\\/\\\/ericbourdon.fr\\\/art\\\/wp-content\\\/uploads\\\/2015\\\/07\\\/wuman-festival-dour-2015-notele.jpg\",\"width\":440,\"height\":236,\"caption\":\"wuman-festival-dour-2015-notele\"},{\"@type\":\"BreadcrumbList\",\"@id\":\"https:\\\/\\\/ericbourdon.fr\\\/art\\\/2015\\\/07\\\/23\\\/la-decouverte-du-festival-de-dour-2015\\\/#breadcrumb\",\"itemListElement\":[{\"@type\":\"ListItem\",\"position\":1,\"name\":\"Eric Bourdon\",\"item\":\"https:\\\/\\\/ericbourdon.fr\"},{\"@type\":\"ListItem\",\"position\":2,\"name\":\"Blog\",\"item\":\"https:\\\/\\\/ericbourdon.fr\\\/art\\\/\"},{\"@type\":\"ListItem\",\"position\":3,\"name\":\"Analyses\",\"item\":\"https:\\\/\\\/ericbourdon.fr\\\/art\\\/categorie\\\/analyses\\\/\"},{\"@type\":\"ListItem\",\"position\":4,\"name\":\"La d\u00e9couverte du Festival de Dour 2015\"}]},{\"@type\":\"WebSite\",\"@id\":\"https:\\\/\\\/ericbourdon.fr\\\/art\\\/#website\",\"url\":\"https:\\\/\\\/ericbourdon.fr\\\/art\\\/\",\"name\":\"Eric Bourdon, artiste peintre contemporain \u00e0 Lille | Blog\",\"description\":\"Peinture, dessin, arts et artistes... Actualit\u00e9s des galeries d&#039;art et expositions...\",\"publisher\":{\"@id\":\"https:\\\/\\\/ericbourdon.fr\\\/art\\\/#\\\/schema\\\/person\\\/35997829794ccb4ff3a33684da4769f6\"},\"potentialAction\":[{\"@type\":\"SearchAction\",\"target\":{\"@type\":\"EntryPoint\",\"urlTemplate\":\"https:\\\/\\\/ericbourdon.fr\\\/art\\\/?s={search_term_string}\"},\"query-input\":{\"@type\":\"PropertyValueSpecification\",\"valueRequired\":true,\"valueName\":\"search_term_string\"}}],\"inLanguage\":\"fr\"},{\"@type\":[\"Person\",\"Organization\"],\"@id\":\"https:\\\/\\\/ericbourdon.fr\\\/art\\\/#\\\/schema\\\/person\\\/35997829794ccb4ff3a33684da4769f6\",\"name\":\"Eric Bourdon\",\"image\":{\"@type\":\"ImageObject\",\"inLanguage\":\"fr\",\"@id\":\"https:\\\/\\\/ericbourdon.fr\\\/art\\\/wp-content\\\/uploads\\\/2021\\\/05\\\/eric-bourdon-artiste-peintre-francais-contemporain-lille-france.jpg\",\"url\":\"https:\\\/\\\/ericbourdon.fr\\\/art\\\/wp-content\\\/uploads\\\/2021\\\/05\\\/eric-bourdon-artiste-peintre-francais-contemporain-lille-france.jpg\",\"contentUrl\":\"https:\\\/\\\/ericbourdon.fr\\\/art\\\/wp-content\\\/uploads\\\/2021\\\/05\\\/eric-bourdon-artiste-peintre-francais-contemporain-lille-france.jpg\",\"width\":220,\"height\":220,\"caption\":\"Eric Bourdon\"},\"logo\":{\"@id\":\"https:\\\/\\\/ericbourdon.fr\\\/art\\\/wp-content\\\/uploads\\\/2021\\\/05\\\/eric-bourdon-artiste-peintre-francais-contemporain-lille-france.jpg\"},\"sameAs\":[\"https:\\\/\\\/ericbourdon.fr\\\/\",\"https:\\\/\\\/www.facebook.com\\\/ArtbyEricBourdon\\\/\",\"https:\\\/\\\/www.instagram.com\\\/eric.bourdon.art\\\/\",\"https:\\\/\\\/fr.linkedin.com\\\/in\\\/eric-bourdon\\\/fr\",\"https:\\\/\\\/www.pinterest.fr\\\/EricBourdonArt\\\/\",\"https:\\\/\\\/en.wikipedia.org\\\/wiki\\\/\u00c9ric_Bourdon\"]}]}<\/script>\n<!-- \/ Yoast SEO plugin. -->","yoast_head_json":{"title":"La d\u00e9couverte du Festival de Dour 2015 | Eric Bourdon","description":"Le nouveau groupe WUMAN a marqu\u00e9 le Festival de Dour 2015 ! Ce n'\u00e9tait que son 3\u00e8me concert, mais il a prouv\u00e9 qu'il n'\u00e9tait pas l\u00e0 par hasard.","robots":{"index":"index","follow":"follow","max-snippet":"max-snippet:-1","max-image-preview":"max-image-preview:large","max-video-preview":"max-video-preview:-1"},"canonical":"https:\/\/ericbourdon.fr\/art\/2015\/07\/23\/la-decouverte-du-festival-de-dour-2015\/","og_type":"article","og_title":"La d\u00e9couverte du Festival de Dour 2015 | Eric Bourdon","og_description":"Le nouveau groupe WUMAN a marqu\u00e9 le Festival de Dour 2015 ! Ce n'\u00e9tait que son 3\u00e8me concert, mais il a prouv\u00e9 qu'il n'\u00e9tait pas l\u00e0 par hasard.","og_url":"https:\/\/ericbourdon.fr\/art\/2015\/07\/23\/la-decouverte-du-festival-de-dour-2015\/","og_site_name":"Eric Bourdon, artiste peintre contemporain \u00e0 Lille | Blog","article_publisher":"https:\/\/www.facebook.com\/ArtbyEricBourdon\/","article_author":"https:\/\/www.facebook.com\/ArtbyEricBourdon\/","article_published_time":"2015-07-23T09:59:56+00:00","article_modified_time":"2022-08-25T21:55:25+00:00","og_image":[{"url":"https:\/\/ericbourdon.fr\/art\/wp-content\/uploads\/2015\/07\/wuman-festival-dour-2015-notele.jpg","type":"","width":"","height":""}],"author":"Eric Bourdon","twitter_misc":{"Written by":"Eric Bourdon","Est. reading time":"2 minutes"},"schema":{"@context":"https:\/\/schema.org","@graph":[{"@type":"Article","@id":"https:\/\/ericbourdon.fr\/art\/2015\/07\/23\/la-decouverte-du-festival-de-dour-2015\/#article","isPartOf":{"@id":"https:\/\/ericbourdon.fr\/art\/2015\/07\/23\/la-decouverte-du-festival-de-dour-2015\/"},"author":{"name":"Eric Bourdon","@id":"https:\/\/ericbourdon.fr\/art\/#\/schema\/person\/35997829794ccb4ff3a33684da4769f6"},"headline":"La d\u00e9couverte du Festival de Dour 2015","datePublished":"2015-07-23T09:59:56+00:00","dateModified":"2022-08-25T21:55:25+00:00","mainEntityOfPage":{"@id":"https:\/\/ericbourdon.fr\/art\/2015\/07\/23\/la-decouverte-du-festival-de-dour-2015\/"},"wordCount":251,"commentCount":0,"publisher":{"@id":"https:\/\/ericbourdon.fr\/art\/#\/schema\/person\/35997829794ccb4ff3a33684da4769f6"},"image":{"@id":"https:\/\/ericbourdon.fr\/art\/2015\/07\/23\/la-decouverte-du-festival-de-dour-2015\/#primaryimage"},"thumbnailUrl":"https:\/\/ericbourdon.fr\/art\/wp-content\/uploads\/2015\/07\/wuman-festival-dour-2015-notele.jpg","articleSection":["Analyses","Musique","Portraits"],"inLanguage":"fr","potentialAction":[{"@type":"CommentAction","name":"Comment","target":["https:\/\/ericbourdon.fr\/art\/2015\/07\/23\/la-decouverte-du-festival-de-dour-2015\/#respond"]}]},{"@type":"WebPage","@id":"https:\/\/ericbourdon.fr\/art\/2015\/07\/23\/la-decouverte-du-festival-de-dour-2015\/","url":"https:\/\/ericbourdon.fr\/art\/2015\/07\/23\/la-decouverte-du-festival-de-dour-2015\/","name":"La d\u00e9couverte du Festival de Dour 2015 | Eric Bourdon","isPartOf":{"@id":"https:\/\/ericbourdon.fr\/art\/#website"},"primaryImageOfPage":{"@id":"https:\/\/ericbourdon.fr\/art\/2015\/07\/23\/la-decouverte-du-festival-de-dour-2015\/#primaryimage"},"image":{"@id":"https:\/\/ericbourdon.fr\/art\/2015\/07\/23\/la-decouverte-du-festival-de-dour-2015\/#primaryimage"},"thumbnailUrl":"https:\/\/ericbourdon.fr\/art\/wp-content\/uploads\/2015\/07\/wuman-festival-dour-2015-notele.jpg","datePublished":"2015-07-23T09:59:56+00:00","dateModified":"2022-08-25T21:55:25+00:00","description":"Le nouveau groupe WUMAN a marqu\u00e9 le Festival de Dour 2015 ! Ce n'\u00e9tait que son 3\u00e8me concert, mais il a prouv\u00e9 qu'il n'\u00e9tait pas l\u00e0 par hasard.","breadcrumb":{"@id":"https:\/\/ericbourdon.fr\/art\/2015\/07\/23\/la-decouverte-du-festival-de-dour-2015\/#breadcrumb"},"inLanguage":"fr","potentialAction":[{"@type":"ReadAction","target":["https:\/\/ericbourdon.fr\/art\/2015\/07\/23\/la-decouverte-du-festival-de-dour-2015\/"]}]},{"@type":"ImageObject","inLanguage":"fr","@id":"https:\/\/ericbourdon.fr\/art\/2015\/07\/23\/la-decouverte-du-festival-de-dour-2015\/#primaryimage","url":"https:\/\/ericbourdon.fr\/art\/wp-content\/uploads\/2015\/07\/wuman-festival-dour-2015-notele.jpg","contentUrl":"https:\/\/ericbourdon.fr\/art\/wp-content\/uploads\/2015\/07\/wuman-festival-dour-2015-notele.jpg","width":440,"height":236,"caption":"wuman-festival-dour-2015-notele"},{"@type":"BreadcrumbList","@id":"https:\/\/ericbourdon.fr\/art\/2015\/07\/23\/la-decouverte-du-festival-de-dour-2015\/#breadcrumb","itemListElement":[{"@type":"ListItem","position":1,"name":"Eric Bourdon","item":"https:\/\/ericbourdon.fr"},{"@type":"ListItem","position":2,"name":"Blog","item":"https:\/\/ericbourdon.fr\/art\/"},{"@type":"ListItem","position":3,"name":"Analyses","item":"https:\/\/ericbourdon.fr\/art\/categorie\/analyses\/"},{"@type":"ListItem","position":4,"name":"La d\u00e9couverte du Festival de Dour 2015"}]},{"@type":"WebSite","@id":"https:\/\/ericbourdon.fr\/art\/#website","url":"https:\/\/ericbourdon.fr\/art\/","name":"Eric Bourdon, artiste peintre contemporain \u00e0 Lille | Blog","description":"Peinture, dessin, arts et artistes... Actualit\u00e9s des galeries d&#039;art et expositions...","publisher":{"@id":"https:\/\/ericbourdon.fr\/art\/#\/schema\/person\/35997829794ccb4ff3a33684da4769f6"},"potentialAction":[{"@type":"SearchAction","target":{"@type":"EntryPoint","urlTemplate":"https:\/\/ericbourdon.fr\/art\/?s={search_term_string}"},"query-input":{"@type":"PropertyValueSpecification","valueRequired":true,"valueName":"search_term_string"}}],"inLanguage":"fr"},{"@type":["Person","Organization"],"@id":"https:\/\/ericbourdon.fr\/art\/#\/schema\/person\/35997829794ccb4ff3a33684da4769f6","name":"Eric Bourdon","image":{"@type":"ImageObject","inLanguage":"fr","@id":"https:\/\/ericbourdon.fr\/art\/wp-content\/uploads\/2021\/05\/eric-bourdon-artiste-peintre-francais-contemporain-lille-france.jpg","url":"https:\/\/ericbourdon.fr\/art\/wp-content\/uploads\/2021\/05\/eric-bourdon-artiste-peintre-francais-contemporain-lille-france.jpg","contentUrl":"https:\/\/ericbourdon.fr\/art\/wp-content\/uploads\/2021\/05\/eric-bourdon-artiste-peintre-francais-contemporain-lille-france.jpg","width":220,"height":220,"caption":"Eric Bourdon"},"logo":{"@id":"https:\/\/ericbourdon.fr\/art\/wp-content\/uploads\/2021\/05\/eric-bourdon-artiste-peintre-francais-contemporain-lille-france.jpg"},"sameAs":["https:\/\/ericbourdon.fr\/","https:\/\/www.facebook.com\/ArtbyEricBourdon\/","https:\/\/www.instagram.com\/eric.bourdon.art\/","https:\/\/fr.linkedin.com\/in\/eric-bourdon\/fr","https:\/\/www.pinterest.fr\/EricBourdonArt\/","https:\/\/en.wikipedia.org\/wiki\/\u00c9ric_Bourdon"]}]}},"_links":{"self":[{"href":"https:\/\/ericbourdon.fr\/art\/wp-json\/wp\/v2\/posts\/7397","targetHints":{"allow":["GET"]}}],"collection":[{"href":"https:\/\/ericbourdon.fr\/art\/wp-json\/wp\/v2\/posts"}],"about":[{"href":"https:\/\/ericbourdon.fr\/art\/wp-json\/wp\/v2\/types\/post"}],"author":[{"embeddable":true,"href":"https:\/\/ericbourdon.fr\/art\/wp-json\/wp\/v2\/users\/67"}],"replies":[{"embeddable":true,"href":"https:\/\/ericbourdon.fr\/art\/wp-json\/wp\/v2\/comments?post=7397"}],"version-history":[{"count":1,"href":"https:\/\/ericbourdon.fr\/art\/wp-json\/wp\/v2\/posts\/7397\/revisions"}],"predecessor-version":[{"id":13849,"href":"https:\/\/ericbourdon.fr\/art\/wp-json\/wp\/v2\/posts\/7397\/revisions\/13849"}],"wp:attachment":[{"href":"https:\/\/ericbourdon.fr\/art\/wp-json\/wp\/v2\/media?parent=7397"}],"wp:term":[{"taxonomy":"category","embeddable":true,"href":"https:\/\/ericbourdon.fr\/art\/wp-json\/wp\/v2\/categories?post=7397"},{"taxonomy":"post_tag","embeddable":true,"href":"https:\/\/ericbourdon.fr\/art\/wp-json\/wp\/v2\/tags?post=7397"}],"curies":[{"name":"wp","href":"https:\/\/api.w.org\/{rel}","templated":true}]}}