{"id":7626,"date":"2016-01-30T10:57:30","date_gmt":"2016-01-30T09:57:30","guid":{"rendered":"https:\/\/ericbourdon.fr\/art\/?p=7626"},"modified":"2022-05-18T22:03:29","modified_gmt":"2022-05-18T21:03:29","slug":"lire-heidegger-sans-reference-au-nazisme","status":"publish","type":"post","link":"https:\/\/ericbourdon.fr\/art\/2016\/01\/30\/lire-heidegger-sans-reference-au-nazisme\/","title":{"rendered":"Lire Heidegger sans r\u00e9f\u00e9rence au nazisme ?"},"content":{"rendered":"<p><a href=\"https:\/\/ericbourdon.fr\/art\/wp-content\/uploads\/2016\/01\/philosophe-nazi-martin-heidegger-nazisme.jpg\" target=\"_blank\" rel=\"attachment noopener wp-att-7627 noreferrer\"><img loading=\"lazy\" decoding=\"async\" class=\"aligncenter size-large wp-image-7627\" src=\"https:\/\/ericbourdon.fr\/art\/wp-content\/uploads\/2016\/01\/philosophe-nazi-martin-heidegger-nazisme-440x637.jpg\" alt=\"philosophe nazi martin heidegger nazisme\" width=\"440\" height=\"637\" srcset=\"https:\/\/ericbourdon.fr\/art\/wp-content\/uploads\/2016\/01\/philosophe-nazi-martin-heidegger-nazisme-440x637.jpg 440w, https:\/\/ericbourdon.fr\/art\/wp-content\/uploads\/2016\/01\/philosophe-nazi-martin-heidegger-nazisme-104x150.jpg 104w, https:\/\/ericbourdon.fr\/art\/wp-content\/uploads\/2016\/01\/philosophe-nazi-martin-heidegger-nazisme-207x300.jpg 207w, https:\/\/ericbourdon.fr\/art\/wp-content\/uploads\/2016\/01\/philosophe-nazi-martin-heidegger-nazisme.jpg 553w\" sizes=\"auto, (max-width: 440px) 100vw, 440px\" \/><\/a><\/p>\n<p style=\"text-align: center;\">(<a href=\"https:\/\/ericbourdon.fr\/art\/wp-content\/uploads\/2016\/01\/philosophe-nazi-martin-heidegger-nazisme.jpg\" target=\"_blank\" rel=\"noopener noreferrer\">Zoom sur le dessin<\/a>)<\/p>\n<div style=\"text-align: center;\">&nbsp;<\/div>\n<p style=\"text-align: right;\"><em>Lire Heidegger sans r\u00e9f\u00e9rence au nazisme ?<\/em><\/p>\n<p style=\"text-align: right;\">Dessin au stylo et feutre sur papier,<br>avec retouche num\u00e9rique<br>par <a href=\"https:\/\/ericbourdon.fr\" target=\"_blank\" rel=\"noopener noreferrer\">Eric Bourdon<\/a> \u00a9 2016<\/p>\n<p><!--more--><\/p>\n<div style=\"text-align: center;\">&nbsp;<\/div>\n<blockquote>\n<p>[&#8230;] la question directrice de ma recherche n\u2019a pas \u00e9t\u00e9 au d\u00e9part celle du national-socialisme de Heidegger, mais celle de sa conception de l\u2019homme. C\u2019est \u00e0 mesure que je progressais vers les fondements de son \u0153uvre, que j\u2019ai pu mesurer \u00e0 quel point le national-socialisme y \u00e9tait inscrit. D\u00e8s lors, il m\u2019est apparu qu\u2019il \u00e9tait impossible de faire la part de l\u2019id\u00e9ologie et celle de la philosophie. Peut-on en effet s\u00e9rieusement envisager de prendre un \u00e0 un les 66 volumes parus de la Gesamtausgabe [l&#8217;\u0153uvre int\u00e9grale de Martin Heidegger, en cours de publication] et de former deux piles : \u00e0 droite, les ouvrages qui seraient de la pure id\u00e9ologie nazie, \u00e0 gauche, ceux qui pourraient-\u00eatre consid\u00e9r\u00e9s comme relevant de la philosophie ? Heidegger lui-m\u00eame a con\u00e7u sa Gesamtausgabe comme un tout. Il en a dress\u00e9 le plan de fa\u00e7on \u00e0 ce que les cours les plus ouvertement hitl\u00e9riens paraissent lorsqu\u2019il n\u2019aurait plus \u00e0 en r\u00e9pondre, qu\u2019ils prennent place au c\u0153ur m\u00eame de l\u2019\u0153uvre, sans aucune r\u00e9serve ni repentir, et c\u2019est tout cet ensemble qu\u2019il a l\u00e9gu\u00e9 comme son \u0153uvre, pour les g\u00e9n\u00e9rations \u00e0 venir.<\/p>\n<\/blockquote>\n<div style=\"text-align: center;\">&nbsp;<\/div>\n<p style=\"text-align: justify;\">Extrait de <a href=\"http:\/\/www.appep.net\/mat\/2012\/06\/faye02.pdf\" target=\"_blank\" rel=\"noopener noreferrer\">la conf\u00e9rence d&#8217;Emmanuel Faye \u00e0 la Sorbonne<\/a> lors de la parution en 2005 de son livre <em>Heidegger, l&#8217;introduction du nazisme dans la philosophie&nbsp;: Autour des s\u00e9minaires in\u00e9dits de 1933-1935<\/em>, aux Editions Albin Michel. Disponible en version broch\u00e9e (par exemple <a href=\"https:\/\/www.amazon.fr\/Heidegger-lintroduction-nazisme-dans-philosophie\/dp\/2226142525\" target=\"_blank\" rel=\"noopener noreferrer\">ici sur Amazon<\/a>), vous trouverez aussi le livre un peu partout au <em>Livre de Poche<\/em> \u00e0 moins de 10\u20ac.<\/p>\n<p>&nbsp;<\/p>\n\n\n<p class=\"has-text-align-right\">    \u27af  <em>Voir aussi :<\/em> <a href=\"https:\/\/ericbourdon.fr\/art\/2016\/01\/24\/heidegger-introduction-du-nazisme-dans-la-philosophie\/\" target=\"_blank\" rel=\"noreferrer noopener\" aria-label=\" (s\u2019ouvre dans un nouvel onglet)\">Heidegger : l\u2019introduction du nazisme dans la philosophie<\/a> <\/p>\n\n\n\n<div style=\"text-align: right;\"><br><br><img loading=\"lazy\" decoding=\"async\" class=\"alignnone size-full wp-image-10750\" src=\"https:\/\/ericbourdon.fr\/art\/wp-content\/uploads\/2019\/02\/eric-bourdon-english.png\" alt=\"english eric bourdon\" width=\"18\" height=\"15\">&nbsp;&nbsp;&nbsp;<a href=\"https:\/\/ericbourdon.com\/news\/2016\/01\/30\/read-a-nazi-philosopher-nazism\/\" target=\"_blank\" rel=\"noopener noreferrer\">Read a Nazi philosopher with no reference to Nazism ?<\/a><\/div><br><br><br>\n","protected":false},"excerpt":{"rendered":"<p>(Zoom sur le dessin) &nbsp; Lire Heidegger sans r\u00e9f\u00e9rence au nazisme ? Dessin au stylo et feutre sur papier,avec retouche num\u00e9riquepar Eric Bourdon \u00a9 2016<\/p>\n","protected":false},"author":67,"featured_media":0,"comment_status":"open","ping_status":"closed","sticky":false,"template":"","format":"standard","meta":{"footnotes":""},"categories":[272,23],"tags":[],"class_list":["post-7626","post","type-post","status-publish","format-standard","hentry","category-dessins-sur-papier","category-livres"],"yoast_head":"<!-- This site is optimized with the Yoast SEO plugin v27.4 - https:\/\/yoast.com\/product\/yoast-seo-wordpress\/ -->\n<title>Lire Heidegger sans r\u00e9f\u00e9rence au nazisme ? | Eric Bourdon<\/title>\n<meta name=\"description\" content=\"Peut-on lire un philosophe nazi sans r\u00e9f\u00e9rence au nazisme ? Couper son \u0153uvre en deux ? C&#039;est ce que Martin Heidegger a rendu impossible...\" \/>\n<meta name=\"robots\" content=\"index, follow, max-snippet:-1, max-image-preview:large, max-video-preview:-1\" \/>\n<link rel=\"canonical\" href=\"https:\/\/ericbourdon.fr\/art\/2016\/01\/30\/lire-heidegger-sans-reference-au-nazisme\/\" \/>\n<meta property=\"og:type\" content=\"article\" \/>\n<meta property=\"og:title\" content=\"Lire Heidegger sans r\u00e9f\u00e9rence au nazisme ? | Eric Bourdon\" \/>\n<meta property=\"og:description\" content=\"Peut-on lire un philosophe nazi sans r\u00e9f\u00e9rence au nazisme ? Couper son \u0153uvre en deux ? C&#039;est ce que Martin Heidegger a rendu impossible...\" \/>\n<meta property=\"og:url\" content=\"https:\/\/ericbourdon.fr\/art\/2016\/01\/30\/lire-heidegger-sans-reference-au-nazisme\/\" \/>\n<meta property=\"og:site_name\" content=\"Eric Bourdon, artiste peintre contemporain \u00e0 Lille | Blog\" \/>\n<meta property=\"article:publisher\" content=\"https:\/\/www.facebook.com\/ArtbyEricBourdon\/\" \/>\n<meta property=\"article:author\" content=\"https:\/\/www.facebook.com\/ArtbyEricBourdon\/\" \/>\n<meta property=\"article:published_time\" content=\"2016-01-30T09:57:30+00:00\" \/>\n<meta property=\"article:modified_time\" content=\"2022-05-18T21:03:29+00:00\" \/>\n<meta property=\"og:image\" content=\"https:\/\/ericbourdon.fr\/art\/wp-content\/uploads\/2016\/01\/philosophe-nazi-martin-heidegger-nazisme-440x637.jpg\" \/>\n<meta name=\"author\" content=\"Eric Bourdon\" \/>\n<meta name=\"twitter:label1\" content=\"Written by\" \/>\n\t<meta name=\"twitter:data1\" content=\"Eric Bourdon\" \/>\n\t<meta name=\"twitter:label2\" content=\"Est. reading time\" \/>\n\t<meta name=\"twitter:data2\" content=\"2 minutes\" \/>\n<script type=\"application\/ld+json\" class=\"yoast-schema-graph\">{\"@context\":\"https:\\\/\\\/schema.org\",\"@graph\":[{\"@type\":\"Article\",\"@id\":\"https:\\\/\\\/ericbourdon.fr\\\/art\\\/2016\\\/01\\\/30\\\/lire-heidegger-sans-reference-au-nazisme\\\/#article\",\"isPartOf\":{\"@id\":\"https:\\\/\\\/ericbourdon.fr\\\/art\\\/2016\\\/01\\\/30\\\/lire-heidegger-sans-reference-au-nazisme\\\/\"},\"author\":{\"name\":\"Eric Bourdon\",\"@id\":\"https:\\\/\\\/ericbourdon.fr\\\/art\\\/#\\\/schema\\\/person\\\/35997829794ccb4ff3a33684da4769f6\"},\"headline\":\"Lire Heidegger sans r\u00e9f\u00e9rence au nazisme ?\",\"datePublished\":\"2016-01-30T09:57:30+00:00\",\"dateModified\":\"2022-05-18T21:03:29+00:00\",\"mainEntityOfPage\":{\"@id\":\"https:\\\/\\\/ericbourdon.fr\\\/art\\\/2016\\\/01\\\/30\\\/lire-heidegger-sans-reference-au-nazisme\\\/\"},\"wordCount\":328,\"commentCount\":0,\"publisher\":{\"@id\":\"https:\\\/\\\/ericbourdon.fr\\\/art\\\/#\\\/schema\\\/person\\\/35997829794ccb4ff3a33684da4769f6\"},\"image\":{\"@id\":\"https:\\\/\\\/ericbourdon.fr\\\/art\\\/2016\\\/01\\\/30\\\/lire-heidegger-sans-reference-au-nazisme\\\/#primaryimage\"},\"thumbnailUrl\":\"https:\\\/\\\/ericbourdon.fr\\\/art\\\/wp-content\\\/uploads\\\/2016\\\/01\\\/philosophe-nazi-martin-heidegger-nazisme-440x637.jpg\",\"articleSection\":[\"Dessins sur papier\",\"Livres\"],\"inLanguage\":\"fr\",\"potentialAction\":[{\"@type\":\"CommentAction\",\"name\":\"Comment\",\"target\":[\"https:\\\/\\\/ericbourdon.fr\\\/art\\\/2016\\\/01\\\/30\\\/lire-heidegger-sans-reference-au-nazisme\\\/#respond\"]}]},{\"@type\":\"WebPage\",\"@id\":\"https:\\\/\\\/ericbourdon.fr\\\/art\\\/2016\\\/01\\\/30\\\/lire-heidegger-sans-reference-au-nazisme\\\/\",\"url\":\"https:\\\/\\\/ericbourdon.fr\\\/art\\\/2016\\\/01\\\/30\\\/lire-heidegger-sans-reference-au-nazisme\\\/\",\"name\":\"Lire Heidegger sans r\u00e9f\u00e9rence au nazisme ? | Eric Bourdon\",\"isPartOf\":{\"@id\":\"https:\\\/\\\/ericbourdon.fr\\\/art\\\/#website\"},\"primaryImageOfPage\":{\"@id\":\"https:\\\/\\\/ericbourdon.fr\\\/art\\\/2016\\\/01\\\/30\\\/lire-heidegger-sans-reference-au-nazisme\\\/#primaryimage\"},\"image\":{\"@id\":\"https:\\\/\\\/ericbourdon.fr\\\/art\\\/2016\\\/01\\\/30\\\/lire-heidegger-sans-reference-au-nazisme\\\/#primaryimage\"},\"thumbnailUrl\":\"https:\\\/\\\/ericbourdon.fr\\\/art\\\/wp-content\\\/uploads\\\/2016\\\/01\\\/philosophe-nazi-martin-heidegger-nazisme-440x637.jpg\",\"datePublished\":\"2016-01-30T09:57:30+00:00\",\"dateModified\":\"2022-05-18T21:03:29+00:00\",\"description\":\"Peut-on lire un philosophe nazi sans r\u00e9f\u00e9rence au nazisme ? Couper son \u0153uvre en deux ? C'est ce que Martin Heidegger a rendu impossible...\",\"breadcrumb\":{\"@id\":\"https:\\\/\\\/ericbourdon.fr\\\/art\\\/2016\\\/01\\\/30\\\/lire-heidegger-sans-reference-au-nazisme\\\/#breadcrumb\"},\"inLanguage\":\"fr\",\"potentialAction\":[{\"@type\":\"ReadAction\",\"target\":[\"https:\\\/\\\/ericbourdon.fr\\\/art\\\/2016\\\/01\\\/30\\\/lire-heidegger-sans-reference-au-nazisme\\\/\"]}]},{\"@type\":\"ImageObject\",\"inLanguage\":\"fr\",\"@id\":\"https:\\\/\\\/ericbourdon.fr\\\/art\\\/2016\\\/01\\\/30\\\/lire-heidegger-sans-reference-au-nazisme\\\/#primaryimage\",\"url\":\"https:\\\/\\\/ericbourdon.fr\\\/art\\\/wp-content\\\/uploads\\\/2016\\\/01\\\/philosophe-nazi-martin-heidegger-nazisme.jpg\",\"contentUrl\":\"https:\\\/\\\/ericbourdon.fr\\\/art\\\/wp-content\\\/uploads\\\/2016\\\/01\\\/philosophe-nazi-martin-heidegger-nazisme.jpg\",\"width\":553,\"height\":800,\"caption\":\"philosophe-nazi-martin-heidegger-nazisme\"},{\"@type\":\"BreadcrumbList\",\"@id\":\"https:\\\/\\\/ericbourdon.fr\\\/art\\\/2016\\\/01\\\/30\\\/lire-heidegger-sans-reference-au-nazisme\\\/#breadcrumb\",\"itemListElement\":[{\"@type\":\"ListItem\",\"position\":1,\"name\":\"Eric Bourdon\",\"item\":\"https:\\\/\\\/ericbourdon.fr\"},{\"@type\":\"ListItem\",\"position\":2,\"name\":\"Blog\",\"item\":\"https:\\\/\\\/ericbourdon.fr\\\/art\\\/\"},{\"@type\":\"ListItem\",\"position\":3,\"name\":\"Livres\",\"item\":\"https:\\\/\\\/ericbourdon.fr\\\/art\\\/categorie\\\/livres\\\/\"},{\"@type\":\"ListItem\",\"position\":4,\"name\":\"Lire Heidegger sans r\u00e9f\u00e9rence au nazisme ?\"}]},{\"@type\":\"WebSite\",\"@id\":\"https:\\\/\\\/ericbourdon.fr\\\/art\\\/#website\",\"url\":\"https:\\\/\\\/ericbourdon.fr\\\/art\\\/\",\"name\":\"Eric Bourdon, artiste peintre contemporain \u00e0 Lille | Blog\",\"description\":\"Peinture, dessin, arts et artistes... Actualit\u00e9s des galeries d&#039;art et expositions...\",\"publisher\":{\"@id\":\"https:\\\/\\\/ericbourdon.fr\\\/art\\\/#\\\/schema\\\/person\\\/35997829794ccb4ff3a33684da4769f6\"},\"potentialAction\":[{\"@type\":\"SearchAction\",\"target\":{\"@type\":\"EntryPoint\",\"urlTemplate\":\"https:\\\/\\\/ericbourdon.fr\\\/art\\\/?s={search_term_string}\"},\"query-input\":{\"@type\":\"PropertyValueSpecification\",\"valueRequired\":true,\"valueName\":\"search_term_string\"}}],\"inLanguage\":\"fr\"},{\"@type\":[\"Person\",\"Organization\"],\"@id\":\"https:\\\/\\\/ericbourdon.fr\\\/art\\\/#\\\/schema\\\/person\\\/35997829794ccb4ff3a33684da4769f6\",\"name\":\"Eric Bourdon\",\"image\":{\"@type\":\"ImageObject\",\"inLanguage\":\"fr\",\"@id\":\"https:\\\/\\\/ericbourdon.fr\\\/art\\\/wp-content\\\/uploads\\\/2021\\\/05\\\/eric-bourdon-artiste-peintre-francais-contemporain-lille-france.jpg\",\"url\":\"https:\\\/\\\/ericbourdon.fr\\\/art\\\/wp-content\\\/uploads\\\/2021\\\/05\\\/eric-bourdon-artiste-peintre-francais-contemporain-lille-france.jpg\",\"contentUrl\":\"https:\\\/\\\/ericbourdon.fr\\\/art\\\/wp-content\\\/uploads\\\/2021\\\/05\\\/eric-bourdon-artiste-peintre-francais-contemporain-lille-france.jpg\",\"width\":220,\"height\":220,\"caption\":\"Eric Bourdon\"},\"logo\":{\"@id\":\"https:\\\/\\\/ericbourdon.fr\\\/art\\\/wp-content\\\/uploads\\\/2021\\\/05\\\/eric-bourdon-artiste-peintre-francais-contemporain-lille-france.jpg\"},\"sameAs\":[\"https:\\\/\\\/ericbourdon.fr\\\/\",\"https:\\\/\\\/www.facebook.com\\\/ArtbyEricBourdon\\\/\",\"https:\\\/\\\/www.instagram.com\\\/eric.bourdon.art\\\/\",\"https:\\\/\\\/fr.linkedin.com\\\/in\\\/eric-bourdon\\\/fr\",\"https:\\\/\\\/www.pinterest.fr\\\/EricBourdonArt\\\/\",\"https:\\\/\\\/en.wikipedia.org\\\/wiki\\\/\u00c9ric_Bourdon\"]}]}<\/script>\n<!-- \/ Yoast SEO plugin. -->","yoast_head_json":{"title":"Lire Heidegger sans r\u00e9f\u00e9rence au nazisme ? | Eric Bourdon","description":"Peut-on lire un philosophe nazi sans r\u00e9f\u00e9rence au nazisme ? Couper son \u0153uvre en deux ? C'est ce que Martin Heidegger a rendu impossible...","robots":{"index":"index","follow":"follow","max-snippet":"max-snippet:-1","max-image-preview":"max-image-preview:large","max-video-preview":"max-video-preview:-1"},"canonical":"https:\/\/ericbourdon.fr\/art\/2016\/01\/30\/lire-heidegger-sans-reference-au-nazisme\/","og_type":"article","og_title":"Lire Heidegger sans r\u00e9f\u00e9rence au nazisme ? | Eric Bourdon","og_description":"Peut-on lire un philosophe nazi sans r\u00e9f\u00e9rence au nazisme ? Couper son \u0153uvre en deux ? C'est ce que Martin Heidegger a rendu impossible...","og_url":"https:\/\/ericbourdon.fr\/art\/2016\/01\/30\/lire-heidegger-sans-reference-au-nazisme\/","og_site_name":"Eric Bourdon, artiste peintre contemporain \u00e0 Lille | Blog","article_publisher":"https:\/\/www.facebook.com\/ArtbyEricBourdon\/","article_author":"https:\/\/www.facebook.com\/ArtbyEricBourdon\/","article_published_time":"2016-01-30T09:57:30+00:00","article_modified_time":"2022-05-18T21:03:29+00:00","og_image":[{"url":"https:\/\/ericbourdon.fr\/art\/wp-content\/uploads\/2016\/01\/philosophe-nazi-martin-heidegger-nazisme-440x637.jpg","type":"","width":"","height":""}],"author":"Eric Bourdon","twitter_misc":{"Written by":"Eric Bourdon","Est. reading time":"2 minutes"},"schema":{"@context":"https:\/\/schema.org","@graph":[{"@type":"Article","@id":"https:\/\/ericbourdon.fr\/art\/2016\/01\/30\/lire-heidegger-sans-reference-au-nazisme\/#article","isPartOf":{"@id":"https:\/\/ericbourdon.fr\/art\/2016\/01\/30\/lire-heidegger-sans-reference-au-nazisme\/"},"author":{"name":"Eric Bourdon","@id":"https:\/\/ericbourdon.fr\/art\/#\/schema\/person\/35997829794ccb4ff3a33684da4769f6"},"headline":"Lire Heidegger sans r\u00e9f\u00e9rence au nazisme ?","datePublished":"2016-01-30T09:57:30+00:00","dateModified":"2022-05-18T21:03:29+00:00","mainEntityOfPage":{"@id":"https:\/\/ericbourdon.fr\/art\/2016\/01\/30\/lire-heidegger-sans-reference-au-nazisme\/"},"wordCount":328,"commentCount":0,"publisher":{"@id":"https:\/\/ericbourdon.fr\/art\/#\/schema\/person\/35997829794ccb4ff3a33684da4769f6"},"image":{"@id":"https:\/\/ericbourdon.fr\/art\/2016\/01\/30\/lire-heidegger-sans-reference-au-nazisme\/#primaryimage"},"thumbnailUrl":"https:\/\/ericbourdon.fr\/art\/wp-content\/uploads\/2016\/01\/philosophe-nazi-martin-heidegger-nazisme-440x637.jpg","articleSection":["Dessins sur papier","Livres"],"inLanguage":"fr","potentialAction":[{"@type":"CommentAction","name":"Comment","target":["https:\/\/ericbourdon.fr\/art\/2016\/01\/30\/lire-heidegger-sans-reference-au-nazisme\/#respond"]}]},{"@type":"WebPage","@id":"https:\/\/ericbourdon.fr\/art\/2016\/01\/30\/lire-heidegger-sans-reference-au-nazisme\/","url":"https:\/\/ericbourdon.fr\/art\/2016\/01\/30\/lire-heidegger-sans-reference-au-nazisme\/","name":"Lire Heidegger sans r\u00e9f\u00e9rence au nazisme ? | Eric Bourdon","isPartOf":{"@id":"https:\/\/ericbourdon.fr\/art\/#website"},"primaryImageOfPage":{"@id":"https:\/\/ericbourdon.fr\/art\/2016\/01\/30\/lire-heidegger-sans-reference-au-nazisme\/#primaryimage"},"image":{"@id":"https:\/\/ericbourdon.fr\/art\/2016\/01\/30\/lire-heidegger-sans-reference-au-nazisme\/#primaryimage"},"thumbnailUrl":"https:\/\/ericbourdon.fr\/art\/wp-content\/uploads\/2016\/01\/philosophe-nazi-martin-heidegger-nazisme-440x637.jpg","datePublished":"2016-01-30T09:57:30+00:00","dateModified":"2022-05-18T21:03:29+00:00","description":"Peut-on lire un philosophe nazi sans r\u00e9f\u00e9rence au nazisme ? Couper son \u0153uvre en deux ? C'est ce que Martin Heidegger a rendu impossible...","breadcrumb":{"@id":"https:\/\/ericbourdon.fr\/art\/2016\/01\/30\/lire-heidegger-sans-reference-au-nazisme\/#breadcrumb"},"inLanguage":"fr","potentialAction":[{"@type":"ReadAction","target":["https:\/\/ericbourdon.fr\/art\/2016\/01\/30\/lire-heidegger-sans-reference-au-nazisme\/"]}]},{"@type":"ImageObject","inLanguage":"fr","@id":"https:\/\/ericbourdon.fr\/art\/2016\/01\/30\/lire-heidegger-sans-reference-au-nazisme\/#primaryimage","url":"https:\/\/ericbourdon.fr\/art\/wp-content\/uploads\/2016\/01\/philosophe-nazi-martin-heidegger-nazisme.jpg","contentUrl":"https:\/\/ericbourdon.fr\/art\/wp-content\/uploads\/2016\/01\/philosophe-nazi-martin-heidegger-nazisme.jpg","width":553,"height":800,"caption":"philosophe-nazi-martin-heidegger-nazisme"},{"@type":"BreadcrumbList","@id":"https:\/\/ericbourdon.fr\/art\/2016\/01\/30\/lire-heidegger-sans-reference-au-nazisme\/#breadcrumb","itemListElement":[{"@type":"ListItem","position":1,"name":"Eric Bourdon","item":"https:\/\/ericbourdon.fr"},{"@type":"ListItem","position":2,"name":"Blog","item":"https:\/\/ericbourdon.fr\/art\/"},{"@type":"ListItem","position":3,"name":"Livres","item":"https:\/\/ericbourdon.fr\/art\/categorie\/livres\/"},{"@type":"ListItem","position":4,"name":"Lire Heidegger sans r\u00e9f\u00e9rence au nazisme ?"}]},{"@type":"WebSite","@id":"https:\/\/ericbourdon.fr\/art\/#website","url":"https:\/\/ericbourdon.fr\/art\/","name":"Eric Bourdon, artiste peintre contemporain \u00e0 Lille | Blog","description":"Peinture, dessin, arts et artistes... Actualit\u00e9s des galeries d&#039;art et expositions...","publisher":{"@id":"https:\/\/ericbourdon.fr\/art\/#\/schema\/person\/35997829794ccb4ff3a33684da4769f6"},"potentialAction":[{"@type":"SearchAction","target":{"@type":"EntryPoint","urlTemplate":"https:\/\/ericbourdon.fr\/art\/?s={search_term_string}"},"query-input":{"@type":"PropertyValueSpecification","valueRequired":true,"valueName":"search_term_string"}}],"inLanguage":"fr"},{"@type":["Person","Organization"],"@id":"https:\/\/ericbourdon.fr\/art\/#\/schema\/person\/35997829794ccb4ff3a33684da4769f6","name":"Eric Bourdon","image":{"@type":"ImageObject","inLanguage":"fr","@id":"https:\/\/ericbourdon.fr\/art\/wp-content\/uploads\/2021\/05\/eric-bourdon-artiste-peintre-francais-contemporain-lille-france.jpg","url":"https:\/\/ericbourdon.fr\/art\/wp-content\/uploads\/2021\/05\/eric-bourdon-artiste-peintre-francais-contemporain-lille-france.jpg","contentUrl":"https:\/\/ericbourdon.fr\/art\/wp-content\/uploads\/2021\/05\/eric-bourdon-artiste-peintre-francais-contemporain-lille-france.jpg","width":220,"height":220,"caption":"Eric Bourdon"},"logo":{"@id":"https:\/\/ericbourdon.fr\/art\/wp-content\/uploads\/2021\/05\/eric-bourdon-artiste-peintre-francais-contemporain-lille-france.jpg"},"sameAs":["https:\/\/ericbourdon.fr\/","https:\/\/www.facebook.com\/ArtbyEricBourdon\/","https:\/\/www.instagram.com\/eric.bourdon.art\/","https:\/\/fr.linkedin.com\/in\/eric-bourdon\/fr","https:\/\/www.pinterest.fr\/EricBourdonArt\/","https:\/\/en.wikipedia.org\/wiki\/\u00c9ric_Bourdon"]}]}},"_links":{"self":[{"href":"https:\/\/ericbourdon.fr\/art\/wp-json\/wp\/v2\/posts\/7626","targetHints":{"allow":["GET"]}}],"collection":[{"href":"https:\/\/ericbourdon.fr\/art\/wp-json\/wp\/v2\/posts"}],"about":[{"href":"https:\/\/ericbourdon.fr\/art\/wp-json\/wp\/v2\/types\/post"}],"author":[{"embeddable":true,"href":"https:\/\/ericbourdon.fr\/art\/wp-json\/wp\/v2\/users\/67"}],"replies":[{"embeddable":true,"href":"https:\/\/ericbourdon.fr\/art\/wp-json\/wp\/v2\/comments?post=7626"}],"version-history":[{"count":2,"href":"https:\/\/ericbourdon.fr\/art\/wp-json\/wp\/v2\/posts\/7626\/revisions"}],"predecessor-version":[{"id":13635,"href":"https:\/\/ericbourdon.fr\/art\/wp-json\/wp\/v2\/posts\/7626\/revisions\/13635"}],"wp:attachment":[{"href":"https:\/\/ericbourdon.fr\/art\/wp-json\/wp\/v2\/media?parent=7626"}],"wp:term":[{"taxonomy":"category","embeddable":true,"href":"https:\/\/ericbourdon.fr\/art\/wp-json\/wp\/v2\/categories?post=7626"},{"taxonomy":"post_tag","embeddable":true,"href":"https:\/\/ericbourdon.fr\/art\/wp-json\/wp\/v2\/tags?post=7626"}],"curies":[{"name":"wp","href":"https:\/\/api.w.org\/{rel}","templated":true}]}}