{"id":8017,"date":"2017-06-04T15:14:38","date_gmt":"2017-06-04T14:14:38","guid":{"rendered":"https:\/\/ericbourdon.fr\/art\/?p=8017"},"modified":"2022-08-27T09:38:46","modified_gmt":"2022-08-27T08:38:46","slug":"solid-art-expo-vente-solidaire-art-contemporain","status":"publish","type":"post","link":"https:\/\/ericbourdon.fr\/art\/2017\/06\/04\/solid-art-expo-vente-solidaire-art-contemporain\/","title":{"rendered":"Solid\u2019Art : Expo-Vente Solidaire d\u2019Art Contemporain"},"content":{"rendered":"<p><img loading=\"lazy\" decoding=\"async\" class=\"aligncenter size-full wp-image-8018\" src=\"https:\/\/ericbourdon.fr\/art\/wp-content\/uploads\/2017\/06\/solid-art-eric-bourdon.jpg\" alt=\"solid-art-eric-bourdon\" width=\"440\" height=\"313\" srcset=\"https:\/\/ericbourdon.fr\/art\/wp-content\/uploads\/2017\/06\/solid-art-eric-bourdon.jpg 440w, https:\/\/ericbourdon.fr\/art\/wp-content\/uploads\/2017\/06\/solid-art-eric-bourdon-150x107.jpg 150w, https:\/\/ericbourdon.fr\/art\/wp-content\/uploads\/2017\/06\/solid-art-eric-bourdon-300x213.jpg 300w\" sizes=\"auto, (max-width: 440px) 100vw, 440px\" \/><\/p>\n<div style=\"text-align: center;\">&nbsp;<\/div>\n<p style=\"text-align: justify;\">&nbsp;&nbsp;&nbsp;&nbsp;&nbsp;<strong><a href=\"https:\/\/solidart.fr\/\" target=\"_blank\" rel=\"noopener\">SOLID\u2019ART<\/a><\/strong>, c\u2019est l\u2019expo-vente solidaire d\u2019art contemporain du Secours Populaire Nord. Cette 3\u00e8me \u00e9dition se tiendra les 16, 17 et 18 juin 2017, au Palais Rameau de Lille.<\/p>\n<p><!--more--><\/p>\n<div style=\"text-align: center;\">&nbsp;<\/div>\n<p style=\"text-align: justify;\">&nbsp;&nbsp;&nbsp;&nbsp;&nbsp;130 artistes et galeries solidaires exposeront pendant trois jours pour soutenir la campagne \u00ab Vacances \u00bb de l\u2019association. Toutes les disciplines seront repr\u00e9sent\u00e9es : peinture, sculpture, photo, gravure, Street-art\u2026<\/p>\n<p style=\"text-align: justify;\">&nbsp;&nbsp;&nbsp;&nbsp;&nbsp;Comme le titrait la Voix du Nord le 19 juin 2016, \u00ab SOLID\u2019ART fait d\u00e9j\u00e0 partie du paysage culturel \u00bb. L\u2019ann\u00e9e derni\u00e8re, plus de 10 000 visiteurs avaient pouss\u00e9 les portes du Palais Rameau pour d\u00e9couvrir les \u0153uvres expos\u00e9es. 550 \u0153uvres avaient alors \u00e9t\u00e9 vendues, permettant d\u2019offrir l\u2019\u00e9quivalent de 4 360 journ\u00e9es de vacances aux enfants accompagn\u00e9s par le Secours populaire.<\/p>\n<div style=\"text-align: center;\">&nbsp;<\/div>\n<p style=\"text-align: center;\"><a href=\"https:\/\/www.facebook.com\/events\/661901443999235\/\" target=\"_blank\" rel=\"noopener\"><strong>Page facebook de Solid&#8217;Art 2017<\/strong><\/a><\/p>\n<div style=\"text-align: center;\">&nbsp;<\/div>\n<p><em>Horaires d\u2019ouverture :<\/em><\/p>\n<p style=\"text-align: justify;\">&#8211; Vendredi 16 juin de 14h \u00e0 21h<br \/>\n&#8211; Samedi 17 juin de 10h \u00e0 19h \u2013 Vernissage \u00e0 11h30<br \/>\n&#8211; Dimanche 18 juin de 10h \u00e0 19h<\/p>\n<div style=\"text-align: center;\">&nbsp;<\/div>\n<p style=\"text-align: center;\"><a href=\"https:\/\/fr.calameo.com\/read\/005071271687f2f771f20\" target=\"_blank\" rel=\"noopener\"><strong>Visionnez le catalogue de l&#8217;expo-vente en cliquant ici<\/strong><\/a><\/p>\n<div style=\"text-align: center;\">&nbsp;<\/div>\n<p><em>130 Artistes &amp; Galeries Solidaires :<\/em><\/p>\n<p style=\"text-align: justify;\">&nbsp;&nbsp;&nbsp;&nbsp;&nbsp;Jef A\u00e9rosol, MIMI the ClowN, Maxime Dufour, Mahjoub Ben Bella, Fabrice Poiteaux, Claire Fanjul, Jihem, Art Zokatos, Damien-Paul Gal, Sam Appourchaux, Herv\u00e9 Di Rosa, <a href=\"https:\/\/ericbourdon.fr\/eric-bourdon-pdf\/Solid-Art-Lille-2017-Expo-vente-art-contemporain-Eric-Bourdon.pdf\" target=\"_blank\" rel=\"noopener\">Eric Bourdon<\/a>, LEM, Fabrice Burton, Atelier A3, Virgnie Fiers, Palczy, Laurence Vanhecke, JOB, Isabelle Diguet, Jacques Pentel, Jasmine Le Nozac&#8217;h, Louka Biseur, Jonone, Olivier coisne, Yvon Delaporte, Jean-marc Demarcq, Dalila Demarcq, Franck Guihal, Catherine Zgorecki, Coralie SoCo, Pib Ddtf Crew, St\u00e9phany Hasselsweiller, Philippe Jovenet, Vincent Maronnier, Martin Loume, Edouard Tremeau, Francis Moreeuw, Jean Bernaux, Eric Cr\u00e9mer, Alain Fenet, Christine Miller, Galerie Art to Be Gallery, Galerie C\u00e9dric Bacqueville, Galerie Acid Gallery, Galerie Coll\u00e9giale V\u00e9ronique Dalle, Editions Anagraphis, Daniel Bienfait, Guillaume Moisson, Isabelle Venet, Herv\u00e9 Venet, Patchoul and the gang, Atelier Dryade, Angus Grou\u00e9s, Jamil Amhis, Thierry Mourgu\u00e9s, Bernard Kowalczuk, S\u00e9bastien Wavran, PERSONe, Claire Delhelle, Quentin Carnaille, Michel Dievart, Philippe Lemaire, H\u00e9l\u00e8ne Beelkens, Arnaud Seynaeve, Dom Dewalles, Guagui, Yining Zhao, Ariane Fouquet, Yann Legrand, Fran\u00e7is Montois, Pierre Feray, Claire Laurent, Jean-Paul Souvraz, Le Wa, Laurent Gailhac, firstartstep, Annie Haquette, Mich\u00e8le Bethencourt, Milo-PIX, Anne Requillart, Sabine Boulinguiez, Anne-Sophie de Bassoff, Alain Durand, William Delgorgue, Fran\u00e7oise Suin, S\u00e9bastien Basile, Mister P, Fran\u00e7ois Dehaene, Carole Decock, Cevercourtre, Herv\u00e9 Dorval, Dominique Beaune, Eug\u00e8ne Kwiatkowski, Violent Rabbit, Virginie Rooses, V\u00e9ronique Labaere, Alizon, David Garnier, Nanan, Desislava Stoilova, Pascale Delvigne, Jean-Jacques Maho, Jacques Ch\u00e9rigi\u00e9, Louka Biseur, Antoine Fabre, Marie-Jos\u00e9 Chevalier, Zoum, Astrid Fraccola, Luce Langelin, Stef God, Meash Nathalie Gallet, Black Salamander, Romain Kulczycki, Olivier Rengot, Tony Masschelein, Gilles Queval, Henri Eckman, Isham One, Martine Sturm, L\u00e9o Galamez, Alain Vanderhaegen, Dominique Leloir, Sylvie Dodin, Charlotte Joly, V\u00e9ronique Dormeuil, Sozoan, Mos\u2019Art, Gregory Willaume, Collectif Renart, Pi Mirec, Nico Logick, Maniasuki, Ren\u00e9 Soler, Mickey, Jean-Claude Lombart, Delphine Vanpoperinghe, Cl\u00e9ment Lesaffre, Julien Legars, Eric Llabres, Artopop, Freaks the Fab<\/p>\n<p>&nbsp;<br \/>\n<em>Les partenaires Solid\u2019Art 2017 :<\/em><\/p>\n<p style=\"text-align: justify;\">&nbsp;&nbsp;&nbsp;&nbsp;&nbsp;Ville de Lille, GL events, THAG &#8211; Agence de Communication, Banque Populaire Nord, Fondation SNCF, Demathieu Bard, Meert, B Events, consultant et couturier \u00e9v\u00e9nementiel, SNCF Gare &amp; Connexions, Imprimerie Calingaert, C*RED, ESM Live, Egide Protection, Les amis des g\u00e9ants de Lille, Bi\u00e8re La RAOUL, Maison Ricard, Le Petit Fut\u00e9, La Gazette de Lille, Art\u2019So \u2013 Art Solidarit\u00e9<\/p>\n<p>&nbsp;<\/p>\n<div style=\"text-align: right;\"><img loading=\"lazy\" decoding=\"async\" class=\"alignnone size-full wp-image-9512\" src=\"https:\/\/ericbourdon.fr\/art\/wp-content\/uploads\/2018\/02\/english-eric-bourdon.png\" alt=\"english eric bourdon\" width=\"18\" height=\"12\">&nbsp;&nbsp;<a href=\"https:\/\/ericbourdon.com\/news\/2017\/06\/04\/solid-art-exhibition-of-contemporary-art-for-solidarity\/\" target=\"_blank\" rel=\"noopener\">Solid\u2019Art : Exhibition of Contemporary Art for Solidarity<\/a><\/div>\n<p>&nbsp;<\/p>\n","protected":false},"excerpt":{"rendered":"<p>&nbsp; &nbsp;&nbsp;&nbsp;&nbsp;&nbsp;SOLID\u2019ART, c\u2019est l\u2019expo-vente solidaire d\u2019art contemporain du Secours Populaire Nord. Cette 3\u00e8me \u00e9dition se tiendra les 16, 17 et 18 juin 2017, au Palais Rameau de Lille.<\/p>\n","protected":false},"author":67,"featured_media":0,"comment_status":"open","ping_status":"closed","sticky":false,"template":"","format":"standard","meta":{"footnotes":""},"categories":[124,131,18,7,19,280],"tags":[],"class_list":["post-8017","post","type-post","status-publish","format-standard","hentry","category-expositions","category-galeries-art","category-peinture","category-photographie","category-sculpture","category-street-art-urbain"],"yoast_head":"<!-- This site is optimized with the Yoast SEO plugin v27.5 - https:\/\/yoast.com\/product\/yoast-seo-wordpress\/ -->\n<title>Solid\u2019Art : Expo-Vente Solidaire d\u2019Art Contemporain | Eric Bourdon<\/title>\n<meta name=\"description\" content=\"Expo d\u2019art contemporain du 16 au 18 juin 2017 au Palais Rameau \u00e0 Lille. Avec Jef A\u00e9rosol, Jihem, Herv\u00e9 Di Rosa, Eric Bourdon, LEM, Virgnie Fiers, Palczy, Laurence Vanhecke, MIMI the ClowN, Maxime Dufour, Mahjoub Ben Bella, JOB...\" \/>\n<meta name=\"robots\" content=\"index, follow, max-snippet:-1, max-image-preview:large, max-video-preview:-1\" \/>\n<link rel=\"canonical\" href=\"https:\/\/ericbourdon.fr\/art\/2017\/06\/04\/solid-art-expo-vente-solidaire-art-contemporain\/\" \/>\n<meta property=\"og:type\" content=\"article\" \/>\n<meta property=\"og:title\" content=\"Solid\u2019Art : Expo-Vente Solidaire d\u2019Art Contemporain | Eric Bourdon\" \/>\n<meta property=\"og:description\" content=\"Expo d\u2019art contemporain du 16 au 18 juin 2017 au Palais Rameau \u00e0 Lille. Avec Jef A\u00e9rosol, Jihem, Herv\u00e9 Di Rosa, Eric Bourdon, LEM, Virgnie Fiers, Palczy, Laurence Vanhecke, MIMI the ClowN, Maxime Dufour, Mahjoub Ben Bella, JOB...\" \/>\n<meta property=\"og:url\" content=\"https:\/\/ericbourdon.fr\/art\/2017\/06\/04\/solid-art-expo-vente-solidaire-art-contemporain\/\" \/>\n<meta property=\"og:site_name\" content=\"Eric Bourdon, artiste peintre contemporain \u00e0 Lille | Blog\" \/>\n<meta property=\"article:publisher\" content=\"https:\/\/www.facebook.com\/ArtbyEricBourdon\/\" \/>\n<meta property=\"article:author\" content=\"https:\/\/www.facebook.com\/ArtbyEricBourdon\/\" \/>\n<meta property=\"article:published_time\" content=\"2017-06-04T14:14:38+00:00\" \/>\n<meta property=\"article:modified_time\" content=\"2022-08-27T08:38:46+00:00\" \/>\n<meta property=\"og:image\" content=\"https:\/\/ericbourdon.fr\/art\/wp-content\/uploads\/2017\/06\/solid-art-eric-bourdon.jpg\" \/>\n<meta name=\"author\" content=\"Eric Bourdon\" \/>\n<meta name=\"twitter:label1\" content=\"Written by\" \/>\n\t<meta name=\"twitter:data1\" content=\"Eric Bourdon\" \/>\n\t<meta name=\"twitter:label2\" content=\"Est. reading time\" \/>\n\t<meta name=\"twitter:data2\" content=\"3 minutes\" \/>\n<script type=\"application\/ld+json\" class=\"yoast-schema-graph\">{\"@context\":\"https:\\\/\\\/schema.org\",\"@graph\":[{\"@type\":\"Article\",\"@id\":\"https:\\\/\\\/ericbourdon.fr\\\/art\\\/2017\\\/06\\\/04\\\/solid-art-expo-vente-solidaire-art-contemporain\\\/#article\",\"isPartOf\":{\"@id\":\"https:\\\/\\\/ericbourdon.fr\\\/art\\\/2017\\\/06\\\/04\\\/solid-art-expo-vente-solidaire-art-contemporain\\\/\"},\"author\":{\"name\":\"Eric Bourdon\",\"@id\":\"https:\\\/\\\/ericbourdon.fr\\\/art\\\/#\\\/schema\\\/person\\\/35997829794ccb4ff3a33684da4769f6\"},\"headline\":\"Solid\u2019Art : Expo-Vente Solidaire d\u2019Art Contemporain\",\"datePublished\":\"2017-06-04T14:14:38+00:00\",\"dateModified\":\"2022-08-27T08:38:46+00:00\",\"mainEntityOfPage\":{\"@id\":\"https:\\\/\\\/ericbourdon.fr\\\/art\\\/2017\\\/06\\\/04\\\/solid-art-expo-vente-solidaire-art-contemporain\\\/\"},\"wordCount\":582,\"commentCount\":0,\"publisher\":{\"@id\":\"https:\\\/\\\/ericbourdon.fr\\\/art\\\/#\\\/schema\\\/person\\\/35997829794ccb4ff3a33684da4769f6\"},\"image\":{\"@id\":\"https:\\\/\\\/ericbourdon.fr\\\/art\\\/2017\\\/06\\\/04\\\/solid-art-expo-vente-solidaire-art-contemporain\\\/#primaryimage\"},\"thumbnailUrl\":\"https:\\\/\\\/ericbourdon.fr\\\/art\\\/wp-content\\\/uploads\\\/2017\\\/06\\\/solid-art-eric-bourdon.jpg\",\"articleSection\":[\"Expositions\",\"Galeries d\u2019art\",\"Peinture\",\"Photo\",\"Sculpture\",\"Street art - Art urbain\"],\"inLanguage\":\"fr\",\"potentialAction\":[{\"@type\":\"CommentAction\",\"name\":\"Comment\",\"target\":[\"https:\\\/\\\/ericbourdon.fr\\\/art\\\/2017\\\/06\\\/04\\\/solid-art-expo-vente-solidaire-art-contemporain\\\/#respond\"]}]},{\"@type\":\"WebPage\",\"@id\":\"https:\\\/\\\/ericbourdon.fr\\\/art\\\/2017\\\/06\\\/04\\\/solid-art-expo-vente-solidaire-art-contemporain\\\/\",\"url\":\"https:\\\/\\\/ericbourdon.fr\\\/art\\\/2017\\\/06\\\/04\\\/solid-art-expo-vente-solidaire-art-contemporain\\\/\",\"name\":\"Solid\u2019Art : Expo-Vente Solidaire d\u2019Art Contemporain | Eric Bourdon\",\"isPartOf\":{\"@id\":\"https:\\\/\\\/ericbourdon.fr\\\/art\\\/#website\"},\"primaryImageOfPage\":{\"@id\":\"https:\\\/\\\/ericbourdon.fr\\\/art\\\/2017\\\/06\\\/04\\\/solid-art-expo-vente-solidaire-art-contemporain\\\/#primaryimage\"},\"image\":{\"@id\":\"https:\\\/\\\/ericbourdon.fr\\\/art\\\/2017\\\/06\\\/04\\\/solid-art-expo-vente-solidaire-art-contemporain\\\/#primaryimage\"},\"thumbnailUrl\":\"https:\\\/\\\/ericbourdon.fr\\\/art\\\/wp-content\\\/uploads\\\/2017\\\/06\\\/solid-art-eric-bourdon.jpg\",\"datePublished\":\"2017-06-04T14:14:38+00:00\",\"dateModified\":\"2022-08-27T08:38:46+00:00\",\"description\":\"Expo d\u2019art contemporain du 16 au 18 juin 2017 au Palais Rameau \u00e0 Lille. Avec Jef A\u00e9rosol, Jihem, Herv\u00e9 Di Rosa, Eric Bourdon, LEM, Virgnie Fiers, Palczy, Laurence Vanhecke, MIMI the ClowN, Maxime Dufour, Mahjoub Ben Bella, JOB...\",\"breadcrumb\":{\"@id\":\"https:\\\/\\\/ericbourdon.fr\\\/art\\\/2017\\\/06\\\/04\\\/solid-art-expo-vente-solidaire-art-contemporain\\\/#breadcrumb\"},\"inLanguage\":\"fr\",\"potentialAction\":[{\"@type\":\"ReadAction\",\"target\":[\"https:\\\/\\\/ericbourdon.fr\\\/art\\\/2017\\\/06\\\/04\\\/solid-art-expo-vente-solidaire-art-contemporain\\\/\"]}]},{\"@type\":\"ImageObject\",\"inLanguage\":\"fr\",\"@id\":\"https:\\\/\\\/ericbourdon.fr\\\/art\\\/2017\\\/06\\\/04\\\/solid-art-expo-vente-solidaire-art-contemporain\\\/#primaryimage\",\"url\":\"https:\\\/\\\/ericbourdon.fr\\\/art\\\/wp-content\\\/uploads\\\/2017\\\/06\\\/solid-art-eric-bourdon.jpg\",\"contentUrl\":\"https:\\\/\\\/ericbourdon.fr\\\/art\\\/wp-content\\\/uploads\\\/2017\\\/06\\\/solid-art-eric-bourdon.jpg\",\"width\":440,\"height\":313,\"caption\":\"solid-art-eric-bourdon\"},{\"@type\":\"BreadcrumbList\",\"@id\":\"https:\\\/\\\/ericbourdon.fr\\\/art\\\/2017\\\/06\\\/04\\\/solid-art-expo-vente-solidaire-art-contemporain\\\/#breadcrumb\",\"itemListElement\":[{\"@type\":\"ListItem\",\"position\":1,\"name\":\"Eric Bourdon\",\"item\":\"https:\\\/\\\/ericbourdon.fr\"},{\"@type\":\"ListItem\",\"position\":2,\"name\":\"Blog\",\"item\":\"https:\\\/\\\/ericbourdon.fr\\\/art\\\/\"},{\"@type\":\"ListItem\",\"position\":3,\"name\":\"Expositions\",\"item\":\"https:\\\/\\\/ericbourdon.fr\\\/art\\\/categorie\\\/expositions\\\/\"},{\"@type\":\"ListItem\",\"position\":4,\"name\":\"Solid\u2019Art : Expo-Vente Solidaire d\u2019Art Contemporain\"}]},{\"@type\":\"WebSite\",\"@id\":\"https:\\\/\\\/ericbourdon.fr\\\/art\\\/#website\",\"url\":\"https:\\\/\\\/ericbourdon.fr\\\/art\\\/\",\"name\":\"Eric Bourdon, artiste peintre contemporain \u00e0 Lille | Blog\",\"description\":\"Peinture, dessin, arts et artistes... Actualit\u00e9s des galeries d&#039;art et expositions...\",\"publisher\":{\"@id\":\"https:\\\/\\\/ericbourdon.fr\\\/art\\\/#\\\/schema\\\/person\\\/35997829794ccb4ff3a33684da4769f6\"},\"potentialAction\":[{\"@type\":\"SearchAction\",\"target\":{\"@type\":\"EntryPoint\",\"urlTemplate\":\"https:\\\/\\\/ericbourdon.fr\\\/art\\\/?s={search_term_string}\"},\"query-input\":{\"@type\":\"PropertyValueSpecification\",\"valueRequired\":true,\"valueName\":\"search_term_string\"}}],\"inLanguage\":\"fr\"},{\"@type\":[\"Person\",\"Organization\"],\"@id\":\"https:\\\/\\\/ericbourdon.fr\\\/art\\\/#\\\/schema\\\/person\\\/35997829794ccb4ff3a33684da4769f6\",\"name\":\"Eric Bourdon\",\"image\":{\"@type\":\"ImageObject\",\"inLanguage\":\"fr\",\"@id\":\"https:\\\/\\\/ericbourdon.fr\\\/art\\\/wp-content\\\/uploads\\\/2021\\\/05\\\/eric-bourdon-artiste-peintre-francais-contemporain-lille-france.jpg\",\"url\":\"https:\\\/\\\/ericbourdon.fr\\\/art\\\/wp-content\\\/uploads\\\/2021\\\/05\\\/eric-bourdon-artiste-peintre-francais-contemporain-lille-france.jpg\",\"contentUrl\":\"https:\\\/\\\/ericbourdon.fr\\\/art\\\/wp-content\\\/uploads\\\/2021\\\/05\\\/eric-bourdon-artiste-peintre-francais-contemporain-lille-france.jpg\",\"width\":220,\"height\":220,\"caption\":\"Eric Bourdon\"},\"logo\":{\"@id\":\"https:\\\/\\\/ericbourdon.fr\\\/art\\\/wp-content\\\/uploads\\\/2021\\\/05\\\/eric-bourdon-artiste-peintre-francais-contemporain-lille-france.jpg\"},\"sameAs\":[\"https:\\\/\\\/ericbourdon.fr\\\/\",\"https:\\\/\\\/www.facebook.com\\\/ArtbyEricBourdon\\\/\",\"https:\\\/\\\/www.instagram.com\\\/eric.bourdon.art\\\/\",\"https:\\\/\\\/fr.linkedin.com\\\/in\\\/eric-bourdon\\\/fr\",\"https:\\\/\\\/www.pinterest.fr\\\/EricBourdonArt\\\/\",\"https:\\\/\\\/en.wikipedia.org\\\/wiki\\\/\u00c9ric_Bourdon\"]}]}<\/script>\n<!-- \/ Yoast SEO plugin. -->","yoast_head_json":{"title":"Solid\u2019Art : Expo-Vente Solidaire d\u2019Art Contemporain | Eric Bourdon","description":"Expo d\u2019art contemporain du 16 au 18 juin 2017 au Palais Rameau \u00e0 Lille. Avec Jef A\u00e9rosol, Jihem, Herv\u00e9 Di Rosa, Eric Bourdon, LEM, Virgnie Fiers, Palczy, Laurence Vanhecke, MIMI the ClowN, Maxime Dufour, Mahjoub Ben Bella, JOB...","robots":{"index":"index","follow":"follow","max-snippet":"max-snippet:-1","max-image-preview":"max-image-preview:large","max-video-preview":"max-video-preview:-1"},"canonical":"https:\/\/ericbourdon.fr\/art\/2017\/06\/04\/solid-art-expo-vente-solidaire-art-contemporain\/","og_type":"article","og_title":"Solid\u2019Art : Expo-Vente Solidaire d\u2019Art Contemporain | Eric Bourdon","og_description":"Expo d\u2019art contemporain du 16 au 18 juin 2017 au Palais Rameau \u00e0 Lille. Avec Jef A\u00e9rosol, Jihem, Herv\u00e9 Di Rosa, Eric Bourdon, LEM, Virgnie Fiers, Palczy, Laurence Vanhecke, MIMI the ClowN, Maxime Dufour, Mahjoub Ben Bella, JOB...","og_url":"https:\/\/ericbourdon.fr\/art\/2017\/06\/04\/solid-art-expo-vente-solidaire-art-contemporain\/","og_site_name":"Eric Bourdon, artiste peintre contemporain \u00e0 Lille | Blog","article_publisher":"https:\/\/www.facebook.com\/ArtbyEricBourdon\/","article_author":"https:\/\/www.facebook.com\/ArtbyEricBourdon\/","article_published_time":"2017-06-04T14:14:38+00:00","article_modified_time":"2022-08-27T08:38:46+00:00","og_image":[{"url":"https:\/\/ericbourdon.fr\/art\/wp-content\/uploads\/2017\/06\/solid-art-eric-bourdon.jpg","type":"","width":"","height":""}],"author":"Eric Bourdon","twitter_misc":{"Written by":"Eric Bourdon","Est. reading time":"3 minutes"},"schema":{"@context":"https:\/\/schema.org","@graph":[{"@type":"Article","@id":"https:\/\/ericbourdon.fr\/art\/2017\/06\/04\/solid-art-expo-vente-solidaire-art-contemporain\/#article","isPartOf":{"@id":"https:\/\/ericbourdon.fr\/art\/2017\/06\/04\/solid-art-expo-vente-solidaire-art-contemporain\/"},"author":{"name":"Eric Bourdon","@id":"https:\/\/ericbourdon.fr\/art\/#\/schema\/person\/35997829794ccb4ff3a33684da4769f6"},"headline":"Solid\u2019Art : Expo-Vente Solidaire d\u2019Art Contemporain","datePublished":"2017-06-04T14:14:38+00:00","dateModified":"2022-08-27T08:38:46+00:00","mainEntityOfPage":{"@id":"https:\/\/ericbourdon.fr\/art\/2017\/06\/04\/solid-art-expo-vente-solidaire-art-contemporain\/"},"wordCount":582,"commentCount":0,"publisher":{"@id":"https:\/\/ericbourdon.fr\/art\/#\/schema\/person\/35997829794ccb4ff3a33684da4769f6"},"image":{"@id":"https:\/\/ericbourdon.fr\/art\/2017\/06\/04\/solid-art-expo-vente-solidaire-art-contemporain\/#primaryimage"},"thumbnailUrl":"https:\/\/ericbourdon.fr\/art\/wp-content\/uploads\/2017\/06\/solid-art-eric-bourdon.jpg","articleSection":["Expositions","Galeries d\u2019art","Peinture","Photo","Sculpture","Street art - Art urbain"],"inLanguage":"fr","potentialAction":[{"@type":"CommentAction","name":"Comment","target":["https:\/\/ericbourdon.fr\/art\/2017\/06\/04\/solid-art-expo-vente-solidaire-art-contemporain\/#respond"]}]},{"@type":"WebPage","@id":"https:\/\/ericbourdon.fr\/art\/2017\/06\/04\/solid-art-expo-vente-solidaire-art-contemporain\/","url":"https:\/\/ericbourdon.fr\/art\/2017\/06\/04\/solid-art-expo-vente-solidaire-art-contemporain\/","name":"Solid\u2019Art : Expo-Vente Solidaire d\u2019Art Contemporain | Eric Bourdon","isPartOf":{"@id":"https:\/\/ericbourdon.fr\/art\/#website"},"primaryImageOfPage":{"@id":"https:\/\/ericbourdon.fr\/art\/2017\/06\/04\/solid-art-expo-vente-solidaire-art-contemporain\/#primaryimage"},"image":{"@id":"https:\/\/ericbourdon.fr\/art\/2017\/06\/04\/solid-art-expo-vente-solidaire-art-contemporain\/#primaryimage"},"thumbnailUrl":"https:\/\/ericbourdon.fr\/art\/wp-content\/uploads\/2017\/06\/solid-art-eric-bourdon.jpg","datePublished":"2017-06-04T14:14:38+00:00","dateModified":"2022-08-27T08:38:46+00:00","description":"Expo d\u2019art contemporain du 16 au 18 juin 2017 au Palais Rameau \u00e0 Lille. Avec Jef A\u00e9rosol, Jihem, Herv\u00e9 Di Rosa, Eric Bourdon, LEM, Virgnie Fiers, Palczy, Laurence Vanhecke, MIMI the ClowN, Maxime Dufour, Mahjoub Ben Bella, JOB...","breadcrumb":{"@id":"https:\/\/ericbourdon.fr\/art\/2017\/06\/04\/solid-art-expo-vente-solidaire-art-contemporain\/#breadcrumb"},"inLanguage":"fr","potentialAction":[{"@type":"ReadAction","target":["https:\/\/ericbourdon.fr\/art\/2017\/06\/04\/solid-art-expo-vente-solidaire-art-contemporain\/"]}]},{"@type":"ImageObject","inLanguage":"fr","@id":"https:\/\/ericbourdon.fr\/art\/2017\/06\/04\/solid-art-expo-vente-solidaire-art-contemporain\/#primaryimage","url":"https:\/\/ericbourdon.fr\/art\/wp-content\/uploads\/2017\/06\/solid-art-eric-bourdon.jpg","contentUrl":"https:\/\/ericbourdon.fr\/art\/wp-content\/uploads\/2017\/06\/solid-art-eric-bourdon.jpg","width":440,"height":313,"caption":"solid-art-eric-bourdon"},{"@type":"BreadcrumbList","@id":"https:\/\/ericbourdon.fr\/art\/2017\/06\/04\/solid-art-expo-vente-solidaire-art-contemporain\/#breadcrumb","itemListElement":[{"@type":"ListItem","position":1,"name":"Eric Bourdon","item":"https:\/\/ericbourdon.fr"},{"@type":"ListItem","position":2,"name":"Blog","item":"https:\/\/ericbourdon.fr\/art\/"},{"@type":"ListItem","position":3,"name":"Expositions","item":"https:\/\/ericbourdon.fr\/art\/categorie\/expositions\/"},{"@type":"ListItem","position":4,"name":"Solid\u2019Art : Expo-Vente Solidaire d\u2019Art Contemporain"}]},{"@type":"WebSite","@id":"https:\/\/ericbourdon.fr\/art\/#website","url":"https:\/\/ericbourdon.fr\/art\/","name":"Eric Bourdon, artiste peintre contemporain \u00e0 Lille | Blog","description":"Peinture, dessin, arts et artistes... Actualit\u00e9s des galeries d&#039;art et expositions...","publisher":{"@id":"https:\/\/ericbourdon.fr\/art\/#\/schema\/person\/35997829794ccb4ff3a33684da4769f6"},"potentialAction":[{"@type":"SearchAction","target":{"@type":"EntryPoint","urlTemplate":"https:\/\/ericbourdon.fr\/art\/?s={search_term_string}"},"query-input":{"@type":"PropertyValueSpecification","valueRequired":true,"valueName":"search_term_string"}}],"inLanguage":"fr"},{"@type":["Person","Organization"],"@id":"https:\/\/ericbourdon.fr\/art\/#\/schema\/person\/35997829794ccb4ff3a33684da4769f6","name":"Eric Bourdon","image":{"@type":"ImageObject","inLanguage":"fr","@id":"https:\/\/ericbourdon.fr\/art\/wp-content\/uploads\/2021\/05\/eric-bourdon-artiste-peintre-francais-contemporain-lille-france.jpg","url":"https:\/\/ericbourdon.fr\/art\/wp-content\/uploads\/2021\/05\/eric-bourdon-artiste-peintre-francais-contemporain-lille-france.jpg","contentUrl":"https:\/\/ericbourdon.fr\/art\/wp-content\/uploads\/2021\/05\/eric-bourdon-artiste-peintre-francais-contemporain-lille-france.jpg","width":220,"height":220,"caption":"Eric Bourdon"},"logo":{"@id":"https:\/\/ericbourdon.fr\/art\/wp-content\/uploads\/2021\/05\/eric-bourdon-artiste-peintre-francais-contemporain-lille-france.jpg"},"sameAs":["https:\/\/ericbourdon.fr\/","https:\/\/www.facebook.com\/ArtbyEricBourdon\/","https:\/\/www.instagram.com\/eric.bourdon.art\/","https:\/\/fr.linkedin.com\/in\/eric-bourdon\/fr","https:\/\/www.pinterest.fr\/EricBourdonArt\/","https:\/\/en.wikipedia.org\/wiki\/\u00c9ric_Bourdon"]}]}},"_links":{"self":[{"href":"https:\/\/ericbourdon.fr\/art\/wp-json\/wp\/v2\/posts\/8017","targetHints":{"allow":["GET"]}}],"collection":[{"href":"https:\/\/ericbourdon.fr\/art\/wp-json\/wp\/v2\/posts"}],"about":[{"href":"https:\/\/ericbourdon.fr\/art\/wp-json\/wp\/v2\/types\/post"}],"author":[{"embeddable":true,"href":"https:\/\/ericbourdon.fr\/art\/wp-json\/wp\/v2\/users\/67"}],"replies":[{"embeddable":true,"href":"https:\/\/ericbourdon.fr\/art\/wp-json\/wp\/v2\/comments?post=8017"}],"version-history":[{"count":2,"href":"https:\/\/ericbourdon.fr\/art\/wp-json\/wp\/v2\/posts\/8017\/revisions"}],"predecessor-version":[{"id":13878,"href":"https:\/\/ericbourdon.fr\/art\/wp-json\/wp\/v2\/posts\/8017\/revisions\/13878"}],"wp:attachment":[{"href":"https:\/\/ericbourdon.fr\/art\/wp-json\/wp\/v2\/media?parent=8017"}],"wp:term":[{"taxonomy":"category","embeddable":true,"href":"https:\/\/ericbourdon.fr\/art\/wp-json\/wp\/v2\/categories?post=8017"},{"taxonomy":"post_tag","embeddable":true,"href":"https:\/\/ericbourdon.fr\/art\/wp-json\/wp\/v2\/tags?post=8017"}],"curies":[{"name":"wp","href":"https:\/\/api.w.org\/{rel}","templated":true}]}}