{"id":8112,"date":"2017-07-21T07:43:50","date_gmt":"2017-07-21T06:43:50","guid":{"rendered":"https:\/\/ericbourdon.fr\/art\/?p=8112"},"modified":"2022-08-26T22:56:51","modified_gmt":"2022-08-26T21:56:51","slug":"eric-bourdon-peintre-dessinateur","status":"publish","type":"post","link":"https:\/\/ericbourdon.fr\/art\/2017\/07\/21\/eric-bourdon-peintre-dessinateur\/","title":{"rendered":"Eric Bourdon, peintre et dessinateur"},"content":{"rendered":"<p><strong>Eric Bourdon<\/strong><\/p>\n<p><strong>Peintre, Dessinateur<\/strong><\/p>\n<p style=\"text-align: center;\"><em><a href=\"https:\/\/ericbourdon.fr\/eric-bourdon-pdf\/Solid-Art-Lille-2017-Expo-vente-art-contemporain-Eric-Bourdon.pdf\" target=\"_blank\" rel=\"noopener\">Extrait du catalogue<\/a> de <strong><a href=\"https:\/\/solidart.fr\/\" target=\"_blank\" rel=\"noopener\">Solid&#8217;Art<\/a><\/strong> 2017,<br \/>\nl&#8217;exposition-vente d&#8217;art contemporain du Secours populaire.<br \/>\nExpo au Palais Rameau \u00e0 Lille, du 16 au 18 juin 2017.<\/em><\/p>\n<p><img loading=\"lazy\" decoding=\"async\" class=\"alignnone size-full wp-image-8115\" src=\"https:\/\/ericbourdon.fr\/art\/wp-content\/uploads\/2017\/07\/eric-bourdon-peintre-dessinateur.jpg\" alt=\"eric bourdon peintre dessinateur\" width=\"440\" height=\"305\" srcset=\"https:\/\/ericbourdon.fr\/art\/wp-content\/uploads\/2017\/07\/eric-bourdon-peintre-dessinateur.jpg 440w, https:\/\/ericbourdon.fr\/art\/wp-content\/uploads\/2017\/07\/eric-bourdon-peintre-dessinateur-150x104.jpg 150w, https:\/\/ericbourdon.fr\/art\/wp-content\/uploads\/2017\/07\/eric-bourdon-peintre-dessinateur-300x208.jpg 300w\" sizes=\"auto, (max-width: 440px) 100vw, 440px\" \/><\/p>\n<p style=\"text-align: right;\"><em><a href=\"https:\/\/fr.calameo.com\/read\/005071271687f2f771f20\" target=\"_blank\" rel=\"noopener\">Voir le catalogue de l&#8217;exposition en entier<\/a> &#8211; <a href=\"https:\/\/ericbourdon.fr\/art\/2017\/06\/04\/solid-art-expo-vente-solidaire-art-contemporain\/\" target=\"_blank\" rel=\"noopener\">Voir la liste des artistes<\/a><\/em><\/p>\n<div style=\"text-align: center;\">&nbsp;<\/div>\n<blockquote><p>Eric Bourdon est un homme sans histoire, et un dessinateur sans technique.<\/p>\n<p>Chaque jour (comme chaque peinture) est un recommencement !<\/p>\n<p>L&#8217;improvisation est pour lui la seule r\u00e8gle du jeu, elle est au c\u0153ur de l&#8217;activit\u00e9 artistique.<\/p>\n<p>Faire jaillir des \u00e9motions color\u00e9es et des personnages folkloriques en partant de quelques lignes trac\u00e9es &#8220;sans y penser&#8221;, c&#8217;est cultiver la cr\u00e9ativit\u00e9 graphique \u00e0 son niveau le plus \u00e9l\u00e9mentaire.<\/p>\n<p>Gribouilleur de profession, Eric Bourdon ne s&#8217;exerce qu&#8217;\u00e0 mettre en lumi\u00e8re la richesse cr\u00e9ative du hasard et de l&#8217;accident, et \u00e0 r\u00e9v\u00e9ler leur potentiel in\u00e9puisable lorsqu&#8217;il s&#8217;agit de cr\u00e9er une myriade de cr\u00e9atures&#8230; auxquelles on n&#8217;aurait jamais pens\u00e9 !<\/p><\/blockquote>\n<p><!--more--><\/p>\n<div style=\"text-align: center;\">&nbsp;<\/div>\n<p style=\"text-align: left;\"><strong>Le Secours populaire ?<\/strong><\/p>\n<blockquote><p>N\u00e9 en 1945, le Secours populaire est une association \u00e0 but non lucratif, reconnue d\u2019utilit\u00e9 publique et d\u00e9clar\u00e9e Grande cause nationale. Celle-ci est habilit\u00e9e \u00e0 recevoir des dons, des legs et des donations. L\u2019association s&#8217;est donn\u00e9e pour mission d\u2019agir contre la pauvret\u00e9 et l&#8217;exclusion en France et dans le monde [&#8230;]. Elle rassemble des personnes de toutes opinions, conditions et origines qui souhaitent faire vivre la solidarit\u00e9.<\/p>\n<p><strong>En France&#8230;<\/strong><\/p>\n<p>Le Secours populaire est particuli\u00e8rement attentif aux probl\u00e8mes d\u2019exclusion. Sur le court terme, par une solidarit\u00e9 d\u2019urgence bas\u00e9e sur l\u2019\u00e9coute, l\u2019alimentaire, le vestimentaire. L\u2019h\u00e9bergement d\u2019urgence ou l\u2019orientation vers une structure de soins restent aussi au c\u0153ur des pr\u00e9occupations du Secours populaire. Le SPF [ Secours Populaire Fran\u00e7ais ] accompagne \u00e9galement sur la dur\u00e9e, les personnes et familles dans leurs d\u00e9marches et leurs droits. Acc\u00e8s au logement, \u00e0 la sant\u00e9, aux vacances, \u00e0 la culture et aux loisirs, au sport, \u00e0 l\u2019insertion professionnelle. Urgence ou non, le respect de la dignit\u00e9 des personnes aid\u00e9es est primordial pour l\u2019association ainsi que leur mise en mouvement pour la pratique de la solidarit\u00e9.<\/p><\/blockquote>\n<p style=\"text-align: right;\">( <a href=\"https:\/\/www.secourspopulaire.fr\/qui-sommes-nous\" target=\"_blank\" rel=\"noopener\">https:\/\/www.secourspopulaire.fr\/qui-sommes-nous<\/a> )<\/p>\n<div style=\"text-align: center;\">&nbsp;<\/div>\n<div style=\"text-align: center;\">&nbsp;<\/div>\n<p style=\"text-align: left;\"><strong>&#8220;Un bon placement, l\u2019art ?&#8221;<\/strong><\/p>\n<blockquote><p>Ils sont cent trente, cette ann\u00e9e, \u00e0 vendre leurs \u0153uvres durant trois jours au Palais Rameau, au profit de l\u2019association. Il y a des inconnus qui ne le resteront peut-\u00eatre pas longtemps comme des artistes c\u00f4t\u00e9s, Jef A\u00e9rosol, JonOne, Ben Bella et consorts. Tri\u00e9s sur le volet. \u00ab On manque de place, on a au moins soixante propositions qu\u2019on a d\u00fb mettre en liste d\u2019attente, remarque Jihem, l\u2019un des deux commissaires de l\u2019exposition. L\u2019\u00e9v\u00e9nement devient incontournable. \u00bb Y compris pour le Secours populaire, dont la campagne de vacances pour tous (plus de quarante mille personnes) reposait l\u2019an dernier, pour dix pour cent, sur ce seul rendez-vous.<\/p>\n<p>Le principe est inchang\u00e9. Les artistes c\u00e8dent la moiti\u00e9 du produit des ventes au Secours populaire. \u00ab Je ne me consid\u00e8re pas comme un artiste engag\u00e9, je me m\u00e9fie des \u00e9tiquettes \u00bb, t\u00e9moigne Freaks The Fab \u00e0 la veille de sa premi\u00e8re participation. Mais \u00ab envoyer les gamins en vacances \u00bb, cela va bien \u00e0 celui qui se pr\u00e9sente comme un \u00ab&nbsp;militant du sourire&nbsp;\u00bb. Un habitant du Nord-Pas-de-Calais sur deux ne part pas en vacances. Ce sombre tableau-l\u00e0 a besoin de quelques touches de couleur.<\/p><\/blockquote>\n<p style=\"text-align: right;\">( <a href=\"https:\/\/www.lavoixdunord.fr\/178494\/article\/2017-06-16\/pendant-trois-jours-achete-des-oeuvres-solid-art-et-les-enfants-partent-en\" target=\"_blank\" rel=\"noopener\">https:\/\/www.lavoixdunord.fr\/178494\/article[&#8230;]<\/a> )<\/p>\n<p>&nbsp;<\/p>\n<div style=\"text-align: right;\"><img loading=\"lazy\" decoding=\"async\" class=\"alignnone size-full wp-image-9512\" src=\"https:\/\/ericbourdon.fr\/art\/wp-content\/uploads\/2018\/02\/english-eric-bourdon.png\" alt=\"english eric bourdon\" width=\"18\" height=\"12\">&nbsp;&nbsp;<a href=\"https:\/\/ericbourdon.com\/news\/2017\/07\/21\/eric-bourdon-painter-sketch-artist\/\" target=\"_blank\" rel=\"noopener\">Eric Bourdon, painter and sketch artist<\/a><\/div>\n<p>&nbsp;<\/p>\n","protected":false},"excerpt":{"rendered":"<p>Eric Bourdon Peintre, Dessinateur Extrait du catalogue de Solid&#8217;Art 2017, l&#8217;exposition-vente d&#8217;art contemporain du Secours populaire. Expo au Palais Rameau \u00e0 Lille, du 16 au 18 juin 2017. Voir le catalogue de l&#8217;exposition en entier &#8211; Voir la liste des artistes &nbsp; Eric Bourdon est un homme sans histoire, et un dessinateur sans technique. Chaque [&hellip;]<\/p>\n","protected":false},"author":67,"featured_media":0,"comment_status":"open","ping_status":"closed","sticky":false,"template":"","format":"standard","meta":{"footnotes":""},"categories":[124,127,18],"tags":[],"class_list":["post-8112","post","type-post","status-publish","format-standard","hentry","category-expositions","category-investir","category-peinture"],"yoast_head":"<!-- This site is optimized with the Yoast SEO plugin v27.4 - https:\/\/yoast.com\/product\/yoast-seo-wordpress\/ -->\n<title>Eric Bourdon, peintre et dessinateur | Eric Bourdon<\/title>\n<meta name=\"description\" content=\"Eric Bourdon, peintre, dessinateur. Extrait du catalogue de l\u2019exposition-vente Solid\u2019Art 2017 \u00e0 Lille. Avec Eric Bourdon, Jef A\u00e9rosol, JonOne, Ben Bella...\" \/>\n<meta name=\"robots\" content=\"index, follow, max-snippet:-1, max-image-preview:large, max-video-preview:-1\" \/>\n<link rel=\"canonical\" href=\"https:\/\/ericbourdon.fr\/art\/2017\/07\/21\/eric-bourdon-peintre-dessinateur\/\" \/>\n<meta property=\"og:type\" content=\"article\" \/>\n<meta property=\"og:title\" content=\"Eric Bourdon, peintre et dessinateur | Eric Bourdon\" \/>\n<meta property=\"og:description\" content=\"Eric Bourdon, peintre, dessinateur. Extrait du catalogue de l\u2019exposition-vente Solid\u2019Art 2017 \u00e0 Lille. Avec Eric Bourdon, Jef A\u00e9rosol, JonOne, Ben Bella...\" \/>\n<meta property=\"og:url\" content=\"https:\/\/ericbourdon.fr\/art\/2017\/07\/21\/eric-bourdon-peintre-dessinateur\/\" \/>\n<meta property=\"og:site_name\" content=\"Eric Bourdon, artiste peintre contemporain \u00e0 Lille | Blog\" \/>\n<meta property=\"article:publisher\" content=\"https:\/\/www.facebook.com\/ArtbyEricBourdon\/\" \/>\n<meta property=\"article:author\" content=\"https:\/\/www.facebook.com\/ArtbyEricBourdon\/\" \/>\n<meta property=\"article:published_time\" content=\"2017-07-21T06:43:50+00:00\" \/>\n<meta property=\"article:modified_time\" content=\"2022-08-26T21:56:51+00:00\" \/>\n<meta property=\"og:image\" content=\"https:\/\/ericbourdon.fr\/art\/wp-content\/uploads\/2017\/07\/eric-bourdon-peintre-dessinateur.jpg\" \/>\n<meta name=\"author\" content=\"Eric Bourdon\" \/>\n<meta name=\"twitter:label1\" content=\"Written by\" \/>\n\t<meta name=\"twitter:data1\" content=\"Eric Bourdon\" \/>\n\t<meta name=\"twitter:label2\" content=\"Est. reading time\" \/>\n\t<meta name=\"twitter:data2\" content=\"4 minutes\" \/>\n<script type=\"application\/ld+json\" class=\"yoast-schema-graph\">{\"@context\":\"https:\\\/\\\/schema.org\",\"@graph\":[{\"@type\":\"Article\",\"@id\":\"https:\\\/\\\/ericbourdon.fr\\\/art\\\/2017\\\/07\\\/21\\\/eric-bourdon-peintre-dessinateur\\\/#article\",\"isPartOf\":{\"@id\":\"https:\\\/\\\/ericbourdon.fr\\\/art\\\/2017\\\/07\\\/21\\\/eric-bourdon-peintre-dessinateur\\\/\"},\"author\":{\"name\":\"Eric Bourdon\",\"@id\":\"https:\\\/\\\/ericbourdon.fr\\\/art\\\/#\\\/schema\\\/person\\\/35997829794ccb4ff3a33684da4769f6\"},\"headline\":\"Eric Bourdon, peintre et dessinateur\",\"datePublished\":\"2017-07-21T06:43:50+00:00\",\"dateModified\":\"2022-08-26T21:56:51+00:00\",\"mainEntityOfPage\":{\"@id\":\"https:\\\/\\\/ericbourdon.fr\\\/art\\\/2017\\\/07\\\/21\\\/eric-bourdon-peintre-dessinateur\\\/\"},\"wordCount\":601,\"commentCount\":0,\"publisher\":{\"@id\":\"https:\\\/\\\/ericbourdon.fr\\\/art\\\/#\\\/schema\\\/person\\\/35997829794ccb4ff3a33684da4769f6\"},\"image\":{\"@id\":\"https:\\\/\\\/ericbourdon.fr\\\/art\\\/2017\\\/07\\\/21\\\/eric-bourdon-peintre-dessinateur\\\/#primaryimage\"},\"thumbnailUrl\":\"https:\\\/\\\/ericbourdon.fr\\\/art\\\/wp-content\\\/uploads\\\/2017\\\/07\\\/eric-bourdon-peintre-dessinateur.jpg\",\"articleSection\":[\"Expositions\",\"Investir\",\"Peinture\"],\"inLanguage\":\"fr\",\"potentialAction\":[{\"@type\":\"CommentAction\",\"name\":\"Comment\",\"target\":[\"https:\\\/\\\/ericbourdon.fr\\\/art\\\/2017\\\/07\\\/21\\\/eric-bourdon-peintre-dessinateur\\\/#respond\"]}]},{\"@type\":\"WebPage\",\"@id\":\"https:\\\/\\\/ericbourdon.fr\\\/art\\\/2017\\\/07\\\/21\\\/eric-bourdon-peintre-dessinateur\\\/\",\"url\":\"https:\\\/\\\/ericbourdon.fr\\\/art\\\/2017\\\/07\\\/21\\\/eric-bourdon-peintre-dessinateur\\\/\",\"name\":\"Eric Bourdon, peintre et dessinateur | Eric Bourdon\",\"isPartOf\":{\"@id\":\"https:\\\/\\\/ericbourdon.fr\\\/art\\\/#website\"},\"primaryImageOfPage\":{\"@id\":\"https:\\\/\\\/ericbourdon.fr\\\/art\\\/2017\\\/07\\\/21\\\/eric-bourdon-peintre-dessinateur\\\/#primaryimage\"},\"image\":{\"@id\":\"https:\\\/\\\/ericbourdon.fr\\\/art\\\/2017\\\/07\\\/21\\\/eric-bourdon-peintre-dessinateur\\\/#primaryimage\"},\"thumbnailUrl\":\"https:\\\/\\\/ericbourdon.fr\\\/art\\\/wp-content\\\/uploads\\\/2017\\\/07\\\/eric-bourdon-peintre-dessinateur.jpg\",\"datePublished\":\"2017-07-21T06:43:50+00:00\",\"dateModified\":\"2022-08-26T21:56:51+00:00\",\"description\":\"Eric Bourdon, peintre, dessinateur. Extrait du catalogue de l\u2019exposition-vente Solid\u2019Art 2017 \u00e0 Lille. Avec Eric Bourdon, Jef A\u00e9rosol, JonOne, Ben Bella...\",\"breadcrumb\":{\"@id\":\"https:\\\/\\\/ericbourdon.fr\\\/art\\\/2017\\\/07\\\/21\\\/eric-bourdon-peintre-dessinateur\\\/#breadcrumb\"},\"inLanguage\":\"fr\",\"potentialAction\":[{\"@type\":\"ReadAction\",\"target\":[\"https:\\\/\\\/ericbourdon.fr\\\/art\\\/2017\\\/07\\\/21\\\/eric-bourdon-peintre-dessinateur\\\/\"]}]},{\"@type\":\"ImageObject\",\"inLanguage\":\"fr\",\"@id\":\"https:\\\/\\\/ericbourdon.fr\\\/art\\\/2017\\\/07\\\/21\\\/eric-bourdon-peintre-dessinateur\\\/#primaryimage\",\"url\":\"https:\\\/\\\/ericbourdon.fr\\\/art\\\/wp-content\\\/uploads\\\/2017\\\/07\\\/eric-bourdon-peintre-dessinateur.jpg\",\"contentUrl\":\"https:\\\/\\\/ericbourdon.fr\\\/art\\\/wp-content\\\/uploads\\\/2017\\\/07\\\/eric-bourdon-peintre-dessinateur.jpg\",\"width\":440,\"height\":305,\"caption\":\"eric-bourdon-peintre-dessinateur\"},{\"@type\":\"BreadcrumbList\",\"@id\":\"https:\\\/\\\/ericbourdon.fr\\\/art\\\/2017\\\/07\\\/21\\\/eric-bourdon-peintre-dessinateur\\\/#breadcrumb\",\"itemListElement\":[{\"@type\":\"ListItem\",\"position\":1,\"name\":\"Eric Bourdon\",\"item\":\"https:\\\/\\\/ericbourdon.fr\"},{\"@type\":\"ListItem\",\"position\":2,\"name\":\"Blog\",\"item\":\"https:\\\/\\\/ericbourdon.fr\\\/art\\\/\"},{\"@type\":\"ListItem\",\"position\":3,\"name\":\"Expositions\",\"item\":\"https:\\\/\\\/ericbourdon.fr\\\/art\\\/categorie\\\/expositions\\\/\"},{\"@type\":\"ListItem\",\"position\":4,\"name\":\"Eric Bourdon, peintre et dessinateur\"}]},{\"@type\":\"WebSite\",\"@id\":\"https:\\\/\\\/ericbourdon.fr\\\/art\\\/#website\",\"url\":\"https:\\\/\\\/ericbourdon.fr\\\/art\\\/\",\"name\":\"Eric Bourdon, artiste peintre contemporain \u00e0 Lille | Blog\",\"description\":\"Peinture, dessin, arts et artistes... Actualit\u00e9s des galeries d&#039;art et expositions...\",\"publisher\":{\"@id\":\"https:\\\/\\\/ericbourdon.fr\\\/art\\\/#\\\/schema\\\/person\\\/35997829794ccb4ff3a33684da4769f6\"},\"potentialAction\":[{\"@type\":\"SearchAction\",\"target\":{\"@type\":\"EntryPoint\",\"urlTemplate\":\"https:\\\/\\\/ericbourdon.fr\\\/art\\\/?s={search_term_string}\"},\"query-input\":{\"@type\":\"PropertyValueSpecification\",\"valueRequired\":true,\"valueName\":\"search_term_string\"}}],\"inLanguage\":\"fr\"},{\"@type\":[\"Person\",\"Organization\"],\"@id\":\"https:\\\/\\\/ericbourdon.fr\\\/art\\\/#\\\/schema\\\/person\\\/35997829794ccb4ff3a33684da4769f6\",\"name\":\"Eric Bourdon\",\"image\":{\"@type\":\"ImageObject\",\"inLanguage\":\"fr\",\"@id\":\"https:\\\/\\\/ericbourdon.fr\\\/art\\\/wp-content\\\/uploads\\\/2021\\\/05\\\/eric-bourdon-artiste-peintre-francais-contemporain-lille-france.jpg\",\"url\":\"https:\\\/\\\/ericbourdon.fr\\\/art\\\/wp-content\\\/uploads\\\/2021\\\/05\\\/eric-bourdon-artiste-peintre-francais-contemporain-lille-france.jpg\",\"contentUrl\":\"https:\\\/\\\/ericbourdon.fr\\\/art\\\/wp-content\\\/uploads\\\/2021\\\/05\\\/eric-bourdon-artiste-peintre-francais-contemporain-lille-france.jpg\",\"width\":220,\"height\":220,\"caption\":\"Eric Bourdon\"},\"logo\":{\"@id\":\"https:\\\/\\\/ericbourdon.fr\\\/art\\\/wp-content\\\/uploads\\\/2021\\\/05\\\/eric-bourdon-artiste-peintre-francais-contemporain-lille-france.jpg\"},\"sameAs\":[\"https:\\\/\\\/ericbourdon.fr\\\/\",\"https:\\\/\\\/www.facebook.com\\\/ArtbyEricBourdon\\\/\",\"https:\\\/\\\/www.instagram.com\\\/eric.bourdon.art\\\/\",\"https:\\\/\\\/fr.linkedin.com\\\/in\\\/eric-bourdon\\\/fr\",\"https:\\\/\\\/www.pinterest.fr\\\/EricBourdonArt\\\/\",\"https:\\\/\\\/en.wikipedia.org\\\/wiki\\\/\u00c9ric_Bourdon\"]}]}<\/script>\n<!-- \/ Yoast SEO plugin. -->","yoast_head_json":{"title":"Eric Bourdon, peintre et dessinateur | Eric Bourdon","description":"Eric Bourdon, peintre, dessinateur. Extrait du catalogue de l\u2019exposition-vente Solid\u2019Art 2017 \u00e0 Lille. Avec Eric Bourdon, Jef A\u00e9rosol, JonOne, Ben Bella...","robots":{"index":"index","follow":"follow","max-snippet":"max-snippet:-1","max-image-preview":"max-image-preview:large","max-video-preview":"max-video-preview:-1"},"canonical":"https:\/\/ericbourdon.fr\/art\/2017\/07\/21\/eric-bourdon-peintre-dessinateur\/","og_type":"article","og_title":"Eric Bourdon, peintre et dessinateur | Eric Bourdon","og_description":"Eric Bourdon, peintre, dessinateur. Extrait du catalogue de l\u2019exposition-vente Solid\u2019Art 2017 \u00e0 Lille. Avec Eric Bourdon, Jef A\u00e9rosol, JonOne, Ben Bella...","og_url":"https:\/\/ericbourdon.fr\/art\/2017\/07\/21\/eric-bourdon-peintre-dessinateur\/","og_site_name":"Eric Bourdon, artiste peintre contemporain \u00e0 Lille | Blog","article_publisher":"https:\/\/www.facebook.com\/ArtbyEricBourdon\/","article_author":"https:\/\/www.facebook.com\/ArtbyEricBourdon\/","article_published_time":"2017-07-21T06:43:50+00:00","article_modified_time":"2022-08-26T21:56:51+00:00","og_image":[{"url":"https:\/\/ericbourdon.fr\/art\/wp-content\/uploads\/2017\/07\/eric-bourdon-peintre-dessinateur.jpg","type":"","width":"","height":""}],"author":"Eric Bourdon","twitter_misc":{"Written by":"Eric Bourdon","Est. reading time":"4 minutes"},"schema":{"@context":"https:\/\/schema.org","@graph":[{"@type":"Article","@id":"https:\/\/ericbourdon.fr\/art\/2017\/07\/21\/eric-bourdon-peintre-dessinateur\/#article","isPartOf":{"@id":"https:\/\/ericbourdon.fr\/art\/2017\/07\/21\/eric-bourdon-peintre-dessinateur\/"},"author":{"name":"Eric Bourdon","@id":"https:\/\/ericbourdon.fr\/art\/#\/schema\/person\/35997829794ccb4ff3a33684da4769f6"},"headline":"Eric Bourdon, peintre et dessinateur","datePublished":"2017-07-21T06:43:50+00:00","dateModified":"2022-08-26T21:56:51+00:00","mainEntityOfPage":{"@id":"https:\/\/ericbourdon.fr\/art\/2017\/07\/21\/eric-bourdon-peintre-dessinateur\/"},"wordCount":601,"commentCount":0,"publisher":{"@id":"https:\/\/ericbourdon.fr\/art\/#\/schema\/person\/35997829794ccb4ff3a33684da4769f6"},"image":{"@id":"https:\/\/ericbourdon.fr\/art\/2017\/07\/21\/eric-bourdon-peintre-dessinateur\/#primaryimage"},"thumbnailUrl":"https:\/\/ericbourdon.fr\/art\/wp-content\/uploads\/2017\/07\/eric-bourdon-peintre-dessinateur.jpg","articleSection":["Expositions","Investir","Peinture"],"inLanguage":"fr","potentialAction":[{"@type":"CommentAction","name":"Comment","target":["https:\/\/ericbourdon.fr\/art\/2017\/07\/21\/eric-bourdon-peintre-dessinateur\/#respond"]}]},{"@type":"WebPage","@id":"https:\/\/ericbourdon.fr\/art\/2017\/07\/21\/eric-bourdon-peintre-dessinateur\/","url":"https:\/\/ericbourdon.fr\/art\/2017\/07\/21\/eric-bourdon-peintre-dessinateur\/","name":"Eric Bourdon, peintre et dessinateur | Eric Bourdon","isPartOf":{"@id":"https:\/\/ericbourdon.fr\/art\/#website"},"primaryImageOfPage":{"@id":"https:\/\/ericbourdon.fr\/art\/2017\/07\/21\/eric-bourdon-peintre-dessinateur\/#primaryimage"},"image":{"@id":"https:\/\/ericbourdon.fr\/art\/2017\/07\/21\/eric-bourdon-peintre-dessinateur\/#primaryimage"},"thumbnailUrl":"https:\/\/ericbourdon.fr\/art\/wp-content\/uploads\/2017\/07\/eric-bourdon-peintre-dessinateur.jpg","datePublished":"2017-07-21T06:43:50+00:00","dateModified":"2022-08-26T21:56:51+00:00","description":"Eric Bourdon, peintre, dessinateur. Extrait du catalogue de l\u2019exposition-vente Solid\u2019Art 2017 \u00e0 Lille. Avec Eric Bourdon, Jef A\u00e9rosol, JonOne, Ben Bella...","breadcrumb":{"@id":"https:\/\/ericbourdon.fr\/art\/2017\/07\/21\/eric-bourdon-peintre-dessinateur\/#breadcrumb"},"inLanguage":"fr","potentialAction":[{"@type":"ReadAction","target":["https:\/\/ericbourdon.fr\/art\/2017\/07\/21\/eric-bourdon-peintre-dessinateur\/"]}]},{"@type":"ImageObject","inLanguage":"fr","@id":"https:\/\/ericbourdon.fr\/art\/2017\/07\/21\/eric-bourdon-peintre-dessinateur\/#primaryimage","url":"https:\/\/ericbourdon.fr\/art\/wp-content\/uploads\/2017\/07\/eric-bourdon-peintre-dessinateur.jpg","contentUrl":"https:\/\/ericbourdon.fr\/art\/wp-content\/uploads\/2017\/07\/eric-bourdon-peintre-dessinateur.jpg","width":440,"height":305,"caption":"eric-bourdon-peintre-dessinateur"},{"@type":"BreadcrumbList","@id":"https:\/\/ericbourdon.fr\/art\/2017\/07\/21\/eric-bourdon-peintre-dessinateur\/#breadcrumb","itemListElement":[{"@type":"ListItem","position":1,"name":"Eric Bourdon","item":"https:\/\/ericbourdon.fr"},{"@type":"ListItem","position":2,"name":"Blog","item":"https:\/\/ericbourdon.fr\/art\/"},{"@type":"ListItem","position":3,"name":"Expositions","item":"https:\/\/ericbourdon.fr\/art\/categorie\/expositions\/"},{"@type":"ListItem","position":4,"name":"Eric Bourdon, peintre et dessinateur"}]},{"@type":"WebSite","@id":"https:\/\/ericbourdon.fr\/art\/#website","url":"https:\/\/ericbourdon.fr\/art\/","name":"Eric Bourdon, artiste peintre contemporain \u00e0 Lille | Blog","description":"Peinture, dessin, arts et artistes... Actualit\u00e9s des galeries d&#039;art et expositions...","publisher":{"@id":"https:\/\/ericbourdon.fr\/art\/#\/schema\/person\/35997829794ccb4ff3a33684da4769f6"},"potentialAction":[{"@type":"SearchAction","target":{"@type":"EntryPoint","urlTemplate":"https:\/\/ericbourdon.fr\/art\/?s={search_term_string}"},"query-input":{"@type":"PropertyValueSpecification","valueRequired":true,"valueName":"search_term_string"}}],"inLanguage":"fr"},{"@type":["Person","Organization"],"@id":"https:\/\/ericbourdon.fr\/art\/#\/schema\/person\/35997829794ccb4ff3a33684da4769f6","name":"Eric Bourdon","image":{"@type":"ImageObject","inLanguage":"fr","@id":"https:\/\/ericbourdon.fr\/art\/wp-content\/uploads\/2021\/05\/eric-bourdon-artiste-peintre-francais-contemporain-lille-france.jpg","url":"https:\/\/ericbourdon.fr\/art\/wp-content\/uploads\/2021\/05\/eric-bourdon-artiste-peintre-francais-contemporain-lille-france.jpg","contentUrl":"https:\/\/ericbourdon.fr\/art\/wp-content\/uploads\/2021\/05\/eric-bourdon-artiste-peintre-francais-contemporain-lille-france.jpg","width":220,"height":220,"caption":"Eric Bourdon"},"logo":{"@id":"https:\/\/ericbourdon.fr\/art\/wp-content\/uploads\/2021\/05\/eric-bourdon-artiste-peintre-francais-contemporain-lille-france.jpg"},"sameAs":["https:\/\/ericbourdon.fr\/","https:\/\/www.facebook.com\/ArtbyEricBourdon\/","https:\/\/www.instagram.com\/eric.bourdon.art\/","https:\/\/fr.linkedin.com\/in\/eric-bourdon\/fr","https:\/\/www.pinterest.fr\/EricBourdonArt\/","https:\/\/en.wikipedia.org\/wiki\/\u00c9ric_Bourdon"]}]}},"_links":{"self":[{"href":"https:\/\/ericbourdon.fr\/art\/wp-json\/wp\/v2\/posts\/8112","targetHints":{"allow":["GET"]}}],"collection":[{"href":"https:\/\/ericbourdon.fr\/art\/wp-json\/wp\/v2\/posts"}],"about":[{"href":"https:\/\/ericbourdon.fr\/art\/wp-json\/wp\/v2\/types\/post"}],"author":[{"embeddable":true,"href":"https:\/\/ericbourdon.fr\/art\/wp-json\/wp\/v2\/users\/67"}],"replies":[{"embeddable":true,"href":"https:\/\/ericbourdon.fr\/art\/wp-json\/wp\/v2\/comments?post=8112"}],"version-history":[{"count":2,"href":"https:\/\/ericbourdon.fr\/art\/wp-json\/wp\/v2\/posts\/8112\/revisions"}],"predecessor-version":[{"id":13875,"href":"https:\/\/ericbourdon.fr\/art\/wp-json\/wp\/v2\/posts\/8112\/revisions\/13875"}],"wp:attachment":[{"href":"https:\/\/ericbourdon.fr\/art\/wp-json\/wp\/v2\/media?parent=8112"}],"wp:term":[{"taxonomy":"category","embeddable":true,"href":"https:\/\/ericbourdon.fr\/art\/wp-json\/wp\/v2\/categories?post=8112"},{"taxonomy":"post_tag","embeddable":true,"href":"https:\/\/ericbourdon.fr\/art\/wp-json\/wp\/v2\/tags?post=8112"}],"curies":[{"name":"wp","href":"https:\/\/api.w.org\/{rel}","templated":true}]}}