{"id":8183,"date":"2017-07-27T09:06:32","date_gmt":"2017-07-27T08:06:32","guid":{"rendered":"https:\/\/ericbourdon.fr\/art\/?p=8183"},"modified":"2022-09-12T11:03:31","modified_gmt":"2022-09-12T10:03:31","slug":"galerie-cedric-bacqueville","status":"publish","type":"post","link":"https:\/\/ericbourdon.fr\/art\/2017\/07\/27\/galerie-cedric-bacqueville\/","title":{"rendered":"Galerie C\u00e9dric Bacqueville : l&#8217;\u00e9motion d\u00e9cal\u00e9e"},"content":{"rendered":"<p style=\"text-align: justify;\"><em>&nbsp;&nbsp;&nbsp;&nbsp;&nbsp;Pr\u00e9sentation de la &#8220;Galerie C\u00e9dric Bacqueville&#8221;, \u00e0 Lille, sur le blog d&#8217;<a href=\"https:\/\/ericbourdon.fr\/galerie-peintures-eric-bourdon-2.html\" target=\"_blank\" rel=\"noopener\">Eric Bourdon<\/a>. Les informations seront mises \u00e0 jour par Eric Bourdon dans la mesure du possible, mais sans certitude. N&#8217;h\u00e9sitez donc pas \u00e0 consulter les liens fournis pour des infos actuelles (artistes expos\u00e9s, heures d&#8217;ouverture&#8230;) sur la Galerie C\u00e9dric Bacqueville. Contactez Eric Bourdon par email ou postez un commentaire pour signaler une erreur, un changement, ou une nouveaut\u00e9&#8230;<\/em><\/p>\n<p><img loading=\"lazy\" decoding=\"async\" class=\"alignnone size-full wp-image-8184\" src=\"https:\/\/ericbourdon.fr\/art\/wp-content\/uploads\/2017\/07\/galerie-bacqueville-eric-bourdon.jpg\" alt=\"galerie c\u00e9dric bacqueville eric bourdon\" width=\"440\" height=\"298\" srcset=\"https:\/\/ericbourdon.fr\/art\/wp-content\/uploads\/2017\/07\/galerie-bacqueville-eric-bourdon.jpg 440w, https:\/\/ericbourdon.fr\/art\/wp-content\/uploads\/2017\/07\/galerie-bacqueville-eric-bourdon-150x102.jpg 150w, https:\/\/ericbourdon.fr\/art\/wp-content\/uploads\/2017\/07\/galerie-bacqueville-eric-bourdon-300x203.jpg 300w\" sizes=\"auto, (max-width: 440px) 100vw, 440px\" \/><\/p>\n<div style=\"text-align: center;\"><a href=\"https:\/\/www.galeriebacqueville.com\/\" target=\"_blank\" rel=\"noopener\">www.galeriebacqueville.com<\/a><\/div>\n<p>&nbsp;<\/p>\n<p style=\"text-align: justify;\">&nbsp;&nbsp;&nbsp;&nbsp;&nbsp;La galerie de C\u00e9dric Bacqueville a ouvert en 2011, rue Thiers, \u00e0 Lille. Elle met en valeur, dans un espace r\u00e9duit mais lumineux, une s\u00e9lection serr\u00e9e d&#8217;\u0153uvres d&#8217;art contemporain. Une place importante est r\u00e9serv\u00e9e \u00e0 la photographie. &#8220;La ligne directive ? L\u2019anticonformisme !&#8221; affirme <em><a href=\"https:\/\/lechti.com\/se-divertir\/galerie-cedric-bacqueville\/\" target=\"_blank\" rel=\"noopener\">Le Chti<\/a><\/em>.<\/p>\n<p><!--more--><\/p>\n<div style=\"text-align: center;\">&nbsp;<\/div>\n<p style=\"text-align: justify;\">&nbsp;&nbsp;&nbsp;&nbsp;&nbsp;C\u00e9dric Bacqueville a d&#8217;abord travaill\u00e9 comme encadreur. Il a ensuite concr\u00e9tis\u00e9 son ambition de valoriser de jeunes artistes contemporains par l\u2019ouverture de sa galerie au n\u00b032 de la rue Thiers. Elle offre un espace d\u2019exposition restreint mais tr\u00e8s \u00e9pur\u00e9. Les \u0153uvres expos\u00e9es sont soigneusement s\u00e9lectionn\u00e9es par le galeriste sur un crit\u00e8re majeur : l\u2019\u00e9motion.<\/p>\n<p style=\"text-align: justify;\">&nbsp;&nbsp;&nbsp;&nbsp;&nbsp;C\u00e9dric Bacqueville tend donc \u00e0 choisir une \u0153uvre qui lui saisisse l\u2019esprit et lui va droit au c\u0153ur. Son professionnalisme et ses choix instinctifs ont construit l\u2019identit\u00e9 de la galerie autour d\u2019un art contemporain de qualit\u00e9, d\u00e9cal\u00e9 et parfois m\u00eame d\u00e9rangeant. Avec, toujours, cette id\u00e9e de propulser de jeunes talents prometteurs dans la sph\u00e8re \u00e9litiste du march\u00e9 de l\u2019art.<\/p>\n<p>&nbsp;<\/p>\n<p style=\"text-align: justify;\">&nbsp;&nbsp;&nbsp;&nbsp;&nbsp;Quelques artistes de la galerie : Antoine Bouillot, Butz Et Fouque, Gautier Deblonde, Alain Delorme, Rapha\u00ebl Denis, Nicolas Dhervillers, Fcsofia, Grisor, Paul Kuseni, L&#8217;atlas, Aur\u00e9lien Maillard, Delage + Olson, David Porchy, Todd &amp; Fitch&#8230;<\/p>\n<p>&nbsp;<\/p>\n<p style=\"text-align: justify;\">&nbsp;&nbsp;&nbsp;&nbsp;&nbsp;La <em>Galerie C\u00e9dric Bacqueville<\/em> se trouve <a href=\"https:\/\/goo.gl\/maps\/PAhr4yd4fyp\" target=\"_blank\" rel=\"noopener\">32 rue Thiers<\/a> \u00e0 Lille, o\u00f9 elle vous invite \u00e0 d\u00e9couvrir ses expositions d&#8217;\u0153uvres contemporaines. La galerie est ouverte du mardi au samedi de 15h \u00e0 19h.<\/p>\n<p>&nbsp;<\/p>\n<p style=\"text-align: justify;\">&nbsp;&nbsp;&nbsp;&nbsp;&nbsp;Retrouvez aussi la <em>Galerie C\u00e9dric Bacqueville<\/em> sur <a href=\"https:\/\/www.facebook.com\/galeriebacqueville\/\" target=\"_blank\" rel=\"noopener\">Facebook<\/a>.<\/p>\n<p>&nbsp;<\/p>\n<p>&nbsp;<\/p>\n","protected":false},"excerpt":{"rendered":"<p>&nbsp;&nbsp;&nbsp;&nbsp;&nbsp;Pr\u00e9sentation de la &#8220;Galerie C\u00e9dric Bacqueville&#8221;, \u00e0 Lille, sur le blog d&#8217;Eric Bourdon. Les informations seront mises \u00e0 jour par Eric Bourdon dans la mesure du possible, mais sans certitude. N&#8217;h\u00e9sitez donc pas \u00e0 consulter les liens fournis pour des infos actuelles (artistes expos\u00e9s, heures d&#8217;ouverture&#8230;) sur la Galerie C\u00e9dric Bacqueville. Contactez Eric Bourdon par [&hellip;]<\/p>\n","protected":false},"author":67,"featured_media":0,"comment_status":"open","ping_status":"closed","sticky":false,"template":"","format":"standard","meta":{"footnotes":""},"categories":[273],"tags":[],"class_list":["post-8183","post","type-post","status-publish","format-standard","hentry","category-galeries-art-lille"],"yoast_head":"<!-- This site is optimized with the Yoast SEO plugin v27.5 - https:\/\/yoast.com\/product\/yoast-seo-wordpress\/ -->\n<title>Galerie C\u00e9dric Bacqueville : l&#039;\u00e9motion d\u00e9cal\u00e9e | Eric Bourdon<\/title>\n<meta name=\"description\" content=\"La Galerie C\u00e9dric Bacqueville, sur le blog d\u2019Eric Bourdon. \u00c0 Lille, la galerie expose des \u0153uvres d\u2019art contemporain anticonformistes. Un crit\u00e8re: l\u2019\u00e9motion.\" \/>\n<meta name=\"robots\" content=\"index, follow, max-snippet:-1, max-image-preview:large, max-video-preview:-1\" \/>\n<link rel=\"canonical\" href=\"https:\/\/ericbourdon.fr\/art\/2017\/07\/27\/galerie-cedric-bacqueville\/\" \/>\n<meta property=\"og:type\" content=\"article\" \/>\n<meta property=\"og:title\" content=\"Galerie C\u00e9dric Bacqueville : l&#039;\u00e9motion d\u00e9cal\u00e9e | Eric Bourdon\" \/>\n<meta property=\"og:description\" content=\"La Galerie C\u00e9dric Bacqueville, sur le blog d\u2019Eric Bourdon. \u00c0 Lille, la galerie expose des \u0153uvres d\u2019art contemporain anticonformistes. Un crit\u00e8re: l\u2019\u00e9motion.\" \/>\n<meta property=\"og:url\" content=\"https:\/\/ericbourdon.fr\/art\/2017\/07\/27\/galerie-cedric-bacqueville\/\" \/>\n<meta property=\"og:site_name\" content=\"Eric Bourdon, artiste peintre contemporain \u00e0 Lille | Blog\" \/>\n<meta property=\"article:publisher\" content=\"https:\/\/www.facebook.com\/ArtbyEricBourdon\/\" \/>\n<meta property=\"article:author\" content=\"https:\/\/www.facebook.com\/ArtbyEricBourdon\/\" \/>\n<meta property=\"article:published_time\" content=\"2017-07-27T08:06:32+00:00\" \/>\n<meta property=\"article:modified_time\" content=\"2022-09-12T10:03:31+00:00\" \/>\n<meta property=\"og:image\" content=\"https:\/\/ericbourdon.fr\/art\/wp-content\/uploads\/2017\/07\/galerie-bacqueville-eric-bourdon.jpg\" \/>\n<meta name=\"author\" content=\"Eric Bourdon\" \/>\n<meta name=\"twitter:label1\" content=\"Written by\" \/>\n\t<meta name=\"twitter:data1\" content=\"Eric Bourdon\" \/>\n\t<meta name=\"twitter:label2\" content=\"Est. reading time\" \/>\n\t<meta name=\"twitter:data2\" content=\"2 minutes\" \/>\n<script type=\"application\/ld+json\" class=\"yoast-schema-graph\">{\"@context\":\"https:\\\/\\\/schema.org\",\"@graph\":[{\"@type\":\"Article\",\"@id\":\"https:\\\/\\\/ericbourdon.fr\\\/art\\\/2017\\\/07\\\/27\\\/galerie-cedric-bacqueville\\\/#article\",\"isPartOf\":{\"@id\":\"https:\\\/\\\/ericbourdon.fr\\\/art\\\/2017\\\/07\\\/27\\\/galerie-cedric-bacqueville\\\/\"},\"author\":{\"name\":\"Eric Bourdon\",\"@id\":\"https:\\\/\\\/ericbourdon.fr\\\/art\\\/#\\\/schema\\\/person\\\/35997829794ccb4ff3a33684da4769f6\"},\"headline\":\"Galerie C\u00e9dric Bacqueville : l&#8217;\u00e9motion d\u00e9cal\u00e9e\",\"datePublished\":\"2017-07-27T08:06:32+00:00\",\"dateModified\":\"2022-09-12T10:03:31+00:00\",\"mainEntityOfPage\":{\"@id\":\"https:\\\/\\\/ericbourdon.fr\\\/art\\\/2017\\\/07\\\/27\\\/galerie-cedric-bacqueville\\\/\"},\"wordCount\":387,\"commentCount\":0,\"publisher\":{\"@id\":\"https:\\\/\\\/ericbourdon.fr\\\/art\\\/#\\\/schema\\\/person\\\/35997829794ccb4ff3a33684da4769f6\"},\"image\":{\"@id\":\"https:\\\/\\\/ericbourdon.fr\\\/art\\\/2017\\\/07\\\/27\\\/galerie-cedric-bacqueville\\\/#primaryimage\"},\"thumbnailUrl\":\"https:\\\/\\\/ericbourdon.fr\\\/art\\\/wp-content\\\/uploads\\\/2017\\\/07\\\/galerie-bacqueville-eric-bourdon.jpg\",\"articleSection\":[\"Galeries d\u2019art \u00e0 Lille\"],\"inLanguage\":\"fr\",\"potentialAction\":[{\"@type\":\"CommentAction\",\"name\":\"Comment\",\"target\":[\"https:\\\/\\\/ericbourdon.fr\\\/art\\\/2017\\\/07\\\/27\\\/galerie-cedric-bacqueville\\\/#respond\"]}]},{\"@type\":\"WebPage\",\"@id\":\"https:\\\/\\\/ericbourdon.fr\\\/art\\\/2017\\\/07\\\/27\\\/galerie-cedric-bacqueville\\\/\",\"url\":\"https:\\\/\\\/ericbourdon.fr\\\/art\\\/2017\\\/07\\\/27\\\/galerie-cedric-bacqueville\\\/\",\"name\":\"Galerie C\u00e9dric Bacqueville : l'\u00e9motion d\u00e9cal\u00e9e | Eric Bourdon\",\"isPartOf\":{\"@id\":\"https:\\\/\\\/ericbourdon.fr\\\/art\\\/#website\"},\"primaryImageOfPage\":{\"@id\":\"https:\\\/\\\/ericbourdon.fr\\\/art\\\/2017\\\/07\\\/27\\\/galerie-cedric-bacqueville\\\/#primaryimage\"},\"image\":{\"@id\":\"https:\\\/\\\/ericbourdon.fr\\\/art\\\/2017\\\/07\\\/27\\\/galerie-cedric-bacqueville\\\/#primaryimage\"},\"thumbnailUrl\":\"https:\\\/\\\/ericbourdon.fr\\\/art\\\/wp-content\\\/uploads\\\/2017\\\/07\\\/galerie-bacqueville-eric-bourdon.jpg\",\"datePublished\":\"2017-07-27T08:06:32+00:00\",\"dateModified\":\"2022-09-12T10:03:31+00:00\",\"description\":\"La Galerie C\u00e9dric Bacqueville, sur le blog d\u2019Eric Bourdon. \u00c0 Lille, la galerie expose des \u0153uvres d\u2019art contemporain anticonformistes. Un crit\u00e8re: l\u2019\u00e9motion.\",\"breadcrumb\":{\"@id\":\"https:\\\/\\\/ericbourdon.fr\\\/art\\\/2017\\\/07\\\/27\\\/galerie-cedric-bacqueville\\\/#breadcrumb\"},\"inLanguage\":\"fr\",\"potentialAction\":[{\"@type\":\"ReadAction\",\"target\":[\"https:\\\/\\\/ericbourdon.fr\\\/art\\\/2017\\\/07\\\/27\\\/galerie-cedric-bacqueville\\\/\"]}]},{\"@type\":\"ImageObject\",\"inLanguage\":\"fr\",\"@id\":\"https:\\\/\\\/ericbourdon.fr\\\/art\\\/2017\\\/07\\\/27\\\/galerie-cedric-bacqueville\\\/#primaryimage\",\"url\":\"https:\\\/\\\/ericbourdon.fr\\\/art\\\/wp-content\\\/uploads\\\/2017\\\/07\\\/galerie-bacqueville-eric-bourdon.jpg\",\"contentUrl\":\"https:\\\/\\\/ericbourdon.fr\\\/art\\\/wp-content\\\/uploads\\\/2017\\\/07\\\/galerie-bacqueville-eric-bourdon.jpg\",\"width\":440,\"height\":298,\"caption\":\"galerie c\u00e9dric bacqueville eric bourdon\"},{\"@type\":\"BreadcrumbList\",\"@id\":\"https:\\\/\\\/ericbourdon.fr\\\/art\\\/2017\\\/07\\\/27\\\/galerie-cedric-bacqueville\\\/#breadcrumb\",\"itemListElement\":[{\"@type\":\"ListItem\",\"position\":1,\"name\":\"Eric Bourdon\",\"item\":\"https:\\\/\\\/ericbourdon.fr\"},{\"@type\":\"ListItem\",\"position\":2,\"name\":\"Blog\",\"item\":\"https:\\\/\\\/ericbourdon.fr\\\/art\\\/\"},{\"@type\":\"ListItem\",\"position\":3,\"name\":\"Galeries d\u2019art \u00e0 Lille\",\"item\":\"https:\\\/\\\/ericbourdon.fr\\\/art\\\/categorie\\\/galeries-art-lille\\\/\"},{\"@type\":\"ListItem\",\"position\":4,\"name\":\"Galerie C\u00e9dric Bacqueville : l&rsquo;\u00e9motion d\u00e9cal\u00e9e\"}]},{\"@type\":\"WebSite\",\"@id\":\"https:\\\/\\\/ericbourdon.fr\\\/art\\\/#website\",\"url\":\"https:\\\/\\\/ericbourdon.fr\\\/art\\\/\",\"name\":\"Eric Bourdon, artiste peintre contemporain \u00e0 Lille | Blog\",\"description\":\"Peinture, dessin, arts et artistes... Actualit\u00e9s des galeries d&#039;art et expositions...\",\"publisher\":{\"@id\":\"https:\\\/\\\/ericbourdon.fr\\\/art\\\/#\\\/schema\\\/person\\\/35997829794ccb4ff3a33684da4769f6\"},\"potentialAction\":[{\"@type\":\"SearchAction\",\"target\":{\"@type\":\"EntryPoint\",\"urlTemplate\":\"https:\\\/\\\/ericbourdon.fr\\\/art\\\/?s={search_term_string}\"},\"query-input\":{\"@type\":\"PropertyValueSpecification\",\"valueRequired\":true,\"valueName\":\"search_term_string\"}}],\"inLanguage\":\"fr\"},{\"@type\":[\"Person\",\"Organization\"],\"@id\":\"https:\\\/\\\/ericbourdon.fr\\\/art\\\/#\\\/schema\\\/person\\\/35997829794ccb4ff3a33684da4769f6\",\"name\":\"Eric Bourdon\",\"image\":{\"@type\":\"ImageObject\",\"inLanguage\":\"fr\",\"@id\":\"https:\\\/\\\/ericbourdon.fr\\\/art\\\/wp-content\\\/uploads\\\/2021\\\/05\\\/eric-bourdon-artiste-peintre-francais-contemporain-lille-france.jpg\",\"url\":\"https:\\\/\\\/ericbourdon.fr\\\/art\\\/wp-content\\\/uploads\\\/2021\\\/05\\\/eric-bourdon-artiste-peintre-francais-contemporain-lille-france.jpg\",\"contentUrl\":\"https:\\\/\\\/ericbourdon.fr\\\/art\\\/wp-content\\\/uploads\\\/2021\\\/05\\\/eric-bourdon-artiste-peintre-francais-contemporain-lille-france.jpg\",\"width\":220,\"height\":220,\"caption\":\"Eric Bourdon\"},\"logo\":{\"@id\":\"https:\\\/\\\/ericbourdon.fr\\\/art\\\/wp-content\\\/uploads\\\/2021\\\/05\\\/eric-bourdon-artiste-peintre-francais-contemporain-lille-france.jpg\"},\"sameAs\":[\"https:\\\/\\\/ericbourdon.fr\\\/\",\"https:\\\/\\\/www.facebook.com\\\/ArtbyEricBourdon\\\/\",\"https:\\\/\\\/www.instagram.com\\\/eric.bourdon.art\\\/\",\"https:\\\/\\\/fr.linkedin.com\\\/in\\\/eric-bourdon\\\/fr\",\"https:\\\/\\\/www.pinterest.fr\\\/EricBourdonArt\\\/\",\"https:\\\/\\\/en.wikipedia.org\\\/wiki\\\/\u00c9ric_Bourdon\"]}]}<\/script>\n<!-- \/ Yoast SEO plugin. -->","yoast_head_json":{"title":"Galerie C\u00e9dric Bacqueville : l'\u00e9motion d\u00e9cal\u00e9e | Eric Bourdon","description":"La Galerie C\u00e9dric Bacqueville, sur le blog d\u2019Eric Bourdon. \u00c0 Lille, la galerie expose des \u0153uvres d\u2019art contemporain anticonformistes. Un crit\u00e8re: l\u2019\u00e9motion.","robots":{"index":"index","follow":"follow","max-snippet":"max-snippet:-1","max-image-preview":"max-image-preview:large","max-video-preview":"max-video-preview:-1"},"canonical":"https:\/\/ericbourdon.fr\/art\/2017\/07\/27\/galerie-cedric-bacqueville\/","og_type":"article","og_title":"Galerie C\u00e9dric Bacqueville : l'\u00e9motion d\u00e9cal\u00e9e | Eric Bourdon","og_description":"La Galerie C\u00e9dric Bacqueville, sur le blog d\u2019Eric Bourdon. \u00c0 Lille, la galerie expose des \u0153uvres d\u2019art contemporain anticonformistes. Un crit\u00e8re: l\u2019\u00e9motion.","og_url":"https:\/\/ericbourdon.fr\/art\/2017\/07\/27\/galerie-cedric-bacqueville\/","og_site_name":"Eric Bourdon, artiste peintre contemporain \u00e0 Lille | Blog","article_publisher":"https:\/\/www.facebook.com\/ArtbyEricBourdon\/","article_author":"https:\/\/www.facebook.com\/ArtbyEricBourdon\/","article_published_time":"2017-07-27T08:06:32+00:00","article_modified_time":"2022-09-12T10:03:31+00:00","og_image":[{"url":"https:\/\/ericbourdon.fr\/art\/wp-content\/uploads\/2017\/07\/galerie-bacqueville-eric-bourdon.jpg","type":"","width":"","height":""}],"author":"Eric Bourdon","twitter_misc":{"Written by":"Eric Bourdon","Est. reading time":"2 minutes"},"schema":{"@context":"https:\/\/schema.org","@graph":[{"@type":"Article","@id":"https:\/\/ericbourdon.fr\/art\/2017\/07\/27\/galerie-cedric-bacqueville\/#article","isPartOf":{"@id":"https:\/\/ericbourdon.fr\/art\/2017\/07\/27\/galerie-cedric-bacqueville\/"},"author":{"name":"Eric Bourdon","@id":"https:\/\/ericbourdon.fr\/art\/#\/schema\/person\/35997829794ccb4ff3a33684da4769f6"},"headline":"Galerie C\u00e9dric Bacqueville : l&#8217;\u00e9motion d\u00e9cal\u00e9e","datePublished":"2017-07-27T08:06:32+00:00","dateModified":"2022-09-12T10:03:31+00:00","mainEntityOfPage":{"@id":"https:\/\/ericbourdon.fr\/art\/2017\/07\/27\/galerie-cedric-bacqueville\/"},"wordCount":387,"commentCount":0,"publisher":{"@id":"https:\/\/ericbourdon.fr\/art\/#\/schema\/person\/35997829794ccb4ff3a33684da4769f6"},"image":{"@id":"https:\/\/ericbourdon.fr\/art\/2017\/07\/27\/galerie-cedric-bacqueville\/#primaryimage"},"thumbnailUrl":"https:\/\/ericbourdon.fr\/art\/wp-content\/uploads\/2017\/07\/galerie-bacqueville-eric-bourdon.jpg","articleSection":["Galeries d\u2019art \u00e0 Lille"],"inLanguage":"fr","potentialAction":[{"@type":"CommentAction","name":"Comment","target":["https:\/\/ericbourdon.fr\/art\/2017\/07\/27\/galerie-cedric-bacqueville\/#respond"]}]},{"@type":"WebPage","@id":"https:\/\/ericbourdon.fr\/art\/2017\/07\/27\/galerie-cedric-bacqueville\/","url":"https:\/\/ericbourdon.fr\/art\/2017\/07\/27\/galerie-cedric-bacqueville\/","name":"Galerie C\u00e9dric Bacqueville : l'\u00e9motion d\u00e9cal\u00e9e | Eric Bourdon","isPartOf":{"@id":"https:\/\/ericbourdon.fr\/art\/#website"},"primaryImageOfPage":{"@id":"https:\/\/ericbourdon.fr\/art\/2017\/07\/27\/galerie-cedric-bacqueville\/#primaryimage"},"image":{"@id":"https:\/\/ericbourdon.fr\/art\/2017\/07\/27\/galerie-cedric-bacqueville\/#primaryimage"},"thumbnailUrl":"https:\/\/ericbourdon.fr\/art\/wp-content\/uploads\/2017\/07\/galerie-bacqueville-eric-bourdon.jpg","datePublished":"2017-07-27T08:06:32+00:00","dateModified":"2022-09-12T10:03:31+00:00","description":"La Galerie C\u00e9dric Bacqueville, sur le blog d\u2019Eric Bourdon. \u00c0 Lille, la galerie expose des \u0153uvres d\u2019art contemporain anticonformistes. Un crit\u00e8re: l\u2019\u00e9motion.","breadcrumb":{"@id":"https:\/\/ericbourdon.fr\/art\/2017\/07\/27\/galerie-cedric-bacqueville\/#breadcrumb"},"inLanguage":"fr","potentialAction":[{"@type":"ReadAction","target":["https:\/\/ericbourdon.fr\/art\/2017\/07\/27\/galerie-cedric-bacqueville\/"]}]},{"@type":"ImageObject","inLanguage":"fr","@id":"https:\/\/ericbourdon.fr\/art\/2017\/07\/27\/galerie-cedric-bacqueville\/#primaryimage","url":"https:\/\/ericbourdon.fr\/art\/wp-content\/uploads\/2017\/07\/galerie-bacqueville-eric-bourdon.jpg","contentUrl":"https:\/\/ericbourdon.fr\/art\/wp-content\/uploads\/2017\/07\/galerie-bacqueville-eric-bourdon.jpg","width":440,"height":298,"caption":"galerie c\u00e9dric bacqueville eric bourdon"},{"@type":"BreadcrumbList","@id":"https:\/\/ericbourdon.fr\/art\/2017\/07\/27\/galerie-cedric-bacqueville\/#breadcrumb","itemListElement":[{"@type":"ListItem","position":1,"name":"Eric Bourdon","item":"https:\/\/ericbourdon.fr"},{"@type":"ListItem","position":2,"name":"Blog","item":"https:\/\/ericbourdon.fr\/art\/"},{"@type":"ListItem","position":3,"name":"Galeries d\u2019art \u00e0 Lille","item":"https:\/\/ericbourdon.fr\/art\/categorie\/galeries-art-lille\/"},{"@type":"ListItem","position":4,"name":"Galerie C\u00e9dric Bacqueville : l&rsquo;\u00e9motion d\u00e9cal\u00e9e"}]},{"@type":"WebSite","@id":"https:\/\/ericbourdon.fr\/art\/#website","url":"https:\/\/ericbourdon.fr\/art\/","name":"Eric Bourdon, artiste peintre contemporain \u00e0 Lille | Blog","description":"Peinture, dessin, arts et artistes... Actualit\u00e9s des galeries d&#039;art et expositions...","publisher":{"@id":"https:\/\/ericbourdon.fr\/art\/#\/schema\/person\/35997829794ccb4ff3a33684da4769f6"},"potentialAction":[{"@type":"SearchAction","target":{"@type":"EntryPoint","urlTemplate":"https:\/\/ericbourdon.fr\/art\/?s={search_term_string}"},"query-input":{"@type":"PropertyValueSpecification","valueRequired":true,"valueName":"search_term_string"}}],"inLanguage":"fr"},{"@type":["Person","Organization"],"@id":"https:\/\/ericbourdon.fr\/art\/#\/schema\/person\/35997829794ccb4ff3a33684da4769f6","name":"Eric Bourdon","image":{"@type":"ImageObject","inLanguage":"fr","@id":"https:\/\/ericbourdon.fr\/art\/wp-content\/uploads\/2021\/05\/eric-bourdon-artiste-peintre-francais-contemporain-lille-france.jpg","url":"https:\/\/ericbourdon.fr\/art\/wp-content\/uploads\/2021\/05\/eric-bourdon-artiste-peintre-francais-contemporain-lille-france.jpg","contentUrl":"https:\/\/ericbourdon.fr\/art\/wp-content\/uploads\/2021\/05\/eric-bourdon-artiste-peintre-francais-contemporain-lille-france.jpg","width":220,"height":220,"caption":"Eric Bourdon"},"logo":{"@id":"https:\/\/ericbourdon.fr\/art\/wp-content\/uploads\/2021\/05\/eric-bourdon-artiste-peintre-francais-contemporain-lille-france.jpg"},"sameAs":["https:\/\/ericbourdon.fr\/","https:\/\/www.facebook.com\/ArtbyEricBourdon\/","https:\/\/www.instagram.com\/eric.bourdon.art\/","https:\/\/fr.linkedin.com\/in\/eric-bourdon\/fr","https:\/\/www.pinterest.fr\/EricBourdonArt\/","https:\/\/en.wikipedia.org\/wiki\/\u00c9ric_Bourdon"]}]}},"_links":{"self":[{"href":"https:\/\/ericbourdon.fr\/art\/wp-json\/wp\/v2\/posts\/8183","targetHints":{"allow":["GET"]}}],"collection":[{"href":"https:\/\/ericbourdon.fr\/art\/wp-json\/wp\/v2\/posts"}],"about":[{"href":"https:\/\/ericbourdon.fr\/art\/wp-json\/wp\/v2\/types\/post"}],"author":[{"embeddable":true,"href":"https:\/\/ericbourdon.fr\/art\/wp-json\/wp\/v2\/users\/67"}],"replies":[{"embeddable":true,"href":"https:\/\/ericbourdon.fr\/art\/wp-json\/wp\/v2\/comments?post=8183"}],"version-history":[{"count":2,"href":"https:\/\/ericbourdon.fr\/art\/wp-json\/wp\/v2\/posts\/8183\/revisions"}],"predecessor-version":[{"id":14109,"href":"https:\/\/ericbourdon.fr\/art\/wp-json\/wp\/v2\/posts\/8183\/revisions\/14109"}],"wp:attachment":[{"href":"https:\/\/ericbourdon.fr\/art\/wp-json\/wp\/v2\/media?parent=8183"}],"wp:term":[{"taxonomy":"category","embeddable":true,"href":"https:\/\/ericbourdon.fr\/art\/wp-json\/wp\/v2\/categories?post=8183"},{"taxonomy":"post_tag","embeddable":true,"href":"https:\/\/ericbourdon.fr\/art\/wp-json\/wp\/v2\/tags?post=8183"}],"curies":[{"name":"wp","href":"https:\/\/api.w.org\/{rel}","templated":true}]}}