{"id":8731,"date":"2017-10-18T22:35:28","date_gmt":"2017-10-18T21:35:28","guid":{"rendered":"https:\/\/ericbourdon.fr\/art\/?p=8731"},"modified":"2022-08-27T17:18:05","modified_gmt":"2022-08-27T16:18:05","slug":"galerie-quai26-photos-beaux-livres","status":"publish","type":"post","link":"https:\/\/ericbourdon.fr\/art\/2017\/10\/18\/galerie-quai26-photos-beaux-livres\/","title":{"rendered":"Galerie Quai26 : photos et beaux livres"},"content":{"rendered":"<p style=\"text-align: justify;\"><strong>MISE \u00c0 JOUR 2022<\/strong>&nbsp;: La galerie <em>Quai26<\/em> se trouve aujourd&#8217;hui \u00e0 Marcq en Baroeul, \u00e0 5km de Lille. Vous trouverez ses coordonn\u00e9es, horaires d&#8217;ouverture et actualit\u00e9s sur son site internet.<\/p>\n<p><img loading=\"lazy\" decoding=\"async\" class=\"alignnone size-full wp-image-8732\" src=\"https:\/\/ericbourdon.fr\/art\/wp-content\/uploads\/2017\/10\/galerie-quai26-lille-eric-bourdon.jpg\" alt=\"galerie quai26 lille eric bourdon\" width=\"440\" height=\"243\" srcset=\"https:\/\/ericbourdon.fr\/art\/wp-content\/uploads\/2017\/10\/galerie-quai26-lille-eric-bourdon.jpg 440w, https:\/\/ericbourdon.fr\/art\/wp-content\/uploads\/2017\/10\/galerie-quai26-lille-eric-bourdon-150x83.jpg 150w, https:\/\/ericbourdon.fr\/art\/wp-content\/uploads\/2017\/10\/galerie-quai26-lille-eric-bourdon-300x166.jpg 300w\" sizes=\"auto, (max-width: 440px) 100vw, 440px\" \/><\/p>\n<div style=\"text-align: center;\">&nbsp;<\/div>\n<div style=\"text-align: center;\"><a href=\"https:\/\/galeriequai26.com\/\" target=\"_blank\" rel=\"noopener\">galeriequai26.com<\/a><\/div>\n<p>&nbsp;<\/p>\n<p style=\"text-align: justify;\">&nbsp;&nbsp;&nbsp;&nbsp;&nbsp;D&#8217;abord cr\u00e9\u00e9e \u00e0 Roubaix en 2008, c&#8217;est \u00e0 Lille que la galerie <em>Quai26<\/em> expose aujourd&#8217;hui en permanence de nombreux artistes photographes connus ou \u00e9mergents.<\/p>\n<p><!--more--><\/p>\n<div style=\"text-align: center;\">&nbsp;<\/div>\n<p style=\"text-align: justify;\">&nbsp;&nbsp;&nbsp;&nbsp;&nbsp;Quai26 est la premi\u00e8re galerie du Nord \u00e0 s&#8217;\u00eatre enti\u00e8rement d\u00e9di\u00e9e \u00e0 la photographie et aux beaux livres&#8230; sur la photo : neuf, occasion, rare, vintage, \u00e9puis\u00e9, \u00e9dition \u00e9trang\u00e8re, hors \u00e9dition&#8230; Elle est notamment la seule galerie-librairie de la r\u00e9gion \u00e0 proposer \u00e0 la vente les livres <em>Collector<\/em> et <em>Sumo<\/em> des \u00e9ditions TASCHEN.<\/p>\n<p style=\"text-align: justify;\">&nbsp;&nbsp;&nbsp;&nbsp;&nbsp;Accompagn\u00e9(e) par une agr\u00e9able ambiance musicale, vous d\u00e9couvrirez dans cette galerie au design tr\u00e8s \u00e9pur\u00e9 des clich\u00e9s uniques, \u00e0 faible tirage, num\u00e9rot\u00e9s, sign\u00e9s&#8230; d\u2019artistes confirm\u00e9s ou en devenir. La galerie Quai26 se trouve au 62 rue d&#8217;Angleterre \u00e0 Lille. Elle est ouverte du jeudi au vendredi 14h30-19h00, le samedi 15h-19h, et sur rendez-vous.<\/p>\n<p style=\"text-align: justify;\">&nbsp;&nbsp;&nbsp;&nbsp;&nbsp;Vous trouverez en permanence des \u0153uvres d&#8217;artistes photographes comme Anne-Constance Fr\u00e9noy, Arno Bani, Elsa Okazaki, Fabrice Mabillot, F\u00e9lix Larher, Gil Rigoulet, Jacques Olivar, Jean-Fran\u00e7ois Lepage, Marthe Sobczak, Philippe Fris\u00e9e, St\u00e9phane Hop, Th\u00e9r\u00e8se Descheemaeker&#8230;<\/p>\n<p style=\"text-align: justify;\">&nbsp;&nbsp;&nbsp;&nbsp;&nbsp;La galerie Quai26 est aussi sur <a href=\"https:\/\/www.facebook.com\/galeriequai26\" target=\"_blank\" rel=\"noopener\">Facebook<\/a>.<\/p>\n<p>&nbsp;<\/p>\n","protected":false},"excerpt":{"rendered":"<p>MISE \u00c0 JOUR 2022&nbsp;: La galerie Quai26 se trouve aujourd&#8217;hui \u00e0 Marcq en Baroeul, \u00e0 5km de Lille. Vous trouverez ses coordonn\u00e9es, horaires d&#8217;ouverture et actualit\u00e9s sur son site internet. &nbsp; galeriequai26.com &nbsp; &nbsp;&nbsp;&nbsp;&nbsp;&nbsp;D&#8217;abord cr\u00e9\u00e9e \u00e0 Roubaix en 2008, c&#8217;est \u00e0 Lille que la galerie Quai26 expose aujourd&#8217;hui en permanence de nombreux artistes photographes connus [&hellip;]<\/p>\n","protected":false},"author":67,"featured_media":0,"comment_status":"open","ping_status":"closed","sticky":false,"template":"","format":"standard","meta":{"footnotes":""},"categories":[131,7],"tags":[],"class_list":["post-8731","post","type-post","status-publish","format-standard","hentry","category-galeries-art","category-photographie"],"yoast_head":"<!-- This site is optimized with the Yoast SEO plugin v27.4 - https:\/\/yoast.com\/product\/yoast-seo-wordpress\/ -->\n<title>Galerie Quai26 : photos et beaux livres | Eric Bourdon<\/title>\n<meta name=\"description\" content=\"Pr\u00e9sentation de la galerie Quai26, sur le blog d&#039;Eric Bourdon. Premi\u00e8re galerie du Nord d\u00e9di\u00e9e \u00e0 la photographie et aux livres... sur la photo.\" \/>\n<meta name=\"robots\" content=\"index, follow, max-snippet:-1, max-image-preview:large, max-video-preview:-1\" \/>\n<link rel=\"canonical\" href=\"https:\/\/ericbourdon.fr\/art\/2017\/10\/18\/galerie-quai26-photos-beaux-livres\/\" \/>\n<meta property=\"og:type\" content=\"article\" \/>\n<meta property=\"og:title\" content=\"Galerie Quai26 : photos et beaux livres | Eric Bourdon\" \/>\n<meta property=\"og:description\" content=\"Pr\u00e9sentation de la galerie Quai26, sur le blog d&#039;Eric Bourdon. Premi\u00e8re galerie du Nord d\u00e9di\u00e9e \u00e0 la photographie et aux livres... sur la photo.\" \/>\n<meta property=\"og:url\" content=\"https:\/\/ericbourdon.fr\/art\/2017\/10\/18\/galerie-quai26-photos-beaux-livres\/\" \/>\n<meta property=\"og:site_name\" content=\"Eric Bourdon, artiste peintre contemporain \u00e0 Lille | Blog\" \/>\n<meta property=\"article:publisher\" content=\"https:\/\/www.facebook.com\/ArtbyEricBourdon\/\" \/>\n<meta property=\"article:author\" content=\"https:\/\/www.facebook.com\/ArtbyEricBourdon\/\" \/>\n<meta property=\"article:published_time\" content=\"2017-10-18T21:35:28+00:00\" \/>\n<meta property=\"article:modified_time\" content=\"2022-08-27T16:18:05+00:00\" \/>\n<meta property=\"og:image\" content=\"https:\/\/ericbourdon.fr\/art\/wp-content\/uploads\/2017\/10\/galerie-quai26-lille-eric-bourdon.jpg\" \/>\n<meta name=\"author\" content=\"Eric Bourdon\" \/>\n<meta name=\"twitter:label1\" content=\"Written by\" \/>\n\t<meta name=\"twitter:data1\" content=\"Eric Bourdon\" \/>\n\t<meta name=\"twitter:label2\" content=\"Est. reading time\" \/>\n\t<meta name=\"twitter:data2\" content=\"2 minutes\" \/>\n<script type=\"application\/ld+json\" class=\"yoast-schema-graph\">{\"@context\":\"https:\\\/\\\/schema.org\",\"@graph\":[{\"@type\":\"Article\",\"@id\":\"https:\\\/\\\/ericbourdon.fr\\\/art\\\/2017\\\/10\\\/18\\\/galerie-quai26-photos-beaux-livres\\\/#article\",\"isPartOf\":{\"@id\":\"https:\\\/\\\/ericbourdon.fr\\\/art\\\/2017\\\/10\\\/18\\\/galerie-quai26-photos-beaux-livres\\\/\"},\"author\":{\"name\":\"Eric Bourdon\",\"@id\":\"https:\\\/\\\/ericbourdon.fr\\\/art\\\/#\\\/schema\\\/person\\\/35997829794ccb4ff3a33684da4769f6\"},\"headline\":\"Galerie Quai26 : photos et beaux livres\",\"datePublished\":\"2017-10-18T21:35:28+00:00\",\"dateModified\":\"2022-08-27T16:18:05+00:00\",\"mainEntityOfPage\":{\"@id\":\"https:\\\/\\\/ericbourdon.fr\\\/art\\\/2017\\\/10\\\/18\\\/galerie-quai26-photos-beaux-livres\\\/\"},\"wordCount\":260,\"commentCount\":0,\"publisher\":{\"@id\":\"https:\\\/\\\/ericbourdon.fr\\\/art\\\/#\\\/schema\\\/person\\\/35997829794ccb4ff3a33684da4769f6\"},\"image\":{\"@id\":\"https:\\\/\\\/ericbourdon.fr\\\/art\\\/2017\\\/10\\\/18\\\/galerie-quai26-photos-beaux-livres\\\/#primaryimage\"},\"thumbnailUrl\":\"https:\\\/\\\/ericbourdon.fr\\\/art\\\/wp-content\\\/uploads\\\/2017\\\/10\\\/galerie-quai26-lille-eric-bourdon.jpg\",\"articleSection\":[\"Galeries d\u2019art\",\"Photo\"],\"inLanguage\":\"fr\",\"potentialAction\":[{\"@type\":\"CommentAction\",\"name\":\"Comment\",\"target\":[\"https:\\\/\\\/ericbourdon.fr\\\/art\\\/2017\\\/10\\\/18\\\/galerie-quai26-photos-beaux-livres\\\/#respond\"]}]},{\"@type\":\"WebPage\",\"@id\":\"https:\\\/\\\/ericbourdon.fr\\\/art\\\/2017\\\/10\\\/18\\\/galerie-quai26-photos-beaux-livres\\\/\",\"url\":\"https:\\\/\\\/ericbourdon.fr\\\/art\\\/2017\\\/10\\\/18\\\/galerie-quai26-photos-beaux-livres\\\/\",\"name\":\"Galerie Quai26 : photos et beaux livres | Eric Bourdon\",\"isPartOf\":{\"@id\":\"https:\\\/\\\/ericbourdon.fr\\\/art\\\/#website\"},\"primaryImageOfPage\":{\"@id\":\"https:\\\/\\\/ericbourdon.fr\\\/art\\\/2017\\\/10\\\/18\\\/galerie-quai26-photos-beaux-livres\\\/#primaryimage\"},\"image\":{\"@id\":\"https:\\\/\\\/ericbourdon.fr\\\/art\\\/2017\\\/10\\\/18\\\/galerie-quai26-photos-beaux-livres\\\/#primaryimage\"},\"thumbnailUrl\":\"https:\\\/\\\/ericbourdon.fr\\\/art\\\/wp-content\\\/uploads\\\/2017\\\/10\\\/galerie-quai26-lille-eric-bourdon.jpg\",\"datePublished\":\"2017-10-18T21:35:28+00:00\",\"dateModified\":\"2022-08-27T16:18:05+00:00\",\"description\":\"Pr\u00e9sentation de la galerie Quai26, sur le blog d'Eric Bourdon. Premi\u00e8re galerie du Nord d\u00e9di\u00e9e \u00e0 la photographie et aux livres... sur la photo.\",\"breadcrumb\":{\"@id\":\"https:\\\/\\\/ericbourdon.fr\\\/art\\\/2017\\\/10\\\/18\\\/galerie-quai26-photos-beaux-livres\\\/#breadcrumb\"},\"inLanguage\":\"fr\",\"potentialAction\":[{\"@type\":\"ReadAction\",\"target\":[\"https:\\\/\\\/ericbourdon.fr\\\/art\\\/2017\\\/10\\\/18\\\/galerie-quai26-photos-beaux-livres\\\/\"]}]},{\"@type\":\"ImageObject\",\"inLanguage\":\"fr\",\"@id\":\"https:\\\/\\\/ericbourdon.fr\\\/art\\\/2017\\\/10\\\/18\\\/galerie-quai26-photos-beaux-livres\\\/#primaryimage\",\"url\":\"https:\\\/\\\/ericbourdon.fr\\\/art\\\/wp-content\\\/uploads\\\/2017\\\/10\\\/galerie-quai26-lille-eric-bourdon.jpg\",\"contentUrl\":\"https:\\\/\\\/ericbourdon.fr\\\/art\\\/wp-content\\\/uploads\\\/2017\\\/10\\\/galerie-quai26-lille-eric-bourdon.jpg\",\"width\":440,\"height\":243,\"caption\":\"galerie quai26 lille eric bourdon\"},{\"@type\":\"BreadcrumbList\",\"@id\":\"https:\\\/\\\/ericbourdon.fr\\\/art\\\/2017\\\/10\\\/18\\\/galerie-quai26-photos-beaux-livres\\\/#breadcrumb\",\"itemListElement\":[{\"@type\":\"ListItem\",\"position\":1,\"name\":\"Eric Bourdon\",\"item\":\"https:\\\/\\\/ericbourdon.fr\"},{\"@type\":\"ListItem\",\"position\":2,\"name\":\"Blog\",\"item\":\"https:\\\/\\\/ericbourdon.fr\\\/art\\\/\"},{\"@type\":\"ListItem\",\"position\":3,\"name\":\"Galeries d\u2019art\",\"item\":\"https:\\\/\\\/ericbourdon.fr\\\/art\\\/categorie\\\/galeries-art\\\/\"},{\"@type\":\"ListItem\",\"position\":4,\"name\":\"Galerie Quai26 : photos et beaux livres\"}]},{\"@type\":\"WebSite\",\"@id\":\"https:\\\/\\\/ericbourdon.fr\\\/art\\\/#website\",\"url\":\"https:\\\/\\\/ericbourdon.fr\\\/art\\\/\",\"name\":\"Eric Bourdon, artiste peintre contemporain \u00e0 Lille | Blog\",\"description\":\"Peinture, dessin, arts et artistes... Actualit\u00e9s des galeries d&#039;art et expositions...\",\"publisher\":{\"@id\":\"https:\\\/\\\/ericbourdon.fr\\\/art\\\/#\\\/schema\\\/person\\\/35997829794ccb4ff3a33684da4769f6\"},\"potentialAction\":[{\"@type\":\"SearchAction\",\"target\":{\"@type\":\"EntryPoint\",\"urlTemplate\":\"https:\\\/\\\/ericbourdon.fr\\\/art\\\/?s={search_term_string}\"},\"query-input\":{\"@type\":\"PropertyValueSpecification\",\"valueRequired\":true,\"valueName\":\"search_term_string\"}}],\"inLanguage\":\"fr\"},{\"@type\":[\"Person\",\"Organization\"],\"@id\":\"https:\\\/\\\/ericbourdon.fr\\\/art\\\/#\\\/schema\\\/person\\\/35997829794ccb4ff3a33684da4769f6\",\"name\":\"Eric Bourdon\",\"image\":{\"@type\":\"ImageObject\",\"inLanguage\":\"fr\",\"@id\":\"https:\\\/\\\/ericbourdon.fr\\\/art\\\/wp-content\\\/uploads\\\/2021\\\/05\\\/eric-bourdon-artiste-peintre-francais-contemporain-lille-france.jpg\",\"url\":\"https:\\\/\\\/ericbourdon.fr\\\/art\\\/wp-content\\\/uploads\\\/2021\\\/05\\\/eric-bourdon-artiste-peintre-francais-contemporain-lille-france.jpg\",\"contentUrl\":\"https:\\\/\\\/ericbourdon.fr\\\/art\\\/wp-content\\\/uploads\\\/2021\\\/05\\\/eric-bourdon-artiste-peintre-francais-contemporain-lille-france.jpg\",\"width\":220,\"height\":220,\"caption\":\"Eric Bourdon\"},\"logo\":{\"@id\":\"https:\\\/\\\/ericbourdon.fr\\\/art\\\/wp-content\\\/uploads\\\/2021\\\/05\\\/eric-bourdon-artiste-peintre-francais-contemporain-lille-france.jpg\"},\"sameAs\":[\"https:\\\/\\\/ericbourdon.fr\\\/\",\"https:\\\/\\\/www.facebook.com\\\/ArtbyEricBourdon\\\/\",\"https:\\\/\\\/www.instagram.com\\\/eric.bourdon.art\\\/\",\"https:\\\/\\\/fr.linkedin.com\\\/in\\\/eric-bourdon\\\/fr\",\"https:\\\/\\\/www.pinterest.fr\\\/EricBourdonArt\\\/\",\"https:\\\/\\\/en.wikipedia.org\\\/wiki\\\/\u00c9ric_Bourdon\"]}]}<\/script>\n<!-- \/ Yoast SEO plugin. -->","yoast_head_json":{"title":"Galerie Quai26 : photos et beaux livres | Eric Bourdon","description":"Pr\u00e9sentation de la galerie Quai26, sur le blog d'Eric Bourdon. Premi\u00e8re galerie du Nord d\u00e9di\u00e9e \u00e0 la photographie et aux livres... sur la photo.","robots":{"index":"index","follow":"follow","max-snippet":"max-snippet:-1","max-image-preview":"max-image-preview:large","max-video-preview":"max-video-preview:-1"},"canonical":"https:\/\/ericbourdon.fr\/art\/2017\/10\/18\/galerie-quai26-photos-beaux-livres\/","og_type":"article","og_title":"Galerie Quai26 : photos et beaux livres | Eric Bourdon","og_description":"Pr\u00e9sentation de la galerie Quai26, sur le blog d'Eric Bourdon. Premi\u00e8re galerie du Nord d\u00e9di\u00e9e \u00e0 la photographie et aux livres... sur la photo.","og_url":"https:\/\/ericbourdon.fr\/art\/2017\/10\/18\/galerie-quai26-photos-beaux-livres\/","og_site_name":"Eric Bourdon, artiste peintre contemporain \u00e0 Lille | Blog","article_publisher":"https:\/\/www.facebook.com\/ArtbyEricBourdon\/","article_author":"https:\/\/www.facebook.com\/ArtbyEricBourdon\/","article_published_time":"2017-10-18T21:35:28+00:00","article_modified_time":"2022-08-27T16:18:05+00:00","og_image":[{"url":"https:\/\/ericbourdon.fr\/art\/wp-content\/uploads\/2017\/10\/galerie-quai26-lille-eric-bourdon.jpg","type":"","width":"","height":""}],"author":"Eric Bourdon","twitter_misc":{"Written by":"Eric Bourdon","Est. reading time":"2 minutes"},"schema":{"@context":"https:\/\/schema.org","@graph":[{"@type":"Article","@id":"https:\/\/ericbourdon.fr\/art\/2017\/10\/18\/galerie-quai26-photos-beaux-livres\/#article","isPartOf":{"@id":"https:\/\/ericbourdon.fr\/art\/2017\/10\/18\/galerie-quai26-photos-beaux-livres\/"},"author":{"name":"Eric Bourdon","@id":"https:\/\/ericbourdon.fr\/art\/#\/schema\/person\/35997829794ccb4ff3a33684da4769f6"},"headline":"Galerie Quai26 : photos et beaux livres","datePublished":"2017-10-18T21:35:28+00:00","dateModified":"2022-08-27T16:18:05+00:00","mainEntityOfPage":{"@id":"https:\/\/ericbourdon.fr\/art\/2017\/10\/18\/galerie-quai26-photos-beaux-livres\/"},"wordCount":260,"commentCount":0,"publisher":{"@id":"https:\/\/ericbourdon.fr\/art\/#\/schema\/person\/35997829794ccb4ff3a33684da4769f6"},"image":{"@id":"https:\/\/ericbourdon.fr\/art\/2017\/10\/18\/galerie-quai26-photos-beaux-livres\/#primaryimage"},"thumbnailUrl":"https:\/\/ericbourdon.fr\/art\/wp-content\/uploads\/2017\/10\/galerie-quai26-lille-eric-bourdon.jpg","articleSection":["Galeries d\u2019art","Photo"],"inLanguage":"fr","potentialAction":[{"@type":"CommentAction","name":"Comment","target":["https:\/\/ericbourdon.fr\/art\/2017\/10\/18\/galerie-quai26-photos-beaux-livres\/#respond"]}]},{"@type":"WebPage","@id":"https:\/\/ericbourdon.fr\/art\/2017\/10\/18\/galerie-quai26-photos-beaux-livres\/","url":"https:\/\/ericbourdon.fr\/art\/2017\/10\/18\/galerie-quai26-photos-beaux-livres\/","name":"Galerie Quai26 : photos et beaux livres | Eric Bourdon","isPartOf":{"@id":"https:\/\/ericbourdon.fr\/art\/#website"},"primaryImageOfPage":{"@id":"https:\/\/ericbourdon.fr\/art\/2017\/10\/18\/galerie-quai26-photos-beaux-livres\/#primaryimage"},"image":{"@id":"https:\/\/ericbourdon.fr\/art\/2017\/10\/18\/galerie-quai26-photos-beaux-livres\/#primaryimage"},"thumbnailUrl":"https:\/\/ericbourdon.fr\/art\/wp-content\/uploads\/2017\/10\/galerie-quai26-lille-eric-bourdon.jpg","datePublished":"2017-10-18T21:35:28+00:00","dateModified":"2022-08-27T16:18:05+00:00","description":"Pr\u00e9sentation de la galerie Quai26, sur le blog d'Eric Bourdon. Premi\u00e8re galerie du Nord d\u00e9di\u00e9e \u00e0 la photographie et aux livres... sur la photo.","breadcrumb":{"@id":"https:\/\/ericbourdon.fr\/art\/2017\/10\/18\/galerie-quai26-photos-beaux-livres\/#breadcrumb"},"inLanguage":"fr","potentialAction":[{"@type":"ReadAction","target":["https:\/\/ericbourdon.fr\/art\/2017\/10\/18\/galerie-quai26-photos-beaux-livres\/"]}]},{"@type":"ImageObject","inLanguage":"fr","@id":"https:\/\/ericbourdon.fr\/art\/2017\/10\/18\/galerie-quai26-photos-beaux-livres\/#primaryimage","url":"https:\/\/ericbourdon.fr\/art\/wp-content\/uploads\/2017\/10\/galerie-quai26-lille-eric-bourdon.jpg","contentUrl":"https:\/\/ericbourdon.fr\/art\/wp-content\/uploads\/2017\/10\/galerie-quai26-lille-eric-bourdon.jpg","width":440,"height":243,"caption":"galerie quai26 lille eric bourdon"},{"@type":"BreadcrumbList","@id":"https:\/\/ericbourdon.fr\/art\/2017\/10\/18\/galerie-quai26-photos-beaux-livres\/#breadcrumb","itemListElement":[{"@type":"ListItem","position":1,"name":"Eric Bourdon","item":"https:\/\/ericbourdon.fr"},{"@type":"ListItem","position":2,"name":"Blog","item":"https:\/\/ericbourdon.fr\/art\/"},{"@type":"ListItem","position":3,"name":"Galeries d\u2019art","item":"https:\/\/ericbourdon.fr\/art\/categorie\/galeries-art\/"},{"@type":"ListItem","position":4,"name":"Galerie Quai26 : photos et beaux livres"}]},{"@type":"WebSite","@id":"https:\/\/ericbourdon.fr\/art\/#website","url":"https:\/\/ericbourdon.fr\/art\/","name":"Eric Bourdon, artiste peintre contemporain \u00e0 Lille | Blog","description":"Peinture, dessin, arts et artistes... Actualit\u00e9s des galeries d&#039;art et expositions...","publisher":{"@id":"https:\/\/ericbourdon.fr\/art\/#\/schema\/person\/35997829794ccb4ff3a33684da4769f6"},"potentialAction":[{"@type":"SearchAction","target":{"@type":"EntryPoint","urlTemplate":"https:\/\/ericbourdon.fr\/art\/?s={search_term_string}"},"query-input":{"@type":"PropertyValueSpecification","valueRequired":true,"valueName":"search_term_string"}}],"inLanguage":"fr"},{"@type":["Person","Organization"],"@id":"https:\/\/ericbourdon.fr\/art\/#\/schema\/person\/35997829794ccb4ff3a33684da4769f6","name":"Eric Bourdon","image":{"@type":"ImageObject","inLanguage":"fr","@id":"https:\/\/ericbourdon.fr\/art\/wp-content\/uploads\/2021\/05\/eric-bourdon-artiste-peintre-francais-contemporain-lille-france.jpg","url":"https:\/\/ericbourdon.fr\/art\/wp-content\/uploads\/2021\/05\/eric-bourdon-artiste-peintre-francais-contemporain-lille-france.jpg","contentUrl":"https:\/\/ericbourdon.fr\/art\/wp-content\/uploads\/2021\/05\/eric-bourdon-artiste-peintre-francais-contemporain-lille-france.jpg","width":220,"height":220,"caption":"Eric Bourdon"},"logo":{"@id":"https:\/\/ericbourdon.fr\/art\/wp-content\/uploads\/2021\/05\/eric-bourdon-artiste-peintre-francais-contemporain-lille-france.jpg"},"sameAs":["https:\/\/ericbourdon.fr\/","https:\/\/www.facebook.com\/ArtbyEricBourdon\/","https:\/\/www.instagram.com\/eric.bourdon.art\/","https:\/\/fr.linkedin.com\/in\/eric-bourdon\/fr","https:\/\/www.pinterest.fr\/EricBourdonArt\/","https:\/\/en.wikipedia.org\/wiki\/\u00c9ric_Bourdon"]}]}},"_links":{"self":[{"href":"https:\/\/ericbourdon.fr\/art\/wp-json\/wp\/v2\/posts\/8731","targetHints":{"allow":["GET"]}}],"collection":[{"href":"https:\/\/ericbourdon.fr\/art\/wp-json\/wp\/v2\/posts"}],"about":[{"href":"https:\/\/ericbourdon.fr\/art\/wp-json\/wp\/v2\/types\/post"}],"author":[{"embeddable":true,"href":"https:\/\/ericbourdon.fr\/art\/wp-json\/wp\/v2\/users\/67"}],"replies":[{"embeddable":true,"href":"https:\/\/ericbourdon.fr\/art\/wp-json\/wp\/v2\/comments?post=8731"}],"version-history":[{"count":2,"href":"https:\/\/ericbourdon.fr\/art\/wp-json\/wp\/v2\/posts\/8731\/revisions"}],"predecessor-version":[{"id":13906,"href":"https:\/\/ericbourdon.fr\/art\/wp-json\/wp\/v2\/posts\/8731\/revisions\/13906"}],"wp:attachment":[{"href":"https:\/\/ericbourdon.fr\/art\/wp-json\/wp\/v2\/media?parent=8731"}],"wp:term":[{"taxonomy":"category","embeddable":true,"href":"https:\/\/ericbourdon.fr\/art\/wp-json\/wp\/v2\/categories?post=8731"},{"taxonomy":"post_tag","embeddable":true,"href":"https:\/\/ericbourdon.fr\/art\/wp-json\/wp\/v2\/tags?post=8731"}],"curies":[{"name":"wp","href":"https:\/\/api.w.org\/{rel}","templated":true}]}}