{"id":9151,"date":"2017-11-12T23:42:54","date_gmt":"2017-11-12T22:42:54","guid":{"rendered":"https:\/\/ericbourdon.fr\/art\/?p=9151"},"modified":"2022-08-27T16:48:01","modified_gmt":"2022-08-27T15:48:01","slug":"lartis-arts-visuels-quebec","status":"publish","type":"post","link":"https:\/\/ericbourdon.fr\/art\/2017\/11\/12\/lartis-arts-visuels-quebec\/","title":{"rendered":"LARTIS &#8211; Les arts visuels au Qu\u00e9bec"},"content":{"rendered":"<p><img loading=\"lazy\" decoding=\"async\" class=\"alignnone size-full wp-image-9152\" src=\"https:\/\/ericbourdon.fr\/art\/wp-content\/uploads\/2017\/11\/lartis-arts-visuels-eric-bourdon.jpg\" alt=\"lartis arts visuels eric bourdon\" width=\"440\" height=\"223\" srcset=\"https:\/\/ericbourdon.fr\/art\/wp-content\/uploads\/2017\/11\/lartis-arts-visuels-eric-bourdon.jpg 440w, https:\/\/ericbourdon.fr\/art\/wp-content\/uploads\/2017\/11\/lartis-arts-visuels-eric-bourdon-150x76.jpg 150w, https:\/\/ericbourdon.fr\/art\/wp-content\/uploads\/2017\/11\/lartis-arts-visuels-eric-bourdon-300x152.jpg 300w\" sizes=\"auto, (max-width: 440px) 100vw, 440px\" \/><\/p>\n<div style=\"text-align: center;\">&nbsp;<\/div>\n<p style=\"text-align: center;\"><a href=\"https:\/\/lartis.ca\/arts-visuels\/\" target=\"_blank\" rel=\"noopener\">l a r t i s . c a<\/a><\/p>\n<div style=\"text-align: center;\">&nbsp;<\/div>\n<div style=\"text-align: center;\">&nbsp;<\/div>\n<p style=\"text-align: justify;\">&nbsp;&nbsp;&nbsp;&nbsp;&nbsp;Direction le Qu\u00e9bec avec LARTIS, le site du magazine papier <em>L&#8217;Artis<\/em>, qui se donne pour mission de <em>promouvoir les jeunes artistes et artistes \u00e9mergents de toutes disciplines<\/em>. LARTIS, un site dont la forme va changer prochainement, offre en version num\u00e9rique quelques articles de la version imprim\u00e9e, une publication que l&#8217;on trouve du c\u00f4t\u00e9 de Victoriaville, entre Qu\u00e9bec et Montr\u00e9al.<\/p>\n<p><!--more--><\/p>\n<div style=\"text-align: center;\">&nbsp;<\/div>\n<p style=\"text-align: justify;\">&nbsp;&nbsp;&nbsp;&nbsp;&nbsp;LARTIS met en lumi\u00e8re la cr\u00e9ation contemporaine au Qu\u00e9bec, que ce soit les arts visuels, la litt\u00e9rature, la musique ou le cin\u00e9ma. Avec par exemple ces quelques articles de qualit\u00e9 que vous trouverez dans la section <em>Arts Visuels<\/em> de LARTIS&#8230;<\/p>\n<div style=\"text-align: center;\">&nbsp;<\/div>\n<div style=\"text-align: center;\">&nbsp;<\/div>\n<p style=\"text-align: justify;\">AU GR\u00c9 DU COURANT<br \/>\nAvec Jennifer H\u00e9lie, peintre<br \/>\n<em>C\u2019est sur un bateau, le Barbizon, que Jennifer H\u00e9lie puise l\u2019inspiration pour ses \u0153uvres. Nous nous sommes rendus \u00e0 la rivi\u00e8re Saint-Fran\u00e7ois pour en savoir plus au sujet du parcours unique de cette amoureuse du <a href=\"https:\/\/ericbourdon.fr\/art\/2017\/10\/15\/la-grenouillere-pierre-auguste-renoir\/\" target=\"_blank\" rel=\"noopener\">mouvement impressionniste<\/a>.<\/em><\/p>\n<p style=\"text-align: justify;\">ENTRER DANS LE PAYSAGE<br \/>\nAvec Denis et Sylvain Nadeau, peintres<br \/>\n<em>Une r\u00e9gion, c\u2019est une s\u00e9rie de lieux dont on ne remarque plus vraiment la beaut\u00e9 lorsqu\u2019ils nous sont familiers. Avec <\/em>Marcher le paysage<em>, Denis Nadeau partage des bribes de son \u00e9merveillement devant certains de ces endroits.<\/em><\/p>\n<p style=\"text-align: justify;\">DES MONSTRES PLEIN LA T\u00caTE<br \/>\nAvec F\u00e9lix LaFlamme, illustrateur<br \/>\n<em>Derri\u00e8re chaque grand zombie se cache un grand artiste, se dit-on en discutant avec F\u00e9lix LaFlamme. Le jeune illustrateur drummondvillois se sp\u00e9cialise dans les squelettes et autres monstres sur lesquels il peut faire d\u00e9gouliner un peu de glu verte. \u00c7a fait partie de sa signature unique, qui l\u2019a fait conna\u00eetre partout sur la plan\u00e8te.<\/em><\/p>\n<p style=\"text-align: justify;\">QU\u2019EST-CE QU\u2019UN ARTISTE ? TELLE EST LA QUESTION !<br \/>\nAvec Laurence N. B\u00e9land, artiste conceptuelle contemporaine<br \/>\n<em>Laurence N. B\u00e9land en a visit\u00e9 des salles de diffusion. Sa feuille de route compte 8 expositions solos, 1 r\u00e9sidence d\u2019artiste, 1 exposition en duo et 21 expositions collectives. Pas mal pour une artiste de 25 ans !<\/em><\/p>\n<p>&nbsp;<\/p>\n<p style=\"text-align: center;\">Vous retrouverez LARTIS sur Facebook pour les toutes derni\u00e8res actualit\u00e9s sur le d\u00e9veloppement du site et du magazine : <a href=\"https:\/\/www.facebook.com\/lartismag\/\" target=\"_blank\" rel=\"noopener\">facebook.com\/lartismag<\/a><\/p>\n<p>&nbsp;<\/p>\n","protected":false},"excerpt":{"rendered":"<p>&nbsp; l a r t i s . c a &nbsp; &nbsp; &nbsp;&nbsp;&nbsp;&nbsp;&nbsp;Direction le Qu\u00e9bec avec LARTIS, le site du magazine papier L&#8217;Artis, qui se donne pour mission de promouvoir les jeunes artistes et artistes \u00e9mergents de toutes disciplines. LARTIS, un site dont la forme va changer prochainement, offre en version num\u00e9rique quelques articles de [&hellip;]<\/p>\n","protected":false},"author":67,"featured_media":0,"comment_status":"open","ping_status":"closed","sticky":false,"template":"","format":"standard","meta":{"footnotes":""},"categories":[1],"tags":[],"class_list":["post-9151","post","type-post","status-publish","format-standard","hentry","category-divers"],"yoast_head":"<!-- This site is optimized with the Yoast SEO plugin v27.4 - https:\/\/yoast.com\/product\/yoast-seo-wordpress\/ -->\n<title>LARTIS - Les arts visuels au Qu\u00e9bec | Eric Bourdon<\/title>\n<meta name=\"description\" content=\"Direction le Qu\u00e9bec avec LARTIS, sur le blog d&#039;Eric Bourdon. La version web du magazine papier L\u2019Artis r\u00e9v\u00e8le l&#039;art et les artistes contemporains du Qu\u00e9bec.\" \/>\n<meta name=\"robots\" content=\"index, follow, max-snippet:-1, max-image-preview:large, max-video-preview:-1\" \/>\n<link rel=\"canonical\" href=\"https:\/\/ericbourdon.fr\/art\/2017\/11\/12\/lartis-arts-visuels-quebec\/\" \/>\n<meta property=\"og:type\" content=\"article\" \/>\n<meta property=\"og:title\" content=\"LARTIS - Les arts visuels au Qu\u00e9bec | Eric Bourdon\" \/>\n<meta property=\"og:description\" content=\"Direction le Qu\u00e9bec avec LARTIS, sur le blog d&#039;Eric Bourdon. La version web du magazine papier L\u2019Artis r\u00e9v\u00e8le l&#039;art et les artistes contemporains du Qu\u00e9bec.\" \/>\n<meta property=\"og:url\" content=\"https:\/\/ericbourdon.fr\/art\/2017\/11\/12\/lartis-arts-visuels-quebec\/\" \/>\n<meta property=\"og:site_name\" content=\"Eric Bourdon, artiste peintre contemporain \u00e0 Lille | Blog\" \/>\n<meta property=\"article:publisher\" content=\"https:\/\/www.facebook.com\/ArtbyEricBourdon\/\" \/>\n<meta property=\"article:author\" content=\"https:\/\/www.facebook.com\/ArtbyEricBourdon\/\" \/>\n<meta property=\"article:published_time\" content=\"2017-11-12T22:42:54+00:00\" \/>\n<meta property=\"article:modified_time\" content=\"2022-08-27T15:48:01+00:00\" \/>\n<meta property=\"og:image\" content=\"https:\/\/ericbourdon.fr\/art\/wp-content\/uploads\/2017\/11\/lartis-arts-visuels-eric-bourdon.jpg\" \/>\n<meta name=\"author\" content=\"Eric Bourdon\" \/>\n<meta name=\"twitter:label1\" content=\"Written by\" \/>\n\t<meta name=\"twitter:data1\" content=\"Eric Bourdon\" \/>\n\t<meta name=\"twitter:label2\" content=\"Est. reading time\" \/>\n\t<meta name=\"twitter:data2\" content=\"2 minutes\" \/>\n<script type=\"application\/ld+json\" class=\"yoast-schema-graph\">{\"@context\":\"https:\\\/\\\/schema.org\",\"@graph\":[{\"@type\":\"Article\",\"@id\":\"https:\\\/\\\/ericbourdon.fr\\\/art\\\/2017\\\/11\\\/12\\\/lartis-arts-visuels-quebec\\\/#article\",\"isPartOf\":{\"@id\":\"https:\\\/\\\/ericbourdon.fr\\\/art\\\/2017\\\/11\\\/12\\\/lartis-arts-visuels-quebec\\\/\"},\"author\":{\"name\":\"Eric Bourdon\",\"@id\":\"https:\\\/\\\/ericbourdon.fr\\\/art\\\/#\\\/schema\\\/person\\\/35997829794ccb4ff3a33684da4769f6\"},\"headline\":\"LARTIS &#8211; Les arts visuels au Qu\u00e9bec\",\"datePublished\":\"2017-11-12T22:42:54+00:00\",\"dateModified\":\"2022-08-27T15:48:01+00:00\",\"mainEntityOfPage\":{\"@id\":\"https:\\\/\\\/ericbourdon.fr\\\/art\\\/2017\\\/11\\\/12\\\/lartis-arts-visuels-quebec\\\/\"},\"wordCount\":394,\"commentCount\":0,\"publisher\":{\"@id\":\"https:\\\/\\\/ericbourdon.fr\\\/art\\\/#\\\/schema\\\/person\\\/35997829794ccb4ff3a33684da4769f6\"},\"image\":{\"@id\":\"https:\\\/\\\/ericbourdon.fr\\\/art\\\/2017\\\/11\\\/12\\\/lartis-arts-visuels-quebec\\\/#primaryimage\"},\"thumbnailUrl\":\"https:\\\/\\\/ericbourdon.fr\\\/art\\\/wp-content\\\/uploads\\\/2017\\\/11\\\/lartis-arts-visuels-eric-bourdon.jpg\",\"articleSection\":[\"Divers\"],\"inLanguage\":\"fr\",\"potentialAction\":[{\"@type\":\"CommentAction\",\"name\":\"Comment\",\"target\":[\"https:\\\/\\\/ericbourdon.fr\\\/art\\\/2017\\\/11\\\/12\\\/lartis-arts-visuels-quebec\\\/#respond\"]}]},{\"@type\":\"WebPage\",\"@id\":\"https:\\\/\\\/ericbourdon.fr\\\/art\\\/2017\\\/11\\\/12\\\/lartis-arts-visuels-quebec\\\/\",\"url\":\"https:\\\/\\\/ericbourdon.fr\\\/art\\\/2017\\\/11\\\/12\\\/lartis-arts-visuels-quebec\\\/\",\"name\":\"LARTIS - Les arts visuels au Qu\u00e9bec | Eric Bourdon\",\"isPartOf\":{\"@id\":\"https:\\\/\\\/ericbourdon.fr\\\/art\\\/#website\"},\"primaryImageOfPage\":{\"@id\":\"https:\\\/\\\/ericbourdon.fr\\\/art\\\/2017\\\/11\\\/12\\\/lartis-arts-visuels-quebec\\\/#primaryimage\"},\"image\":{\"@id\":\"https:\\\/\\\/ericbourdon.fr\\\/art\\\/2017\\\/11\\\/12\\\/lartis-arts-visuels-quebec\\\/#primaryimage\"},\"thumbnailUrl\":\"https:\\\/\\\/ericbourdon.fr\\\/art\\\/wp-content\\\/uploads\\\/2017\\\/11\\\/lartis-arts-visuels-eric-bourdon.jpg\",\"datePublished\":\"2017-11-12T22:42:54+00:00\",\"dateModified\":\"2022-08-27T15:48:01+00:00\",\"description\":\"Direction le Qu\u00e9bec avec LARTIS, sur le blog d'Eric Bourdon. La version web du magazine papier L\u2019Artis r\u00e9v\u00e8le l'art et les artistes contemporains du Qu\u00e9bec.\",\"breadcrumb\":{\"@id\":\"https:\\\/\\\/ericbourdon.fr\\\/art\\\/2017\\\/11\\\/12\\\/lartis-arts-visuels-quebec\\\/#breadcrumb\"},\"inLanguage\":\"fr\",\"potentialAction\":[{\"@type\":\"ReadAction\",\"target\":[\"https:\\\/\\\/ericbourdon.fr\\\/art\\\/2017\\\/11\\\/12\\\/lartis-arts-visuels-quebec\\\/\"]}]},{\"@type\":\"ImageObject\",\"inLanguage\":\"fr\",\"@id\":\"https:\\\/\\\/ericbourdon.fr\\\/art\\\/2017\\\/11\\\/12\\\/lartis-arts-visuels-quebec\\\/#primaryimage\",\"url\":\"https:\\\/\\\/ericbourdon.fr\\\/art\\\/wp-content\\\/uploads\\\/2017\\\/11\\\/lartis-arts-visuels-eric-bourdon.jpg\",\"contentUrl\":\"https:\\\/\\\/ericbourdon.fr\\\/art\\\/wp-content\\\/uploads\\\/2017\\\/11\\\/lartis-arts-visuels-eric-bourdon.jpg\",\"width\":440,\"height\":223,\"caption\":\"lartis arts visuels eric bourdon\"},{\"@type\":\"BreadcrumbList\",\"@id\":\"https:\\\/\\\/ericbourdon.fr\\\/art\\\/2017\\\/11\\\/12\\\/lartis-arts-visuels-quebec\\\/#breadcrumb\",\"itemListElement\":[{\"@type\":\"ListItem\",\"position\":1,\"name\":\"Eric Bourdon\",\"item\":\"https:\\\/\\\/ericbourdon.fr\"},{\"@type\":\"ListItem\",\"position\":2,\"name\":\"Blog\",\"item\":\"https:\\\/\\\/ericbourdon.fr\\\/art\\\/\"},{\"@type\":\"ListItem\",\"position\":3,\"name\":\"Divers\",\"item\":\"https:\\\/\\\/ericbourdon.fr\\\/art\\\/categorie\\\/divers\\\/\"},{\"@type\":\"ListItem\",\"position\":4,\"name\":\"LARTIS &#8211; Les arts visuels au Qu\u00e9bec\"}]},{\"@type\":\"WebSite\",\"@id\":\"https:\\\/\\\/ericbourdon.fr\\\/art\\\/#website\",\"url\":\"https:\\\/\\\/ericbourdon.fr\\\/art\\\/\",\"name\":\"Eric Bourdon, artiste peintre contemporain \u00e0 Lille | Blog\",\"description\":\"Peinture, dessin, arts et artistes... Actualit\u00e9s des galeries d&#039;art et expositions...\",\"publisher\":{\"@id\":\"https:\\\/\\\/ericbourdon.fr\\\/art\\\/#\\\/schema\\\/person\\\/35997829794ccb4ff3a33684da4769f6\"},\"potentialAction\":[{\"@type\":\"SearchAction\",\"target\":{\"@type\":\"EntryPoint\",\"urlTemplate\":\"https:\\\/\\\/ericbourdon.fr\\\/art\\\/?s={search_term_string}\"},\"query-input\":{\"@type\":\"PropertyValueSpecification\",\"valueRequired\":true,\"valueName\":\"search_term_string\"}}],\"inLanguage\":\"fr\"},{\"@type\":[\"Person\",\"Organization\"],\"@id\":\"https:\\\/\\\/ericbourdon.fr\\\/art\\\/#\\\/schema\\\/person\\\/35997829794ccb4ff3a33684da4769f6\",\"name\":\"Eric Bourdon\",\"image\":{\"@type\":\"ImageObject\",\"inLanguage\":\"fr\",\"@id\":\"https:\\\/\\\/ericbourdon.fr\\\/art\\\/wp-content\\\/uploads\\\/2021\\\/05\\\/eric-bourdon-artiste-peintre-francais-contemporain-lille-france.jpg\",\"url\":\"https:\\\/\\\/ericbourdon.fr\\\/art\\\/wp-content\\\/uploads\\\/2021\\\/05\\\/eric-bourdon-artiste-peintre-francais-contemporain-lille-france.jpg\",\"contentUrl\":\"https:\\\/\\\/ericbourdon.fr\\\/art\\\/wp-content\\\/uploads\\\/2021\\\/05\\\/eric-bourdon-artiste-peintre-francais-contemporain-lille-france.jpg\",\"width\":220,\"height\":220,\"caption\":\"Eric Bourdon\"},\"logo\":{\"@id\":\"https:\\\/\\\/ericbourdon.fr\\\/art\\\/wp-content\\\/uploads\\\/2021\\\/05\\\/eric-bourdon-artiste-peintre-francais-contemporain-lille-france.jpg\"},\"sameAs\":[\"https:\\\/\\\/ericbourdon.fr\\\/\",\"https:\\\/\\\/www.facebook.com\\\/ArtbyEricBourdon\\\/\",\"https:\\\/\\\/www.instagram.com\\\/eric.bourdon.art\\\/\",\"https:\\\/\\\/fr.linkedin.com\\\/in\\\/eric-bourdon\\\/fr\",\"https:\\\/\\\/www.pinterest.fr\\\/EricBourdonArt\\\/\",\"https:\\\/\\\/en.wikipedia.org\\\/wiki\\\/\u00c9ric_Bourdon\"]}]}<\/script>\n<!-- \/ Yoast SEO plugin. -->","yoast_head_json":{"title":"LARTIS - Les arts visuels au Qu\u00e9bec | Eric Bourdon","description":"Direction le Qu\u00e9bec avec LARTIS, sur le blog d'Eric Bourdon. La version web du magazine papier L\u2019Artis r\u00e9v\u00e8le l'art et les artistes contemporains du Qu\u00e9bec.","robots":{"index":"index","follow":"follow","max-snippet":"max-snippet:-1","max-image-preview":"max-image-preview:large","max-video-preview":"max-video-preview:-1"},"canonical":"https:\/\/ericbourdon.fr\/art\/2017\/11\/12\/lartis-arts-visuels-quebec\/","og_type":"article","og_title":"LARTIS - Les arts visuels au Qu\u00e9bec | Eric Bourdon","og_description":"Direction le Qu\u00e9bec avec LARTIS, sur le blog d'Eric Bourdon. La version web du magazine papier L\u2019Artis r\u00e9v\u00e8le l'art et les artistes contemporains du Qu\u00e9bec.","og_url":"https:\/\/ericbourdon.fr\/art\/2017\/11\/12\/lartis-arts-visuels-quebec\/","og_site_name":"Eric Bourdon, artiste peintre contemporain \u00e0 Lille | Blog","article_publisher":"https:\/\/www.facebook.com\/ArtbyEricBourdon\/","article_author":"https:\/\/www.facebook.com\/ArtbyEricBourdon\/","article_published_time":"2017-11-12T22:42:54+00:00","article_modified_time":"2022-08-27T15:48:01+00:00","og_image":[{"url":"https:\/\/ericbourdon.fr\/art\/wp-content\/uploads\/2017\/11\/lartis-arts-visuels-eric-bourdon.jpg","type":"","width":"","height":""}],"author":"Eric Bourdon","twitter_misc":{"Written by":"Eric Bourdon","Est. reading time":"2 minutes"},"schema":{"@context":"https:\/\/schema.org","@graph":[{"@type":"Article","@id":"https:\/\/ericbourdon.fr\/art\/2017\/11\/12\/lartis-arts-visuels-quebec\/#article","isPartOf":{"@id":"https:\/\/ericbourdon.fr\/art\/2017\/11\/12\/lartis-arts-visuels-quebec\/"},"author":{"name":"Eric Bourdon","@id":"https:\/\/ericbourdon.fr\/art\/#\/schema\/person\/35997829794ccb4ff3a33684da4769f6"},"headline":"LARTIS &#8211; Les arts visuels au Qu\u00e9bec","datePublished":"2017-11-12T22:42:54+00:00","dateModified":"2022-08-27T15:48:01+00:00","mainEntityOfPage":{"@id":"https:\/\/ericbourdon.fr\/art\/2017\/11\/12\/lartis-arts-visuels-quebec\/"},"wordCount":394,"commentCount":0,"publisher":{"@id":"https:\/\/ericbourdon.fr\/art\/#\/schema\/person\/35997829794ccb4ff3a33684da4769f6"},"image":{"@id":"https:\/\/ericbourdon.fr\/art\/2017\/11\/12\/lartis-arts-visuels-quebec\/#primaryimage"},"thumbnailUrl":"https:\/\/ericbourdon.fr\/art\/wp-content\/uploads\/2017\/11\/lartis-arts-visuels-eric-bourdon.jpg","articleSection":["Divers"],"inLanguage":"fr","potentialAction":[{"@type":"CommentAction","name":"Comment","target":["https:\/\/ericbourdon.fr\/art\/2017\/11\/12\/lartis-arts-visuels-quebec\/#respond"]}]},{"@type":"WebPage","@id":"https:\/\/ericbourdon.fr\/art\/2017\/11\/12\/lartis-arts-visuels-quebec\/","url":"https:\/\/ericbourdon.fr\/art\/2017\/11\/12\/lartis-arts-visuels-quebec\/","name":"LARTIS - Les arts visuels au Qu\u00e9bec | Eric Bourdon","isPartOf":{"@id":"https:\/\/ericbourdon.fr\/art\/#website"},"primaryImageOfPage":{"@id":"https:\/\/ericbourdon.fr\/art\/2017\/11\/12\/lartis-arts-visuels-quebec\/#primaryimage"},"image":{"@id":"https:\/\/ericbourdon.fr\/art\/2017\/11\/12\/lartis-arts-visuels-quebec\/#primaryimage"},"thumbnailUrl":"https:\/\/ericbourdon.fr\/art\/wp-content\/uploads\/2017\/11\/lartis-arts-visuels-eric-bourdon.jpg","datePublished":"2017-11-12T22:42:54+00:00","dateModified":"2022-08-27T15:48:01+00:00","description":"Direction le Qu\u00e9bec avec LARTIS, sur le blog d'Eric Bourdon. La version web du magazine papier L\u2019Artis r\u00e9v\u00e8le l'art et les artistes contemporains du Qu\u00e9bec.","breadcrumb":{"@id":"https:\/\/ericbourdon.fr\/art\/2017\/11\/12\/lartis-arts-visuels-quebec\/#breadcrumb"},"inLanguage":"fr","potentialAction":[{"@type":"ReadAction","target":["https:\/\/ericbourdon.fr\/art\/2017\/11\/12\/lartis-arts-visuels-quebec\/"]}]},{"@type":"ImageObject","inLanguage":"fr","@id":"https:\/\/ericbourdon.fr\/art\/2017\/11\/12\/lartis-arts-visuels-quebec\/#primaryimage","url":"https:\/\/ericbourdon.fr\/art\/wp-content\/uploads\/2017\/11\/lartis-arts-visuels-eric-bourdon.jpg","contentUrl":"https:\/\/ericbourdon.fr\/art\/wp-content\/uploads\/2017\/11\/lartis-arts-visuels-eric-bourdon.jpg","width":440,"height":223,"caption":"lartis arts visuels eric bourdon"},{"@type":"BreadcrumbList","@id":"https:\/\/ericbourdon.fr\/art\/2017\/11\/12\/lartis-arts-visuels-quebec\/#breadcrumb","itemListElement":[{"@type":"ListItem","position":1,"name":"Eric Bourdon","item":"https:\/\/ericbourdon.fr"},{"@type":"ListItem","position":2,"name":"Blog","item":"https:\/\/ericbourdon.fr\/art\/"},{"@type":"ListItem","position":3,"name":"Divers","item":"https:\/\/ericbourdon.fr\/art\/categorie\/divers\/"},{"@type":"ListItem","position":4,"name":"LARTIS &#8211; Les arts visuels au Qu\u00e9bec"}]},{"@type":"WebSite","@id":"https:\/\/ericbourdon.fr\/art\/#website","url":"https:\/\/ericbourdon.fr\/art\/","name":"Eric Bourdon, artiste peintre contemporain \u00e0 Lille | Blog","description":"Peinture, dessin, arts et artistes... Actualit\u00e9s des galeries d&#039;art et expositions...","publisher":{"@id":"https:\/\/ericbourdon.fr\/art\/#\/schema\/person\/35997829794ccb4ff3a33684da4769f6"},"potentialAction":[{"@type":"SearchAction","target":{"@type":"EntryPoint","urlTemplate":"https:\/\/ericbourdon.fr\/art\/?s={search_term_string}"},"query-input":{"@type":"PropertyValueSpecification","valueRequired":true,"valueName":"search_term_string"}}],"inLanguage":"fr"},{"@type":["Person","Organization"],"@id":"https:\/\/ericbourdon.fr\/art\/#\/schema\/person\/35997829794ccb4ff3a33684da4769f6","name":"Eric Bourdon","image":{"@type":"ImageObject","inLanguage":"fr","@id":"https:\/\/ericbourdon.fr\/art\/wp-content\/uploads\/2021\/05\/eric-bourdon-artiste-peintre-francais-contemporain-lille-france.jpg","url":"https:\/\/ericbourdon.fr\/art\/wp-content\/uploads\/2021\/05\/eric-bourdon-artiste-peintre-francais-contemporain-lille-france.jpg","contentUrl":"https:\/\/ericbourdon.fr\/art\/wp-content\/uploads\/2021\/05\/eric-bourdon-artiste-peintre-francais-contemporain-lille-france.jpg","width":220,"height":220,"caption":"Eric Bourdon"},"logo":{"@id":"https:\/\/ericbourdon.fr\/art\/wp-content\/uploads\/2021\/05\/eric-bourdon-artiste-peintre-francais-contemporain-lille-france.jpg"},"sameAs":["https:\/\/ericbourdon.fr\/","https:\/\/www.facebook.com\/ArtbyEricBourdon\/","https:\/\/www.instagram.com\/eric.bourdon.art\/","https:\/\/fr.linkedin.com\/in\/eric-bourdon\/fr","https:\/\/www.pinterest.fr\/EricBourdonArt\/","https:\/\/en.wikipedia.org\/wiki\/\u00c9ric_Bourdon"]}]}},"_links":{"self":[{"href":"https:\/\/ericbourdon.fr\/art\/wp-json\/wp\/v2\/posts\/9151","targetHints":{"allow":["GET"]}}],"collection":[{"href":"https:\/\/ericbourdon.fr\/art\/wp-json\/wp\/v2\/posts"}],"about":[{"href":"https:\/\/ericbourdon.fr\/art\/wp-json\/wp\/v2\/types\/post"}],"author":[{"embeddable":true,"href":"https:\/\/ericbourdon.fr\/art\/wp-json\/wp\/v2\/users\/67"}],"replies":[{"embeddable":true,"href":"https:\/\/ericbourdon.fr\/art\/wp-json\/wp\/v2\/comments?post=9151"}],"version-history":[{"count":3,"href":"https:\/\/ericbourdon.fr\/art\/wp-json\/wp\/v2\/posts\/9151\/revisions"}],"predecessor-version":[{"id":13903,"href":"https:\/\/ericbourdon.fr\/art\/wp-json\/wp\/v2\/posts\/9151\/revisions\/13903"}],"wp:attachment":[{"href":"https:\/\/ericbourdon.fr\/art\/wp-json\/wp\/v2\/media?parent=9151"}],"wp:term":[{"taxonomy":"category","embeddable":true,"href":"https:\/\/ericbourdon.fr\/art\/wp-json\/wp\/v2\/categories?post=9151"},{"taxonomy":"post_tag","embeddable":true,"href":"https:\/\/ericbourdon.fr\/art\/wp-json\/wp\/v2\/tags?post=9151"}],"curies":[{"name":"wp","href":"https:\/\/api.w.org\/{rel}","templated":true}]}}