{"id":9672,"date":"2018-03-06T23:24:11","date_gmt":"2018-03-06T22:24:11","guid":{"rendered":"https:\/\/ericbourdon.fr\/art\/?p=9672"},"modified":"2022-08-16T17:46:18","modified_gmt":"2022-08-16T16:46:18","slug":"exposition-jim-colorex-atelier-a3-lille-eric-bourdon","status":"publish","type":"post","link":"https:\/\/ericbourdon.fr\/art\/2018\/03\/06\/exposition-jim-colorex-atelier-a3-lille-eric-bourdon\/","title":{"rendered":"Exposition Jim Colorex \u00e0 l&#8217;Atelier A3, Lille"},"content":{"rendered":"<p><img loading=\"lazy\" decoding=\"async\" class=\"aligncenter size-full wp-image-9673\" src=\"https:\/\/ericbourdon.fr\/art\/wp-content\/uploads\/2018\/03\/exposition-jim-colorex-atelier-a3-lille-eric-bourdon.jpg\" alt=\"exposition jim colorex atelier a3 lille eric bourdon\" width=\"440\" height=\"450\" srcset=\"https:\/\/ericbourdon.fr\/art\/wp-content\/uploads\/2018\/03\/exposition-jim-colorex-atelier-a3-lille-eric-bourdon.jpg 440w, https:\/\/ericbourdon.fr\/art\/wp-content\/uploads\/2018\/03\/exposition-jim-colorex-atelier-a3-lille-eric-bourdon-147x150.jpg 147w, https:\/\/ericbourdon.fr\/art\/wp-content\/uploads\/2018\/03\/exposition-jim-colorex-atelier-a3-lille-eric-bourdon-293x300.jpg 293w\" sizes=\"auto, (max-width: 440px) 100vw, 440px\" \/><\/p>\n<div style=\"text-align: center;\">&nbsp;<\/div>\n<p style=\"text-align: justify;\">&nbsp;&nbsp;&nbsp;&nbsp;&nbsp;Voil\u00e0 maintenant 30 ans qu&#8217;Emmanuel Fallet, alias Jim Colorex, exerce ses talents de peintre, d\u00e9corateur, illustrateur, notamment dans les registres mythologiques et f\u00e9eriques. \u00c0 cette occasion, venez d\u00e9couvrir un panel de ses r\u00e9alisations r\u00e9centes \u00e0 l&#8217;<em>Atelier A3<\/em> du vendredi 9 au samedi 17 mars \u00e0 Lille. Une opportunit\u00e9 rare de voir r\u00e9unies une cinquantaine d&#8217;\u0153uvres de l&#8217;artiste&nbsp;!<\/p>\n<p><!--more--><\/p>\n<div style=\"text-align: center;\">&nbsp;<\/div>\n<p style=\"text-align: justify;\">&nbsp;&nbsp;&nbsp;&nbsp;&nbsp;<em>J&#8217;ai commenc\u00e9 \u00e0 peindre, <\/em>\u00e9crit Jim Colorex sur son site www.jim-colorex.com, <em>des tableaux depuis 1998 <\/em>[apr\u00e8s s&#8217;\u00eatre longtemps exerc\u00e9 en autodidacte \u00e0 la peinture d\u00e9corative, fresques, d\u00e9cors, trompe-l&#8217;oeil&#8230;]. <em>Depuis, cette aventure personnelle est jalonn\u00e9e de nombreuses expositions dans le Nord et en Bretagne.<\/em><\/p>\n<p style=\"text-align: justify;\"><em>&nbsp;&nbsp;&nbsp;&nbsp;&nbsp;Passionn\u00e9 d&#8217;imaginaire, les contes et l\u00e9gendes, la culture celtique, alli\u00e9s \u00e0 l&#8217;amour de la nature, ont trouv\u00e9 \u00e9cho en mon c\u0153ur et mon esprit. C&#8217;est donc ce contexte qui conduit ma cr\u00e9ation pr\u00e9sente et \u00e0 venir, dans l&#8217;espoir de vous emmener en l&#8217;autre rive&#8230;<\/em><\/p>\n<p>&nbsp;<\/p>\n<p style=\"text-align: center;\"><strong>Vernissage le vendredi 9 mars \u00e0 19h00<\/strong><\/p>\n<p>&nbsp;<\/p>\n<p style=\"text-align: justify;\">&nbsp;&nbsp;&nbsp;&nbsp;&nbsp;L&#8217;<em>Atelier A3<\/em> se trouve \u00e0 deux pas de la gare Lille-Flandres, au <a href=\"https:\/\/goo.gl\/maps\/SNXpCP9t26u\" target=\"_blank\" rel=\"noopener noreferrer\">10 rue Saint-Genois<\/a>. L&#8217;atelier est ouvert du mardi au samedi, de 10h30 \u00e0 19h00 (hors vernissages).<\/p>\n<p>&nbsp;<\/p>\n<p style=\"text-align: right;\">Illustration de l&#8217;article \u00a9 Jim Colorex<\/p>\n<p>&nbsp;<\/p>\n<p>&nbsp;<\/p>\n","protected":false},"excerpt":{"rendered":"<p>&nbsp; &nbsp;&nbsp;&nbsp;&nbsp;&nbsp;Voil\u00e0 maintenant 30 ans qu&#8217;Emmanuel Fallet, alias Jim Colorex, exerce ses talents de peintre, d\u00e9corateur, illustrateur, notamment dans les registres mythologiques et f\u00e9eriques. \u00c0 cette occasion, venez d\u00e9couvrir un panel de ses r\u00e9alisations r\u00e9centes \u00e0 l&#8217;Atelier A3 du vendredi 9 au samedi 17 mars \u00e0 Lille. Une opportunit\u00e9 rare de voir r\u00e9unies une cinquantaine [&hellip;]<\/p>\n","protected":false},"author":67,"featured_media":0,"comment_status":"open","ping_status":"closed","sticky":false,"template":"","format":"standard","meta":{"footnotes":""},"categories":[124,131],"tags":[],"class_list":["post-9672","post","type-post","status-publish","format-standard","hentry","category-expositions","category-galeries-art"],"yoast_head":"<!-- This site is optimized with the Yoast SEO plugin v27.4 - https:\/\/yoast.com\/product\/yoast-seo-wordpress\/ -->\n<title>Exposition Jim Colorex \u00e0 l&#039;Atelier A3, Lille | Eric Bourdon<\/title>\n<meta name=\"description\" content=\"Exposition des 30 ans de peinture de Jim Colorex, sur le blog d&#039;Eric Bourdon. \u00c0 l\u2019Atelier A3, \u00e0 Lille, Emmanuel Fallet, alias Jim Colorex, d\u00e9voilera le 9 mars ses cr\u00e9ations r\u00e9centes dans les registres mythologiques et f\u00e9eriques. Une cinquantaine d&#039;\u0153uvres de l\u2019artiste peintre, d\u00e9corateur, illustrateur...\" \/>\n<meta name=\"robots\" content=\"index, follow, max-snippet:-1, max-image-preview:large, max-video-preview:-1\" \/>\n<link rel=\"canonical\" href=\"https:\/\/ericbourdon.fr\/art\/2018\/03\/06\/exposition-jim-colorex-atelier-a3-lille-eric-bourdon\/\" \/>\n<meta property=\"og:type\" content=\"article\" \/>\n<meta property=\"og:title\" content=\"Exposition Jim Colorex \u00e0 l&#039;Atelier A3, Lille | Eric Bourdon\" \/>\n<meta property=\"og:description\" content=\"Exposition des 30 ans de peinture de Jim Colorex, sur le blog d&#039;Eric Bourdon. \u00c0 l\u2019Atelier A3, \u00e0 Lille, Emmanuel Fallet, alias Jim Colorex, d\u00e9voilera le 9 mars ses cr\u00e9ations r\u00e9centes dans les registres mythologiques et f\u00e9eriques. Une cinquantaine d&#039;\u0153uvres de l\u2019artiste peintre, d\u00e9corateur, illustrateur...\" \/>\n<meta property=\"og:url\" content=\"https:\/\/ericbourdon.fr\/art\/2018\/03\/06\/exposition-jim-colorex-atelier-a3-lille-eric-bourdon\/\" \/>\n<meta property=\"og:site_name\" content=\"Eric Bourdon, artiste peintre contemporain \u00e0 Lille | Blog\" \/>\n<meta property=\"article:publisher\" content=\"https:\/\/www.facebook.com\/ArtbyEricBourdon\/\" \/>\n<meta property=\"article:author\" content=\"https:\/\/www.facebook.com\/ArtbyEricBourdon\/\" \/>\n<meta property=\"article:published_time\" content=\"2018-03-06T22:24:11+00:00\" \/>\n<meta property=\"article:modified_time\" content=\"2022-08-16T16:46:18+00:00\" \/>\n<meta property=\"og:image\" content=\"https:\/\/ericbourdon.fr\/art\/wp-content\/uploads\/2018\/03\/exposition-jim-colorex-atelier-a3-lille-eric-bourdon.jpg\" \/>\n<meta name=\"author\" content=\"Eric Bourdon\" \/>\n<meta name=\"twitter:label1\" content=\"Written by\" \/>\n\t<meta name=\"twitter:data1\" content=\"Eric Bourdon\" \/>\n\t<meta name=\"twitter:label2\" content=\"Est. reading time\" \/>\n\t<meta name=\"twitter:data2\" content=\"2 minutes\" \/>\n<script type=\"application\/ld+json\" class=\"yoast-schema-graph\">{\"@context\":\"https:\\\/\\\/schema.org\",\"@graph\":[{\"@type\":\"Article\",\"@id\":\"https:\\\/\\\/ericbourdon.fr\\\/art\\\/2018\\\/03\\\/06\\\/exposition-jim-colorex-atelier-a3-lille-eric-bourdon\\\/#article\",\"isPartOf\":{\"@id\":\"https:\\\/\\\/ericbourdon.fr\\\/art\\\/2018\\\/03\\\/06\\\/exposition-jim-colorex-atelier-a3-lille-eric-bourdon\\\/\"},\"author\":{\"name\":\"Eric Bourdon\",\"@id\":\"https:\\\/\\\/ericbourdon.fr\\\/art\\\/#\\\/schema\\\/person\\\/35997829794ccb4ff3a33684da4769f6\"},\"headline\":\"Exposition Jim Colorex \u00e0 l&#8217;Atelier A3, Lille\",\"datePublished\":\"2018-03-06T22:24:11+00:00\",\"dateModified\":\"2022-08-16T16:46:18+00:00\",\"mainEntityOfPage\":{\"@id\":\"https:\\\/\\\/ericbourdon.fr\\\/art\\\/2018\\\/03\\\/06\\\/exposition-jim-colorex-atelier-a3-lille-eric-bourdon\\\/\"},\"wordCount\":235,\"commentCount\":0,\"publisher\":{\"@id\":\"https:\\\/\\\/ericbourdon.fr\\\/art\\\/#\\\/schema\\\/person\\\/35997829794ccb4ff3a33684da4769f6\"},\"image\":{\"@id\":\"https:\\\/\\\/ericbourdon.fr\\\/art\\\/2018\\\/03\\\/06\\\/exposition-jim-colorex-atelier-a3-lille-eric-bourdon\\\/#primaryimage\"},\"thumbnailUrl\":\"https:\\\/\\\/ericbourdon.fr\\\/art\\\/wp-content\\\/uploads\\\/2018\\\/03\\\/exposition-jim-colorex-atelier-a3-lille-eric-bourdon.jpg\",\"articleSection\":[\"Expositions\",\"Galeries d\u2019art\"],\"inLanguage\":\"fr\",\"potentialAction\":[{\"@type\":\"CommentAction\",\"name\":\"Comment\",\"target\":[\"https:\\\/\\\/ericbourdon.fr\\\/art\\\/2018\\\/03\\\/06\\\/exposition-jim-colorex-atelier-a3-lille-eric-bourdon\\\/#respond\"]}]},{\"@type\":\"WebPage\",\"@id\":\"https:\\\/\\\/ericbourdon.fr\\\/art\\\/2018\\\/03\\\/06\\\/exposition-jim-colorex-atelier-a3-lille-eric-bourdon\\\/\",\"url\":\"https:\\\/\\\/ericbourdon.fr\\\/art\\\/2018\\\/03\\\/06\\\/exposition-jim-colorex-atelier-a3-lille-eric-bourdon\\\/\",\"name\":\"Exposition Jim Colorex \u00e0 l'Atelier A3, Lille | Eric Bourdon\",\"isPartOf\":{\"@id\":\"https:\\\/\\\/ericbourdon.fr\\\/art\\\/#website\"},\"primaryImageOfPage\":{\"@id\":\"https:\\\/\\\/ericbourdon.fr\\\/art\\\/2018\\\/03\\\/06\\\/exposition-jim-colorex-atelier-a3-lille-eric-bourdon\\\/#primaryimage\"},\"image\":{\"@id\":\"https:\\\/\\\/ericbourdon.fr\\\/art\\\/2018\\\/03\\\/06\\\/exposition-jim-colorex-atelier-a3-lille-eric-bourdon\\\/#primaryimage\"},\"thumbnailUrl\":\"https:\\\/\\\/ericbourdon.fr\\\/art\\\/wp-content\\\/uploads\\\/2018\\\/03\\\/exposition-jim-colorex-atelier-a3-lille-eric-bourdon.jpg\",\"datePublished\":\"2018-03-06T22:24:11+00:00\",\"dateModified\":\"2022-08-16T16:46:18+00:00\",\"description\":\"Exposition des 30 ans de peinture de Jim Colorex, sur le blog d'Eric Bourdon. \u00c0 l\u2019Atelier A3, \u00e0 Lille, Emmanuel Fallet, alias Jim Colorex, d\u00e9voilera le 9 mars ses cr\u00e9ations r\u00e9centes dans les registres mythologiques et f\u00e9eriques. Une cinquantaine d'\u0153uvres de l\u2019artiste peintre, d\u00e9corateur, illustrateur...\",\"breadcrumb\":{\"@id\":\"https:\\\/\\\/ericbourdon.fr\\\/art\\\/2018\\\/03\\\/06\\\/exposition-jim-colorex-atelier-a3-lille-eric-bourdon\\\/#breadcrumb\"},\"inLanguage\":\"fr\",\"potentialAction\":[{\"@type\":\"ReadAction\",\"target\":[\"https:\\\/\\\/ericbourdon.fr\\\/art\\\/2018\\\/03\\\/06\\\/exposition-jim-colorex-atelier-a3-lille-eric-bourdon\\\/\"]}]},{\"@type\":\"ImageObject\",\"inLanguage\":\"fr\",\"@id\":\"https:\\\/\\\/ericbourdon.fr\\\/art\\\/2018\\\/03\\\/06\\\/exposition-jim-colorex-atelier-a3-lille-eric-bourdon\\\/#primaryimage\",\"url\":\"https:\\\/\\\/ericbourdon.fr\\\/art\\\/wp-content\\\/uploads\\\/2018\\\/03\\\/exposition-jim-colorex-atelier-a3-lille-eric-bourdon.jpg\",\"contentUrl\":\"https:\\\/\\\/ericbourdon.fr\\\/art\\\/wp-content\\\/uploads\\\/2018\\\/03\\\/exposition-jim-colorex-atelier-a3-lille-eric-bourdon.jpg\",\"width\":440,\"height\":450,\"caption\":\"exposition jim colorex atelier a3 lille eric bourdon\"},{\"@type\":\"BreadcrumbList\",\"@id\":\"https:\\\/\\\/ericbourdon.fr\\\/art\\\/2018\\\/03\\\/06\\\/exposition-jim-colorex-atelier-a3-lille-eric-bourdon\\\/#breadcrumb\",\"itemListElement\":[{\"@type\":\"ListItem\",\"position\":1,\"name\":\"Eric Bourdon\",\"item\":\"https:\\\/\\\/ericbourdon.fr\"},{\"@type\":\"ListItem\",\"position\":2,\"name\":\"Blog\",\"item\":\"https:\\\/\\\/ericbourdon.fr\\\/art\\\/\"},{\"@type\":\"ListItem\",\"position\":3,\"name\":\"Expositions\",\"item\":\"https:\\\/\\\/ericbourdon.fr\\\/art\\\/categorie\\\/expositions\\\/\"},{\"@type\":\"ListItem\",\"position\":4,\"name\":\"Exposition Jim Colorex \u00e0 l&rsquo;Atelier A3, Lille\"}]},{\"@type\":\"WebSite\",\"@id\":\"https:\\\/\\\/ericbourdon.fr\\\/art\\\/#website\",\"url\":\"https:\\\/\\\/ericbourdon.fr\\\/art\\\/\",\"name\":\"Eric Bourdon, artiste peintre contemporain \u00e0 Lille | Blog\",\"description\":\"Peinture, dessin, arts et artistes... Actualit\u00e9s des galeries d&#039;art et expositions...\",\"publisher\":{\"@id\":\"https:\\\/\\\/ericbourdon.fr\\\/art\\\/#\\\/schema\\\/person\\\/35997829794ccb4ff3a33684da4769f6\"},\"potentialAction\":[{\"@type\":\"SearchAction\",\"target\":{\"@type\":\"EntryPoint\",\"urlTemplate\":\"https:\\\/\\\/ericbourdon.fr\\\/art\\\/?s={search_term_string}\"},\"query-input\":{\"@type\":\"PropertyValueSpecification\",\"valueRequired\":true,\"valueName\":\"search_term_string\"}}],\"inLanguage\":\"fr\"},{\"@type\":[\"Person\",\"Organization\"],\"@id\":\"https:\\\/\\\/ericbourdon.fr\\\/art\\\/#\\\/schema\\\/person\\\/35997829794ccb4ff3a33684da4769f6\",\"name\":\"Eric Bourdon\",\"image\":{\"@type\":\"ImageObject\",\"inLanguage\":\"fr\",\"@id\":\"https:\\\/\\\/ericbourdon.fr\\\/art\\\/wp-content\\\/uploads\\\/2021\\\/05\\\/eric-bourdon-artiste-peintre-francais-contemporain-lille-france.jpg\",\"url\":\"https:\\\/\\\/ericbourdon.fr\\\/art\\\/wp-content\\\/uploads\\\/2021\\\/05\\\/eric-bourdon-artiste-peintre-francais-contemporain-lille-france.jpg\",\"contentUrl\":\"https:\\\/\\\/ericbourdon.fr\\\/art\\\/wp-content\\\/uploads\\\/2021\\\/05\\\/eric-bourdon-artiste-peintre-francais-contemporain-lille-france.jpg\",\"width\":220,\"height\":220,\"caption\":\"Eric Bourdon\"},\"logo\":{\"@id\":\"https:\\\/\\\/ericbourdon.fr\\\/art\\\/wp-content\\\/uploads\\\/2021\\\/05\\\/eric-bourdon-artiste-peintre-francais-contemporain-lille-france.jpg\"},\"sameAs\":[\"https:\\\/\\\/ericbourdon.fr\\\/\",\"https:\\\/\\\/www.facebook.com\\\/ArtbyEricBourdon\\\/\",\"https:\\\/\\\/www.instagram.com\\\/eric.bourdon.art\\\/\",\"https:\\\/\\\/fr.linkedin.com\\\/in\\\/eric-bourdon\\\/fr\",\"https:\\\/\\\/www.pinterest.fr\\\/EricBourdonArt\\\/\",\"https:\\\/\\\/en.wikipedia.org\\\/wiki\\\/\u00c9ric_Bourdon\"]}]}<\/script>\n<!-- \/ Yoast SEO plugin. -->","yoast_head_json":{"title":"Exposition Jim Colorex \u00e0 l'Atelier A3, Lille | Eric Bourdon","description":"Exposition des 30 ans de peinture de Jim Colorex, sur le blog d'Eric Bourdon. \u00c0 l\u2019Atelier A3, \u00e0 Lille, Emmanuel Fallet, alias Jim Colorex, d\u00e9voilera le 9 mars ses cr\u00e9ations r\u00e9centes dans les registres mythologiques et f\u00e9eriques. Une cinquantaine d'\u0153uvres de l\u2019artiste peintre, d\u00e9corateur, illustrateur...","robots":{"index":"index","follow":"follow","max-snippet":"max-snippet:-1","max-image-preview":"max-image-preview:large","max-video-preview":"max-video-preview:-1"},"canonical":"https:\/\/ericbourdon.fr\/art\/2018\/03\/06\/exposition-jim-colorex-atelier-a3-lille-eric-bourdon\/","og_type":"article","og_title":"Exposition Jim Colorex \u00e0 l'Atelier A3, Lille | Eric Bourdon","og_description":"Exposition des 30 ans de peinture de Jim Colorex, sur le blog d'Eric Bourdon. \u00c0 l\u2019Atelier A3, \u00e0 Lille, Emmanuel Fallet, alias Jim Colorex, d\u00e9voilera le 9 mars ses cr\u00e9ations r\u00e9centes dans les registres mythologiques et f\u00e9eriques. Une cinquantaine d'\u0153uvres de l\u2019artiste peintre, d\u00e9corateur, illustrateur...","og_url":"https:\/\/ericbourdon.fr\/art\/2018\/03\/06\/exposition-jim-colorex-atelier-a3-lille-eric-bourdon\/","og_site_name":"Eric Bourdon, artiste peintre contemporain \u00e0 Lille | Blog","article_publisher":"https:\/\/www.facebook.com\/ArtbyEricBourdon\/","article_author":"https:\/\/www.facebook.com\/ArtbyEricBourdon\/","article_published_time":"2018-03-06T22:24:11+00:00","article_modified_time":"2022-08-16T16:46:18+00:00","og_image":[{"url":"https:\/\/ericbourdon.fr\/art\/wp-content\/uploads\/2018\/03\/exposition-jim-colorex-atelier-a3-lille-eric-bourdon.jpg","type":"","width":"","height":""}],"author":"Eric Bourdon","twitter_misc":{"Written by":"Eric Bourdon","Est. reading time":"2 minutes"},"schema":{"@context":"https:\/\/schema.org","@graph":[{"@type":"Article","@id":"https:\/\/ericbourdon.fr\/art\/2018\/03\/06\/exposition-jim-colorex-atelier-a3-lille-eric-bourdon\/#article","isPartOf":{"@id":"https:\/\/ericbourdon.fr\/art\/2018\/03\/06\/exposition-jim-colorex-atelier-a3-lille-eric-bourdon\/"},"author":{"name":"Eric Bourdon","@id":"https:\/\/ericbourdon.fr\/art\/#\/schema\/person\/35997829794ccb4ff3a33684da4769f6"},"headline":"Exposition Jim Colorex \u00e0 l&#8217;Atelier A3, Lille","datePublished":"2018-03-06T22:24:11+00:00","dateModified":"2022-08-16T16:46:18+00:00","mainEntityOfPage":{"@id":"https:\/\/ericbourdon.fr\/art\/2018\/03\/06\/exposition-jim-colorex-atelier-a3-lille-eric-bourdon\/"},"wordCount":235,"commentCount":0,"publisher":{"@id":"https:\/\/ericbourdon.fr\/art\/#\/schema\/person\/35997829794ccb4ff3a33684da4769f6"},"image":{"@id":"https:\/\/ericbourdon.fr\/art\/2018\/03\/06\/exposition-jim-colorex-atelier-a3-lille-eric-bourdon\/#primaryimage"},"thumbnailUrl":"https:\/\/ericbourdon.fr\/art\/wp-content\/uploads\/2018\/03\/exposition-jim-colorex-atelier-a3-lille-eric-bourdon.jpg","articleSection":["Expositions","Galeries d\u2019art"],"inLanguage":"fr","potentialAction":[{"@type":"CommentAction","name":"Comment","target":["https:\/\/ericbourdon.fr\/art\/2018\/03\/06\/exposition-jim-colorex-atelier-a3-lille-eric-bourdon\/#respond"]}]},{"@type":"WebPage","@id":"https:\/\/ericbourdon.fr\/art\/2018\/03\/06\/exposition-jim-colorex-atelier-a3-lille-eric-bourdon\/","url":"https:\/\/ericbourdon.fr\/art\/2018\/03\/06\/exposition-jim-colorex-atelier-a3-lille-eric-bourdon\/","name":"Exposition Jim Colorex \u00e0 l'Atelier A3, Lille | Eric Bourdon","isPartOf":{"@id":"https:\/\/ericbourdon.fr\/art\/#website"},"primaryImageOfPage":{"@id":"https:\/\/ericbourdon.fr\/art\/2018\/03\/06\/exposition-jim-colorex-atelier-a3-lille-eric-bourdon\/#primaryimage"},"image":{"@id":"https:\/\/ericbourdon.fr\/art\/2018\/03\/06\/exposition-jim-colorex-atelier-a3-lille-eric-bourdon\/#primaryimage"},"thumbnailUrl":"https:\/\/ericbourdon.fr\/art\/wp-content\/uploads\/2018\/03\/exposition-jim-colorex-atelier-a3-lille-eric-bourdon.jpg","datePublished":"2018-03-06T22:24:11+00:00","dateModified":"2022-08-16T16:46:18+00:00","description":"Exposition des 30 ans de peinture de Jim Colorex, sur le blog d'Eric Bourdon. \u00c0 l\u2019Atelier A3, \u00e0 Lille, Emmanuel Fallet, alias Jim Colorex, d\u00e9voilera le 9 mars ses cr\u00e9ations r\u00e9centes dans les registres mythologiques et f\u00e9eriques. Une cinquantaine d'\u0153uvres de l\u2019artiste peintre, d\u00e9corateur, illustrateur...","breadcrumb":{"@id":"https:\/\/ericbourdon.fr\/art\/2018\/03\/06\/exposition-jim-colorex-atelier-a3-lille-eric-bourdon\/#breadcrumb"},"inLanguage":"fr","potentialAction":[{"@type":"ReadAction","target":["https:\/\/ericbourdon.fr\/art\/2018\/03\/06\/exposition-jim-colorex-atelier-a3-lille-eric-bourdon\/"]}]},{"@type":"ImageObject","inLanguage":"fr","@id":"https:\/\/ericbourdon.fr\/art\/2018\/03\/06\/exposition-jim-colorex-atelier-a3-lille-eric-bourdon\/#primaryimage","url":"https:\/\/ericbourdon.fr\/art\/wp-content\/uploads\/2018\/03\/exposition-jim-colorex-atelier-a3-lille-eric-bourdon.jpg","contentUrl":"https:\/\/ericbourdon.fr\/art\/wp-content\/uploads\/2018\/03\/exposition-jim-colorex-atelier-a3-lille-eric-bourdon.jpg","width":440,"height":450,"caption":"exposition jim colorex atelier a3 lille eric bourdon"},{"@type":"BreadcrumbList","@id":"https:\/\/ericbourdon.fr\/art\/2018\/03\/06\/exposition-jim-colorex-atelier-a3-lille-eric-bourdon\/#breadcrumb","itemListElement":[{"@type":"ListItem","position":1,"name":"Eric Bourdon","item":"https:\/\/ericbourdon.fr"},{"@type":"ListItem","position":2,"name":"Blog","item":"https:\/\/ericbourdon.fr\/art\/"},{"@type":"ListItem","position":3,"name":"Expositions","item":"https:\/\/ericbourdon.fr\/art\/categorie\/expositions\/"},{"@type":"ListItem","position":4,"name":"Exposition Jim Colorex \u00e0 l&rsquo;Atelier A3, Lille"}]},{"@type":"WebSite","@id":"https:\/\/ericbourdon.fr\/art\/#website","url":"https:\/\/ericbourdon.fr\/art\/","name":"Eric Bourdon, artiste peintre contemporain \u00e0 Lille | Blog","description":"Peinture, dessin, arts et artistes... Actualit\u00e9s des galeries d&#039;art et expositions...","publisher":{"@id":"https:\/\/ericbourdon.fr\/art\/#\/schema\/person\/35997829794ccb4ff3a33684da4769f6"},"potentialAction":[{"@type":"SearchAction","target":{"@type":"EntryPoint","urlTemplate":"https:\/\/ericbourdon.fr\/art\/?s={search_term_string}"},"query-input":{"@type":"PropertyValueSpecification","valueRequired":true,"valueName":"search_term_string"}}],"inLanguage":"fr"},{"@type":["Person","Organization"],"@id":"https:\/\/ericbourdon.fr\/art\/#\/schema\/person\/35997829794ccb4ff3a33684da4769f6","name":"Eric Bourdon","image":{"@type":"ImageObject","inLanguage":"fr","@id":"https:\/\/ericbourdon.fr\/art\/wp-content\/uploads\/2021\/05\/eric-bourdon-artiste-peintre-francais-contemporain-lille-france.jpg","url":"https:\/\/ericbourdon.fr\/art\/wp-content\/uploads\/2021\/05\/eric-bourdon-artiste-peintre-francais-contemporain-lille-france.jpg","contentUrl":"https:\/\/ericbourdon.fr\/art\/wp-content\/uploads\/2021\/05\/eric-bourdon-artiste-peintre-francais-contemporain-lille-france.jpg","width":220,"height":220,"caption":"Eric Bourdon"},"logo":{"@id":"https:\/\/ericbourdon.fr\/art\/wp-content\/uploads\/2021\/05\/eric-bourdon-artiste-peintre-francais-contemporain-lille-france.jpg"},"sameAs":["https:\/\/ericbourdon.fr\/","https:\/\/www.facebook.com\/ArtbyEricBourdon\/","https:\/\/www.instagram.com\/eric.bourdon.art\/","https:\/\/fr.linkedin.com\/in\/eric-bourdon\/fr","https:\/\/www.pinterest.fr\/EricBourdonArt\/","https:\/\/en.wikipedia.org\/wiki\/\u00c9ric_Bourdon"]}]}},"_links":{"self":[{"href":"https:\/\/ericbourdon.fr\/art\/wp-json\/wp\/v2\/posts\/9672","targetHints":{"allow":["GET"]}}],"collection":[{"href":"https:\/\/ericbourdon.fr\/art\/wp-json\/wp\/v2\/posts"}],"about":[{"href":"https:\/\/ericbourdon.fr\/art\/wp-json\/wp\/v2\/types\/post"}],"author":[{"embeddable":true,"href":"https:\/\/ericbourdon.fr\/art\/wp-json\/wp\/v2\/users\/67"}],"replies":[{"embeddable":true,"href":"https:\/\/ericbourdon.fr\/art\/wp-json\/wp\/v2\/comments?post=9672"}],"version-history":[{"count":3,"href":"https:\/\/ericbourdon.fr\/art\/wp-json\/wp\/v2\/posts\/9672\/revisions"}],"predecessor-version":[{"id":13790,"href":"https:\/\/ericbourdon.fr\/art\/wp-json\/wp\/v2\/posts\/9672\/revisions\/13790"}],"wp:attachment":[{"href":"https:\/\/ericbourdon.fr\/art\/wp-json\/wp\/v2\/media?parent=9672"}],"wp:term":[{"taxonomy":"category","embeddable":true,"href":"https:\/\/ericbourdon.fr\/art\/wp-json\/wp\/v2\/categories?post=9672"},{"taxonomy":"post_tag","embeddable":true,"href":"https:\/\/ericbourdon.fr\/art\/wp-json\/wp\/v2\/tags?post=9672"}],"curies":[{"name":"wp","href":"https:\/\/api.w.org\/{rel}","templated":true}]}}